{"id":572480,"date":"2025-12-02T05:47:21","date_gmt":"2025-12-02T05:47:21","guid":{"rendered":"https:\/\/www.europesays.com\/fr\/572480\/"},"modified":"2025-12-02T05:47:21","modified_gmt":"2025-12-02T05:47:21","slug":"de-nombreux-retours-pour-lancer-la-champions-cup-les-sharks-peuvent-sinquieter","status":"publish","type":"post","link":"https:\/\/www.europesays.com\/fr\/572480\/","title":{"rendered":"de nombreux retours pour lancer la Champions Cup, les Sharks peuvent s\u2019inqui\u00e9ter"},"content":{"rendered":"<p>Le Stade Toulousain part \u00e0 la conqu\u00eate d\u2019une septi\u00e8me \u00e9toile. Club le plus titr\u00e9 de l\u2019histoire de la Champions Cup, les Rouge et Noir retrouvent l\u2019une de leur comp\u00e9tition favorite ce dimanche avec la r\u00e9ception des Sharks de Durban. Apr\u00e8s s\u2019\u00eatre inclin\u00e9 en demi-finale la saison pass\u00e9e face \u00e0 l\u2019UBB, les hommes d\u2019Ugo Mola seront revanchards et savent l\u2019importance de faire un parcours parfait en phase de poule pour se faciliter la t\u00e2che lors des matchs couperets.<\/p>\n<p>Les internationaux et Willis de retour<\/p>\n<p>Pour cette rencontre face aux Sud-Africains, Ugo Mola peut compter sur de nombreux retours comme le rapporte <a href=\"https:\/\/www.ladepeche.fr\/2025\/12\/01\/stade-toulousain-examens-pour-lebel-les-bleus-de-nouveau-sur-le-pont-et-un-retour-inattendu-le-point-avant-le-debut-de-la-champions-cup-13084042.php\" target=\"_blank\" rel=\"noopener\">La D\u00e9p\u00eache.<\/a> A commencer par clui des internationaux laiss\u00e9s au repos la semaine pass\u00e9e, \u00e0 savoir Julien Marchand, Dorian Aldegheri, Thibaud Flament,n Anthony Jelonch, Thomas Ramos, Naoto Saito et Blair Kinghorn.<\/p>\n<p><a href=\"https:\/\/www.quinzemondial.com\/top-14\/stade-toulousain-le-staff-donne-des-nouvelles-de-willis-apres-sa-blessure-820659\" target=\"_blank\" rel=\"noopener\">Touch\u00e9 face \u00e0 Montauban, Jack Willis<\/a> est aussi d\u00e9j\u00e0 apte et sera bien disponible, comme son comp\u00e8re en troisi\u00e8me-ligne Alexandre Roumat et Rodrigue Neti, absents face au Racing. En revanche, l\u2019incertitude plane pour Pierre-Louis Barassi et Santiago Chocobares, tous deux commotionn\u00e9s et dans l\u2019attente du dernier feu vert.<\/p>\n<p>Au rang des mauvaises nouvelles, <a href=\"https:\/\/www.quinzemondial.com\/top-14\/stade-toulousain-inquietude-pour-le-club-lebel-touche-a-la-main-820878\" target=\"_blank\" rel=\"noopener\">Matthis Lebel \u00e9tait absent<\/a> apr\u00e8s avoir \u00e9t\u00e9 touch\u00e9 \u00e0 la main lors de son deuxi\u00e8me essai contre le Racing. Il doit passer une radio avant d\u2019\u00eatre fix\u00e9.<\/p>\n<p>Partagez cette info avec vos amis et vos proches en cliquant ici<br \/>Pour r\u00e9sumer<\/p>\n<p>Le Stade Toulousain peut compter sur les retours de nombreux internationaux ce lundi \u00e0 Ernest-Wallon, \u00e0 quelques jours de lancer leur saison de Champions Cup. Les Rouge et Noir re\u00e7oivent les Sharks de Durban pour le compte de la premi\u00e8re journ\u00e9e.<\/p>\n<p> <img decoding=\"async\" width=\"76\" height=\"76\" loading=\"lazy\" src=\"https:\/\/www.europesays.com\/fr\/wp-content\/uploads\/2025\/04\/avatar-quinze.png\" alt=\"Arnaud D\u00e9chelotte\"\/><\/p>\n","protected":false},"excerpt":{"rendered":"Le Stade Toulousain part \u00e0 la conqu\u00eate d\u2019une septi\u00e8me \u00e9toile. Club le plus titr\u00e9 de l\u2019histoire de la&hellip;\n","protected":false},"author":2,"featured_media":572481,"comment_status":"","ping_status":"","sticky":false,"template":"","format":"standard","meta":{"footnotes":""},"categories":[1416],"tags":[1011,27,479,1468,60,476,478],"class_list":{"0":"post-572480","1":"post","2":"type-post","3":"status-publish","4":"format-standard","5":"has-post-thumbnail","7":"category-rugby","8":"tag-fr","9":"tag-france","10":"tag-rugby","11":"tag-rugby-football","12":"tag-sports","13":"tag-stade-toulousain","14":"tag-top-14"},"share_on_mastodon":{"url":"https:\/\/pubeurope.com\/@fr\/115648400834668907","error":""},"_links":{"self":[{"href":"https:\/\/www.europesays.com\/fr\/wp-json\/wp\/v2\/posts\/572480","targetHints":{"allow":["GET"]}}],"collection":[{"href":"https:\/\/www.europesays.com\/fr\/wp-json\/wp\/v2\/posts"}],"about":[{"href":"https:\/\/www.europesays.com\/fr\/wp-json\/wp\/v2\/types\/post"}],"author":[{"embeddable":true,"href":"https:\/\/www.europesays.com\/fr\/wp-json\/wp\/v2\/users\/2"}],"replies":[{"embeddable":true,"href":"https:\/\/www.europesays.com\/fr\/wp-json\/wp\/v2\/comments?post=572480"}],"version-history":[{"count":0,"href":"https:\/\/www.europesays.com\/fr\/wp-json\/wp\/v2\/posts\/572480\/revisions"}],"wp:featuredmedia":[{"embeddable":true,"href":"https:\/\/www.europesays.com\/fr\/wp-json\/wp\/v2\/media\/572481"}],"wp:attachment":[{"href":"https:\/\/www.europesays.com\/fr\/wp-json\/wp\/v2\/media?parent=572480"}],"wp:term":[{"taxonomy":"category","embeddable":true,"href":"https:\/\/www.europesays.com\/fr\/wp-json\/wp\/v2\/categories?post=572480"},{"taxonomy":"post_tag","embeddable":true,"href":"https:\/\/www.europesays.com\/fr\/wp-json\/wp\/v2\/tags?post=572480"}],"curies":[{"name":"wp","href":"https:\/\/api.w.org\/{rel}","templated":true}]}}