{"id":572486,"date":"2025-12-02T05:53:14","date_gmt":"2025-12-02T05:53:14","guid":{"rendered":"https:\/\/www.europesays.com\/fr\/572486\/"},"modified":"2025-12-02T05:53:14","modified_gmt":"2025-12-02T05:53:14","slug":"doue-oublie-man-city-vient-punir-le-psg","status":"publish","type":"post","link":"https:\/\/www.europesays.com\/fr\/572486\/","title":{"rendered":"Dou\u00e9 oubli\u00e9, Man City vient punir le PSG"},"content":{"rendered":"<p><b>Le PSG adore D\u00e9sir\u00e9 Dou\u00e9 mais n&rsquo;a pas encore d\u00e9clench\u00e9 de n\u00e9gociations pour prolonger son contrat. Manchester City le sait et veut tenter le coup pour recruter le champion d&rsquo;Europe fran\u00e7ais. <\/b><\/p>\n<p>Le Paris Saint-Germain est un club qui a d\u00e9cid\u00e9 de miser sur la jeunesse depuis l&rsquo;arriv\u00e9e de Luis Enrique. Parmi les recrues r\u00e9centes parisiennes : D\u00e9sir\u00e9 Dou\u00e9. S&rsquo;il a eu un peu de mal au d\u00e9marrage, l&rsquo;ancien du Stade Rennais est vite mont\u00e9 en puissance jusqu&rsquo;\u00e0 devenir un incontournable de l&rsquo;\u00e9quipe du <a href=\"https:\/\/www.foot01.com\/ligue1\/psg-lens-paris-s-envole-mais-croque-encore-un-max-d-occasions-444923\" target=\"_self\" rel=\"noopener\">PSG<\/a>. D\u00e9sir\u00e9 Dou\u00e9 vient d&rsquo;ailleurs de remporter le Golden Boy, r\u00e9compensant sa saison pass\u00e9e XXL et ses deux buts en finale de la Ligue des champions. Ses prouesses ne passent pas inaper\u00e7ues en Europe puisque Manchester City est tr\u00e8s chaud \u00e0 l&rsquo;id\u00e9e de le recruter.Manchester City ne l\u00e2che pas l&rsquo;affaire\u00a0<\/p>\n<p>Selon les informations de Fichajes, les Skyblues insistent pour s\u00e9duire le crack fran\u00e7ais. Des approches auraient lieu depuis pas mal de semaines aupr\u00e8s de son entourage pour prendre la temp\u00e9rature. Il s&rsquo;av\u00e8re que Dou\u00e9 est int\u00e9ress\u00e9 par la perspective de rejoindre un jour la Premier League. Mais difficile de le voir quitter prochainement les champions d&rsquo;Europe. Ces derniers, conscients de l&rsquo;int\u00e9r\u00eat de City, voudront rapidement passer la seconde pour prolonger le contrat du natif d&rsquo;Angers, qui expirera en juin 2029 pour ainsi augmenter son salaire. A noter qu&rsquo;avant de prolonger Dou\u00e9, Paris a d&rsquo;autres priorit\u00e9s au niveau des prolongations de contrat.<\/p>\n<p>La saison actuelle sera importante pour le joueur offensif du Paris Saint-Germain, qui est actuellement bless\u00e9. Le crack de 20 ans esp\u00e8re se lancer du mieux possible pour disputer la Coupe du monde 2026 avec l&rsquo;\u00e9quipe de France mais aussi r\u00e9it\u00e9rer les exploits de l&rsquo;exercice pr\u00e9c\u00e9dent avec le PSG.<\/p>\n<p>Mais une chose semble claire, tant que Dou\u00e9 n&rsquo;aura pas prolong\u00e9, Manchester City sera l\u00e0 pour tenter sa chance. Pep Guardiola adore son profil et le juge compatible avec son projet. R\u00e9cemment, les Anglais ont en plus r\u00e9ussi \u00e0 recruter Gianluigi Donnarumma en provenance de la capitale, ce qui doit donner un peu de confiance suppl\u00e9mentaire. Mais contrairement \u00e0 ce qui \u00e9tait le cas pour l&rsquo;Italien, le PSG ne veut pas se s\u00e9parer d&rsquo;un Dou\u00e9 \u00e0 peine lanc\u00e9 et d\u00e9j\u00e0 si d\u00e9cisif.<\/p>\n","protected":false},"excerpt":{"rendered":"Le PSG adore D\u00e9sir\u00e9 Dou\u00e9 mais n&rsquo;a pas encore d\u00e9clench\u00e9 de n\u00e9gociations pour prolonger son contrat. Manchester City&hellip;\n","protected":false},"author":2,"featured_media":572487,"comment_status":"","ping_status":"","sticky":false,"template":"","format":"standard","meta":{"footnotes":""},"categories":[1410],"tags":[63,1011,27,1434,93,60],"class_list":{"0":"post-572486","1":"post","2":"type-post","3":"status-publish","4":"format-standard","5":"has-post-thumbnail","7":"category-football","8":"tag-football","9":"tag-fr","10":"tag-france","11":"tag-mercato","12":"tag-psg","13":"tag-sports"},"share_on_mastodon":{"url":"https:\/\/pubeurope.com\/@fr\/115648424077025210","error":""},"_links":{"self":[{"href":"https:\/\/www.europesays.com\/fr\/wp-json\/wp\/v2\/posts\/572486","targetHints":{"allow":["GET"]}}],"collection":[{"href":"https:\/\/www.europesays.com\/fr\/wp-json\/wp\/v2\/posts"}],"about":[{"href":"https:\/\/www.europesays.com\/fr\/wp-json\/wp\/v2\/types\/post"}],"author":[{"embeddable":true,"href":"https:\/\/www.europesays.com\/fr\/wp-json\/wp\/v2\/users\/2"}],"replies":[{"embeddable":true,"href":"https:\/\/www.europesays.com\/fr\/wp-json\/wp\/v2\/comments?post=572486"}],"version-history":[{"count":0,"href":"https:\/\/www.europesays.com\/fr\/wp-json\/wp\/v2\/posts\/572486\/revisions"}],"wp:featuredmedia":[{"embeddable":true,"href":"https:\/\/www.europesays.com\/fr\/wp-json\/wp\/v2\/media\/572487"}],"wp:attachment":[{"href":"https:\/\/www.europesays.com\/fr\/wp-json\/wp\/v2\/media?parent=572486"}],"wp:term":[{"taxonomy":"category","embeddable":true,"href":"https:\/\/www.europesays.com\/fr\/wp-json\/wp\/v2\/categories?post=572486"},{"taxonomy":"post_tag","embeddable":true,"href":"https:\/\/www.europesays.com\/fr\/wp-json\/wp\/v2\/tags?post=572486"}],"curies":[{"name":"wp","href":"https:\/\/api.w.org\/{rel}","templated":true}]}}