{"id":572492,"date":"2025-12-02T05:57:30","date_gmt":"2025-12-02T05:57:30","guid":{"rendered":"https:\/\/www.europesays.com\/fr\/572492\/"},"modified":"2025-12-02T05:57:30","modified_gmt":"2025-12-02T05:57:30","slug":"ann-ming-le-combat-dune-mere-the-abandons-et-stranger-things","status":"publish","type":"post","link":"https:\/\/www.europesays.com\/fr\/572492\/","title":{"rendered":"\u00ab\u00a0Ann Ming. Le combat d\u2019une m\u00e8re\u00a0\u00bb, \u00ab\u00a0The Abandons\u00a0\u00bb et \u00ab\u00a0Stranger Things\u00a0\u00bb"},"content":{"rendered":"\n<p class=\"article__fact article__fact--false\">LA LISTE DE LA MATINALE<\/p>\n<p>                     <img loading=\"lazy\" decoding=\"async\" src=\"https:\/\/www.europesays.com\/fr\/wp-content\/uploads\/2025\/12\/5cc33b0_upload-1-i6wtbhsqlw2b-4953b957699e7b09f7d2ba8f19518598.jpg\" alt=\"Sheridan Smith et Daniel York dans \u00ab\u00a0Ann Ming\u00a0: Le combat d\u2019une m\u00e8re\u00a0\u00bb.\"   width=\"664\" height=\"443\"\/>    Sheridan Smith et Daniel York dans \u00ab\u00a0Ann Ming\u00a0: Le combat d\u2019une m\u00e8re\u00a0\u00bb.  HERA PICTURES\/ITV                 <\/p>\n<p class=\"article__paragraph  \">Les s\u00e9ries de la semaine proposent de choisir entre deux versions de la maternit\u00e9\u00a0; l\u2019une, r\u00e9paratrice et consolatrice, dans l\u2019Angleterre contemporaine, l\u2019autre, vengeresse et destructrice, dans l\u2019Ouest am\u00e9ricain du XIXe\u00a0si\u00e8cle. Mais on pourra aussi s\u2019int\u00e9resser aux enfants \u2013 qui n\u2019en sont plus vraiment, les acteurs ayant vieilli plus vite que les personnages \u2013 en lutte contre les forces du mal.<\/p>\n<p>                \u00ab\u00a0Ann Ming. Le combat d\u2019une m\u00e8re\u00a0\u00bb\u00a0: justice pour Julie Hoog           <\/p>\n<p class=\"article__paragraph  \">C\u2019\u00e9taient les ann\u00e9es 1980, mais, m\u00eame \u00e0 l\u2019\u00e9poque, il fallait \u00eatre sacr\u00e9ment incomp\u00e9tent pour chercher pendant trois\u00a0mois le corps d\u2019une jeune femme disparue alors que son cadavre \u00e9tait cach\u00e9 dans le coffre de la baignoire de sa propre maison, pourtant pass\u00e9e au peigne fin par les policiers. Cette absurdit\u00e9 n\u2019est malheureusement pas la seule \u00e0 avoir entach\u00e9 le dossier de la mort de Julie Hogg, une Anglaise de 22\u00a0ans assassin\u00e9e en\u00a01989\u00a0par un voisin dont elle avait refus\u00e9 les avances. Emprisonn\u00e9 pour d\u2019autres faits, l\u2019homme ne sera condamn\u00e9 pour le meurtre de Julie que gr\u00e2ce au combat de la m\u00e8re de la victime, Ann Ming, qui r\u00e9ussit \u00e0 faire \u00e9voluer la loi britannique.<\/p>\n<p class=\"reading-mode-only \"><strong>Il vous reste 77.79% de cet article \u00e0 lire. La suite est r\u00e9serv\u00e9e aux abonn\u00e9s.<\/strong><\/p>\n","protected":false},"excerpt":{"rendered":"LA LISTE DE LA MATINALE Sheridan Smith et Daniel York dans \u00ab\u00a0Ann Ming\u00a0: Le combat d\u2019une m\u00e8re\u00a0\u00bb. HERA&hellip;\n","protected":false},"author":2,"featured_media":572493,"comment_status":"","ping_status":"","sticky":false,"template":"","format":"standard","meta":{"footnotes":""},"categories":[1356],"tags":[58,59,1011,27,252,1364],"class_list":{"0":"post-572492","1":"post","2":"type-post","3":"status-publish","4":"format-standard","5":"has-post-thumbnail","7":"category-television","8":"tag-divertissement","9":"tag-entertainment","10":"tag-fr","11":"tag-france","12":"tag-television","13":"tag-tv"},"share_on_mastodon":{"url":"https:\/\/pubeurope.com\/@fr\/115648440256270557","error":""},"_links":{"self":[{"href":"https:\/\/www.europesays.com\/fr\/wp-json\/wp\/v2\/posts\/572492","targetHints":{"allow":["GET"]}}],"collection":[{"href":"https:\/\/www.europesays.com\/fr\/wp-json\/wp\/v2\/posts"}],"about":[{"href":"https:\/\/www.europesays.com\/fr\/wp-json\/wp\/v2\/types\/post"}],"author":[{"embeddable":true,"href":"https:\/\/www.europesays.com\/fr\/wp-json\/wp\/v2\/users\/2"}],"replies":[{"embeddable":true,"href":"https:\/\/www.europesays.com\/fr\/wp-json\/wp\/v2\/comments?post=572492"}],"version-history":[{"count":0,"href":"https:\/\/www.europesays.com\/fr\/wp-json\/wp\/v2\/posts\/572492\/revisions"}],"wp:featuredmedia":[{"embeddable":true,"href":"https:\/\/www.europesays.com\/fr\/wp-json\/wp\/v2\/media\/572493"}],"wp:attachment":[{"href":"https:\/\/www.europesays.com\/fr\/wp-json\/wp\/v2\/media?parent=572492"}],"wp:term":[{"taxonomy":"category","embeddable":true,"href":"https:\/\/www.europesays.com\/fr\/wp-json\/wp\/v2\/categories?post=572492"},{"taxonomy":"post_tag","embeddable":true,"href":"https:\/\/www.europesays.com\/fr\/wp-json\/wp\/v2\/tags?post=572492"}],"curies":[{"name":"wp","href":"https:\/\/api.w.org\/{rel}","templated":true}]}}