{"id":572497,"date":"2025-12-02T06:00:15","date_gmt":"2025-12-02T06:00:15","guid":{"rendered":"https:\/\/www.europesays.com\/fr\/572497\/"},"modified":"2025-12-02T06:00:15","modified_gmt":"2025-12-02T06:00:15","slug":"seul-cet-ingredient-booste-vraiment-les-oeufs-en-hiver-les-eleveurs-ladorent","status":"publish","type":"post","link":"https:\/\/www.europesays.com\/fr\/572497\/","title":{"rendered":"Seul cet ingr\u00e9dient booste vraiment les \u0153ufs en hiver : les \u00e9leveurs l\u2019adorent"},"content":{"rendered":"<p>Pourquoi les poules pondent<br \/>\nmoins en hiver<\/p>\n<p data-start=\"498\" data-end=\"770\">Ce n\u2019est pas une question de<br \/>\nparesse : en hiver, les <a href=\"https:\/\/www.modesettravaux.fr\/viepratique\/animaux\/vos-poules-ne-pondent-plus-ce-petit-geste-a-faire-le-matin-va-relancer-la-ponte-160640.html\" target=\"_blank\" rel=\"noopener\"><br \/>\npoules<\/a> d\u00e9pensent plus d\u2019\u00e9nergie \u00e0 se r\u00e9chauffer qu\u2019\u00e0 fabriquer<br \/>\ndes \u0153ufs. Leur m\u00e9tabolisme change, leurs besoins \u00e9nerg\u00e9tiques<br \/>\naugmentent, et la lumi\u00e8re du jour \u2014 indispensable pour stimuler la<br \/>\nponte \u2014 se fait rare.<\/p>\n<p data-start=\"772\" data-end=\"1155\">Selon l\u2019Institut national de<br \/>\nrecherche pour l\u2019agriculture, l\u2019alimentation et l\u2019environnement<br \/>\n(INRAE), une poule a besoin d\u2019au moins 14 heures de lumi\u00e8re pour<br \/>\nmaintenir un cycle de ponte r\u00e9gulier. Sous nos latitudes, la<br \/>\nlumi\u00e8re naturelle tombe souvent en dessous de ce seuil d\u00e8s<br \/>\nnovembre. R\u00e9sultat : moins de calories disponibles, moins de<br \/>\nvitamines D\u2026 et donc moins d\u2019\u0153ufs.<\/p>\n<p data-start=\"1157\" data-end=\"1293\">Mais l\u2019alimentation joue un<br \/>\nr\u00f4le tout aussi crucial que la lumi\u00e8re. Une carence, m\u00eame l\u00e9g\u00e8re,<br \/>\npeut faire chuter la ponte de 30 \u00e0 40 %.<\/p>\n<p>Le secret des \u00e9leveurs :<br \/>\nl\u2019apport en prot\u00e9ines<\/p>\n<p data-start=\"1348\" data-end=\"1689\">L\u2019ingr\u00e9dient miracle, c\u2019est la<br \/>\nprot\u00e9ine. En hiver, elle devient le carburant indispensable \u00e0 la<br \/>\nproduction d\u2019\u0153ufs. Lorsque les insectes et les vers se font rares,<br \/>\nles poules manquent de ces acides amin\u00e9s essentiels. Pour<br \/>\ncompenser, les \u00e9leveurs ajoutent \u00e0 leur ration quotidienne des<br \/>\naliments riches en prot\u00e9ines v\u00e9g\u00e9tales et animales.<\/p>\n<p data-start=\"1691\" data-end=\"1720\">Quelques exemples simples<br \/>\n:<\/p>\n<ul data-start=\"1721\" data-end=\"2043\">\n<li data-start=\"1721\" data-end=\"1809\">\n<p data-start=\"1723\" data-end=\"1809\">Les graines de tournesol ou de<br \/>\nlin, parfaites pour l\u2019\u00e9nergie et les acides gras.<\/p>\n<\/li>\n<li data-start=\"1810\" data-end=\"1910\">\n<p data-start=\"1812\" data-end=\"1910\">Les l\u00e9gumineuses (pois,<br \/>\nlentilles, haricots cuits), faciles \u00e0 dig\u00e9rer et tr\u00e8s<br \/>\nnourrissantes.<\/p>\n<\/li>\n<li data-start=\"1911\" data-end=\"2043\">\n<p data-start=\"1913\" data-end=\"2043\">Les restes de viande bien<br \/>\ncuite ou de poisson, donn\u00e9s avec mod\u00e9ration, qui stimulent la<br \/>\nproduction d\u2019\u0153ufs en quelques jours.<\/p>\n<\/li>\n<\/ul>\n<p data-start=\"2045\" data-end=\"2088\">Pierre, un petit \u00e9leveur<br \/>\nbreton, confie :<\/p>\n<blockquote data-start=\"2089\" data-end=\"2245\">\n<p data-start=\"2091\" data-end=\"2245\">\u00ab D\u00e8s que j\u2019ajoute des graines<br \/>\nde tournesol \u00e0 la ration, je vois la diff\u00e9rence. En une semaine,<br \/>\nmes poules recommencent \u00e0 pondre presque comme en \u00e9t\u00e9. \u00bb<\/p>\n<\/blockquote>\n<p>L\u2019\u00e9nergie : l\u2019autre alli\u00e9e de<br \/>\nla saison froide<\/p>\n<p data-start=\"2300\" data-end=\"2587\">Les <a href=\"https:\/\/www.modesettravaux.fr\/beaute-bien-etre\/minceur\/skyr-trop-cher-ce-yaourt-tout-aussi-proteine-est-3-fois-moins-cher-il-defie-meme-les-prix-lidl-133109.html\" target=\"_blank\" rel=\"noopener\"><br \/>\nprot\u00e9ines<\/a> seules ne suffisent pas. Pour affronter le froid, les<br \/>\npoules ont besoin de graisses, qui servent \u00e0 maintenir leur<br \/>\ntemp\u00e9rature corporelle. Le ma\u00efs reste l\u2019un des meilleurs aliments \u00e0<br \/>\ncet effet. Riche en lipides, il fournit une source d\u2019\u00e9nergie rapide<br \/>\net naturelle.<\/p>\n<p data-start=\"2589\" data-end=\"2769\">Les graines ol\u00e9agineuses,<br \/>\ncomme celles de tournesol ou de lin, peuvent aussi \u00eatre donn\u00e9es en<br \/>\ncompl\u00e9ment \u2014 mais en petite quantit\u00e9 pour \u00e9viter de d\u00e9s\u00e9quilibrer<br \/>\nl\u2019alimentation.<\/p>\n<p>Les vitamines et min\u00e9raux :<br \/>\nla touche finale<\/p>\n<p data-start=\"2822\" data-end=\"3059\">L\u2019hiver, les poules ont<br \/>\nsouvent moins acc\u00e8s \u00e0 l\u2019herbe fra\u00eeche et aux insectes. Il faut donc<br \/>\ncompenser cette perte en apportant des vitamines et du calcium,<br \/>\nessentiels pour la qualit\u00e9 de la coquille et le maintien de leur<br \/>\nsant\u00e9.<\/p>\n<p data-start=\"3061\" data-end=\"3089\">Quelques astuces simples :<\/p>\n<ul data-start=\"3090\" data-end=\"3420\">\n<li data-start=\"3090\" data-end=\"3162\">\n<p data-start=\"3092\" data-end=\"3162\">Donner r\u00e9guli\u00e8rement des<br \/>\nl\u00e9gumes verts (chou, \u00e9pinards, salade).<\/p>\n<\/li>\n<li data-start=\"3163\" data-end=\"3270\">\n<p data-start=\"3165\" data-end=\"3270\">Ajouter des coquilles<br \/>\nd\u2019hu\u00eetres broy\u00e9es dans la mangeoire pour renforcer la solidit\u00e9 des<br \/>\ncoquilles.<\/p>\n<\/li>\n<li data-start=\"3271\" data-end=\"3420\">\n<p data-start=\"3273\" data-end=\"3420\">Distribuer de temps \u00e0 autre un<br \/>\ncompl\u00e9ment min\u00e9ral ou un peu de vinaigre de cidre dilu\u00e9 dans l\u2019eau,<br \/>\nexcellent pour la digestion et l\u2019immunit\u00e9.<\/p>\n<\/li>\n<\/ul>\n<p>Am\u00e9liorer l\u2019environnement du<br \/>\npoulailler<\/p>\n<p data-start=\"3468\" data-end=\"3574\">Une alimentation \u00e9quilibr\u00e9e ne<br \/>\nsuffit pas sans un environnement adapt\u00e9. Trois \u00e9l\u00e9ments sont<br \/>\nessentiels :<\/p>\n<ul data-start=\"3576\" data-end=\"3953\">\n<li data-start=\"3576\" data-end=\"3719\">\n<p data-start=\"3578\" data-end=\"3719\">La chaleur : un poulailler<br \/>\nisol\u00e9, sans courant d\u2019air, est indispensable. Inutile de le<br \/>\nsurchauffer : 10 \u00b0C suffisent pour leur confort.<\/p>\n<\/li>\n<li data-start=\"3720\" data-end=\"3843\">\n<p data-start=\"3722\" data-end=\"3843\">La lumi\u00e8re : si possible,<br \/>\ninstallez une lampe douce pour prolonger artificiellement la<br \/>\njourn\u00e9e d\u2019une heure ou deux.<\/p>\n<\/li>\n<li data-start=\"3844\" data-end=\"3953\">\n<p data-start=\"3846\" data-end=\"3953\">La propret\u00e9 : un nettoyage<br \/>\nr\u00e9gulier \u00e9vite le stress et les maladies, deux grands ennemis de la<br \/>\nponte.<\/p>\n<\/li>\n<\/ul>\n<p data-start=\"3955\" data-end=\"4134\">L\u2019Agence nationale de s\u00e9curit\u00e9<br \/>\nsanitaire (ANSES) rappelle qu\u2019un poulailler humide ou mal entretenu<br \/>\npeut r\u00e9duire la ponte de moiti\u00e9 et favoriser les infections<br \/>\nrespiratoires.<\/p>\n<p>Les<br \/>\npetites astuces des \u00e9leveurs pour garder la cadence<\/p>\n<ul data-start=\"4198\" data-end=\"4600\">\n<li data-start=\"4198\" data-end=\"4339\">\n<p data-start=\"4200\" data-end=\"4339\">Eau non gel\u00e9e : l\u2019eau glac\u00e9e<br \/>\nbloque la digestion et r\u00e9duit la ponte. Placez les abreuvoirs \u00e0<br \/>\nl\u2019abri ou utilisez un petit chauffe-eau.<\/p>\n<\/li>\n<li data-start=\"4340\" data-end=\"4454\">\n<p data-start=\"4342\" data-end=\"4454\">Graines germ\u00e9es : plus riches<br \/>\nen vitamines que les graines s\u00e8ches, elles donnent un coup de fouet<br \/>\nnaturel.<\/p>\n<\/li>\n<li data-start=\"4455\" data-end=\"4600\">\n<p data-start=\"4457\" data-end=\"4600\">Ambiance calme : le stress est<br \/>\nun facteur sous-estim\u00e9. Un poulailler paisible et sans bruits<br \/>\nbrusques favorise la r\u00e9gularit\u00e9 de la ponte.<\/p>\n<\/li>\n<\/ul>\n<p data-start=\"4602\" data-end=\"4671\">Marie, qui \u00e9l\u00e8ve une dizaine<br \/>\nde poules dans le Jura, l\u2019a remarqu\u00e9 :<\/p>\n<blockquote data-start=\"4672\" data-end=\"4868\">\n<p data-start=\"4674\" data-end=\"4868\">\u00ab L\u2019hiver dernier, j\u2019ai<br \/>\nsimplement ajout\u00e9 un peu de ma\u00efs et de tournesol \u00e0 leur<br \/>\nalimentation, et j\u2019ai laiss\u00e9 une lampe allum\u00e9e deux heures le soir.<br \/>\nJ\u2019ai eu des \u0153ufs tout l\u2019hiver, sans pause. \u00bb<\/p>\n<\/blockquote>\n<p data-start=\"4870\" data-end=\"5125\">En somme, pas besoin de<br \/>\nproduits miracles ni de compl\u00e9ments hors de prix. Le secret tient<br \/>\ndans un \u00e9quilibre : un peu plus de prot\u00e9ines, un peu plus de<br \/>\nlumi\u00e8re, et beaucoup d\u2019attention. Vos poules vous le rendront,<br \/>\nchaque matin, par un <a href=\"https:\/\/www.modesettravaux.fr\/viepratique\/animaux\/vous-imaginez-quun-oeuf-cest-petit-attendez-de-voir-ce-que-ce-serpent-en-fait-reellement-882-151080.html\" target=\"_blank\" rel=\"noopener\"><br \/>\n\u0153uf<\/a> bien dor\u00e9.<\/p>\n","protected":false},"excerpt":{"rendered":"Pourquoi les poules pondent moins en hiver Ce n\u2019est pas une question de paresse : en hiver, les&hellip;\n","protected":false},"author":2,"featured_media":572498,"comment_status":"","ping_status":"","sticky":false,"template":"","format":"standard","meta":{"footnotes":""},"categories":[10],"tags":[39668,1011,27,72,71],"class_list":{"0":"post-572497","1":"post","2":"type-post","3":"status-publish","4":"format-standard","5":"has-post-thumbnail","7":"category-sante","8":"tag-discop","9":"tag-fr","10":"tag-france","11":"tag-health","12":"tag-sante"},"share_on_mastodon":{"url":"https:\/\/pubeurope.com\/@fr\/115648451296895209","error":""},"_links":{"self":[{"href":"https:\/\/www.europesays.com\/fr\/wp-json\/wp\/v2\/posts\/572497","targetHints":{"allow":["GET"]}}],"collection":[{"href":"https:\/\/www.europesays.com\/fr\/wp-json\/wp\/v2\/posts"}],"about":[{"href":"https:\/\/www.europesays.com\/fr\/wp-json\/wp\/v2\/types\/post"}],"author":[{"embeddable":true,"href":"https:\/\/www.europesays.com\/fr\/wp-json\/wp\/v2\/users\/2"}],"replies":[{"embeddable":true,"href":"https:\/\/www.europesays.com\/fr\/wp-json\/wp\/v2\/comments?post=572497"}],"version-history":[{"count":0,"href":"https:\/\/www.europesays.com\/fr\/wp-json\/wp\/v2\/posts\/572497\/revisions"}],"wp:featuredmedia":[{"embeddable":true,"href":"https:\/\/www.europesays.com\/fr\/wp-json\/wp\/v2\/media\/572498"}],"wp:attachment":[{"href":"https:\/\/www.europesays.com\/fr\/wp-json\/wp\/v2\/media?parent=572497"}],"wp:term":[{"taxonomy":"category","embeddable":true,"href":"https:\/\/www.europesays.com\/fr\/wp-json\/wp\/v2\/categories?post=572497"},{"taxonomy":"post_tag","embeddable":true,"href":"https:\/\/www.europesays.com\/fr\/wp-json\/wp\/v2\/tags?post=572497"}],"curies":[{"name":"wp","href":"https:\/\/api.w.org\/{rel}","templated":true}]}}