{"id":572504,"date":"2025-12-02T06:04:09","date_gmt":"2025-12-02T06:04:09","guid":{"rendered":"https:\/\/www.europesays.com\/fr\/572504\/"},"modified":"2025-12-02T06:04:09","modified_gmt":"2025-12-02T06:04:09","slug":"leditorial-de-gaetan-de-capele-la-cour-des-comptes-et-limposition-des-riches-un-copier-coller-du-catalogue-socialiste-le-figaro","status":"publish","type":"post","link":"https:\/\/www.europesays.com\/fr\/572504\/","title":{"rendered":"L\u2019\u00e9ditorial de Ga\u00ebtan de Cap\u00e8le : \u00abLa Cour des comptes et l\u2019imposition des riches, un copier-coller du catalogue socialiste\u00bb &#8211; Le Figaro"},"content":{"rendered":"<ol>\n<li><a href=\"https:\/\/news.google.com\/rss\/articles\/CBMi-AFBVV95cUxPN1huczhFZGJlSEZoU3ZLdEdsYWhKQlZRUmtkSldLVmpudEtCdkFVR09qQThucWgyNzhmaG5fNmw0VXFJM2NSOXhVSlJGMi1PMzllNzE0VGliYV94T0VqVWN1VXdqLUNGRVNjdE9oNmQyWXJYV0F4aGI5ZF9kS1hVXy0tcGIxTlJ4TmxKMHlmbFdTVkc1NkxmTDAwRE5vX2QxVlY1X01QaDZIeWRjcWg5SnVIa19UeldERHRYZ2pCcTV3NXhseWs2b2xDR21tbkxFOEhsSWZrcF9OVENpWHdTbF9SSWkxM3RMci1nVXE2VzhYRklldndzRg?oc=5\" target=\"_blank\" rel=\"noopener\">L\u2019\u00e9ditorial de Ga\u00ebtan de Cap\u00e8le : \u00abLa Cour des comptes et l\u2019imposition des riches, un copier-coller du catalogue socialiste\u00bb<\/a>&nbsp;&nbsp;Le Figaro<\/li>\n<li><a href=\"https:\/\/news.google.com\/rss\/articles\/CBMi4gFBVV95cUxQM25pM2s4LXotTk9JTGZtOTF6TnhmeDlQVW1CSHJoblYtSDZhSnAySTVCbnY0R0dGb0xqRDdyYXJwNFJXS3phZE5OdTFiRmFkWVpzcFFZRGpKZEJTREc0OHRIY1ZkTnFMcjh2S2p1bFUtR1ZpcXV5dHg1WkpXNmpoZ2xqNjVNRHNMeUlPRHE2T0o0aVJmNGl0T1hhZEY4SmdCeW16cUQ3clN3Y1N1X2E3bmVNSER6SkMxUEx3U1Jwa2JOejBBRzZRYVpUTWlycmhBLUFsUUlPRFFyanl5TDdSVFNB?oc=5\" target=\"_blank\" rel=\"noopener\">Donations, h\u00e9ritages, taxe fonci\u00e8re : le rapport qui propose un big bang fiscal<\/a>&nbsp;&nbsp;Le Monde.fr<\/li>\n<li><a href=\"https:\/\/news.google.com\/rss\/articles\/CBMixgJBVV95cUxQYnllR0hrZTk3YmUxblFFenp0LWRwZU80YVIyMDdCMzlTZnVwUDRLaThjU3c3S1pWbGhzZkZGTzNsODd2cndheXZJcmZuX28zTUpLUFM2cHl5dklFWjJnSDFUZF8wZ2d1OXdiN1NYRHFkdFB1RTd1dlFxUTY3bHRmbmdFYTBlSlNEMXBlTzlRcEpZRnBqNHF2b1pRWmo1WEo1VnlaSzlXOFpxYWQ3bU5yTDl4SW5Vbm0wazVHUWhnVWVOM08tUDBkbFN2ZF93TjNqelAtdmwwRmM5NkJOZTh3dkNFakppUDZkYWxCazNOTTlkWjVpQ2c1ZGttdjVKQVBWNWU4RWRWR2g2bHZuSHdWeHlJNE1veTJJV3VtRFpzdkZuejd6TmJCbmZDZjBLc2ZFdWJTMUZCREotWmswTEpWQTQ4UVU1UQ?oc=5\" target=\"_blank\" rel=\"noopener\">Le livret A est trop int\u00e9ressant: la Cour des comptes recommande de baisser son plafond (22.950 euros aujourd&rsquo;hui) et de taxer l&rsquo;\u00e9pargne au-del\u00e0<\/a>&nbsp;&nbsp;BFM<\/li>\n<li><a href=\"https:\/\/news.google.com\/rss\/articles\/CBMi1AFBVV95cUxOaTRFVXZRc2VNV0hxdE1hLUlVRDFHQVZhRkpCRTdRaXhlYWFkalJTN0RUVmRWQWVaR3RBdTVhRWtEaml1eV96eW11STM1YTR5dFhmbnV6aVJRSGNxbXhFeDhDc05XZTBIMXRtNmRaN3J0cEloLXJzYWtERThKRW5uNFhESFFLcTFyZnBpZ0cxQ09iN05LZFF3NDFhZFBjZlEzN1dVU3lMODB0MEZaYzkyajlFTFdpWVdfMjVzMkdFX1l4Q3pKNWJuTW1DcGZRSGRVVmhSWg?oc=5\" target=\"_blank\" rel=\"noopener\">Imp\u00f4ts : le rapport explosif qui relance le d\u00e9bat sur les hauts patrimoines<\/a>&nbsp;&nbsp;Les Echos<\/li>\n<li><a href=\"https:\/\/news.google.com\/rss\/articles\/CBMi9wFBVV95cUxQXzNhY2FSanE2UVdrWmFudkIzZUhiZWhXVGlkQ2VSbGxVOThvbkxHU3RyX3pYdlBoSTNpMGp4bFVlZTlCQzFoV3o4QkY4Wm54YnJaSC1iTU9Fa2FqV0F4b2lIUk5NbFNnVmg2aVkzMGhGTU1hSTUzZ3Rrd3N0OFhaeWpPYkJUNnM0ZmdfSFBWZGszMnEtZmYxSDIxcGplU1k2V3dZbm83VzJPQ0YtUWN5eTlmbTFWODV4TzNfbFQwVTB2cE9wcTQtQzNnR2F6WE1lYldPNWRWd3d5aDloZi0zZXpLQ1lYZ0M2ZndqTWZWeVp4MTllTDRN?oc=5\" target=\"_blank\" rel=\"noopener\">\u00abUn travail de sape\u00bb : les milieux patronaux furieux des recommandations de la Cour des comptes sur la taxation des plus ais\u00e9s<\/a>&nbsp;&nbsp;Le Figaro<\/li>\n<\/ol>\n","protected":false},"excerpt":{"rendered":"L\u2019\u00e9ditorial de Ga\u00ebtan de Cap\u00e8le : \u00abLa Cour des comptes et l\u2019imposition des riches, un copier-coller du catalogue&hellip;\n","protected":false},"author":2,"featured_media":395849,"comment_status":"","ping_status":"","sticky":false,"template":"","format":"standard","meta":{"footnotes":""},"categories":[6],"tags":[35,33,34,1011,27],"class_list":{"0":"post-572504","1":"post","2":"type-post","3":"status-publish","4":"format-standard","5":"has-post-thumbnail","7":"category-economie","8":"tag-business","9":"tag-economie","10":"tag-economy","11":"tag-fr","12":"tag-france"},"share_on_mastodon":{"url":"https:\/\/pubeurope.com\/@fr\/115648467090623303","error":""},"_links":{"self":[{"href":"https:\/\/www.europesays.com\/fr\/wp-json\/wp\/v2\/posts\/572504","targetHints":{"allow":["GET"]}}],"collection":[{"href":"https:\/\/www.europesays.com\/fr\/wp-json\/wp\/v2\/posts"}],"about":[{"href":"https:\/\/www.europesays.com\/fr\/wp-json\/wp\/v2\/types\/post"}],"author":[{"embeddable":true,"href":"https:\/\/www.europesays.com\/fr\/wp-json\/wp\/v2\/users\/2"}],"replies":[{"embeddable":true,"href":"https:\/\/www.europesays.com\/fr\/wp-json\/wp\/v2\/comments?post=572504"}],"version-history":[{"count":0,"href":"https:\/\/www.europesays.com\/fr\/wp-json\/wp\/v2\/posts\/572504\/revisions"}],"wp:featuredmedia":[{"embeddable":true,"href":"https:\/\/www.europesays.com\/fr\/wp-json\/wp\/v2\/media\/395849"}],"wp:attachment":[{"href":"https:\/\/www.europesays.com\/fr\/wp-json\/wp\/v2\/media?parent=572504"}],"wp:term":[{"taxonomy":"category","embeddable":true,"href":"https:\/\/www.europesays.com\/fr\/wp-json\/wp\/v2\/categories?post=572504"},{"taxonomy":"post_tag","embeddable":true,"href":"https:\/\/www.europesays.com\/fr\/wp-json\/wp\/v2\/tags?post=572504"}],"curies":[{"name":"wp","href":"https:\/\/api.w.org\/{rel}","templated":true}]}}