{"id":572509,"date":"2025-12-02T06:07:14","date_gmt":"2025-12-02T06:07:14","guid":{"rendered":"https:\/\/www.europesays.com\/fr\/572509\/"},"modified":"2025-12-02T06:07:14","modified_gmt":"2025-12-02T06:07:14","slug":"la-voie-etroite-de-sebastien-lecornu-lance-dans-ses-dernieres-tractations","status":"publish","type":"post","link":"https:\/\/www.europesays.com\/fr\/572509\/","title":{"rendered":"la voie \u00e9troite de S\u00e9bastien Lecornu, lanc\u00e9 dans ses derni\u00e8res tractations"},"content":{"rendered":"<p>\n    <strong>ANALYSE <\/strong>&#8211; L\u2019Assembl\u00e9e reprend mardi ses d\u00e9bats d\u00e9cisifs sur le budget de la S\u00e9cu. Le PS affirme \u00ab\u200aprogresser\u00a0\u00bb vers un compromis.<\/p>\n<p class=\"fig-paragraph\">La semaine de\u00a0<a href=\"https:\/\/www.lefigaro.fr\/tag\/sebastien-lecornu\" target=\"_blank\" rel=\"sponsored noopener\" data-gtm-custom-categorie=\"navigation\" data-gtm-custom-action=\"crossclick\" data-gtm-custom-label=\"Contextuel\" data-gtm-event=\"customEventSPE\">S\u00e9bastien Lecornu<\/a>\u00a0a bien commenc\u00e9. Apr\u00e8s plus d\u2019une heure d\u2019entretien avec les dirigeants socialistes, lundi 1er\u00a0d\u00e9cembre, le chef du gouvernement a vu ses invit\u00e9s adopter un ton encourageant. \u00ab\u00a0Nous pouvons dire que nous progressons, que nous sommes dans une approche qui peut permettre d\u2019aboutir \u00e0 un compromis\u00a0\u00bb, a lanc\u00e9 le num\u00e9ro un du Parti socialiste (PS),\u00a0<a href=\"https:\/\/video.lefigaro.fr\/figaro\/economie\/olivier-faure-charge-lfi-et-le-rn-apres-leur-vote-contre-la-partie-recettes-du-budget-de-la-securite-sociale-20251108\" data-fig-type=\"Video\" data-gtm-custom-categorie=\"navigation\" data-gtm-custom-action=\"crossclick\" data-gtm-custom-label=\"Contextuel\" data-gtm-event=\"customEventSPE\" data-fig-domain=\"LEFIGARO\" target=\"_blank\" rel=\"noopener\">Olivier Faure<\/a>, au sortir de l\u2019H\u00f4tel de Matignon. Tout en pr\u00e9cisant que \u00ab\u00a0nous n\u2019en sommes pas encore l\u00e0\u00a0\u00bb.<\/p>\n<p class=\"fig-paragraph\">\u00c0 ses convives\u00a0<a href=\"http:\/\/www.lefigaro.fr\/elections\/municipales\/municipales-2026-entre-socialistes-et-ecologistes-la-delicate-question-des-alliances-20251130\" data-fig-type=\"Article\" data-gtm-custom-categorie=\"navigation\" data-gtm-custom-action=\"crossclick\" data-gtm-custom-label=\"Contextuel\" data-gtm-event=\"customEventSPE\" data-fig-domain=\"LEFIGARO\" target=\"_blank\" rel=\"noopener\">socialistes<\/a>, puis communistes un peu plus tard, le premier ministre a r\u00e9affirm\u00e9 qu\u2019il reste pr\u00eat \u00e0 suspendre la r\u00e9forme des retraites. Il saura rapidement si ses concessions aboutissent \u00e0 une victoire. L\u2019Assembl\u00e9e nationale, qui examine \u00e0 partir de ce mardi le projet de loi de financement de la S\u00e9curit\u00e9 sociale (PLFSS), en deuxi\u00e8me lecture, doit se prononcer sur la totalit\u00e9 du texte mardi 9\u00a0d\u00e9cembre. Un nouveau vote sur la \u00ab\u00a0partie recettes\u00a0\u00bb &#8211; adopt\u00e9e le 8\u00a0novembre mais largement modifi\u00e9e\u2026<\/p>\n<p class=\"fig-premium-paywall__infos\">\n        Cet article est r\u00e9serv\u00e9 aux abonn\u00e9s.        Il vous reste 83% \u00e0 d\u00e9couvrir.\n    <\/p>\n<p>                <img  data- alt=\"Le Figaro\" class=\"fig-img--complete fig-img\"\/><\/p>\n<p class=\"fig-premium-paywall__title\">Vous avez envie de lire la suite ?<\/p>\n<p class=\"fig-premium-paywall__subtitle\">D\u00e9bloquez tous les articles imm\u00e9diatement.<\/p>\n<p class=\"fig-premium-paywall__connect\">\n                D\u00e9j\u00e0 abonn\u00e9\u00a0?                <a class=\"fig-premium-paywall__connect-link\" href=\"https:\/\/connect.lefigaro.fr\/login?client=horizon_web&amp;type=main&amp;redirect_uri=https%3A%2F%2Fwww.lefigaro.fr%2Fpolitique%2Fbudget-retraites-la-voie-etroite-de-sebastien-lecornu-lance-dans-ses-dernieres-tractations-20251201\" data-js-gtm=\"{&quot;customCategorie&quot;: &quot;conversion&quot;, &quot;customAction&quot;: &quot;before_Landing_Connexion_paywall_auto&quot;, &quot;customLabel&quot;: &quot;bGVmaWdhcm8uZnJfXzFmMGNlYjFkLWMyZDEtNjhjYS1iNWI1LWRkZmM0YjVmNzY2ZF9fQXJ0aWNsZQ==_Budget, retraites\u00a0: la voie \u00e9troite de S\u00e9bastien Lecornu, lanc\u00e9 dans ses derni\u00e8res tractations_512&quot;, &quot;customIDSPE&quot;: &quot;bGVmaWdhcm8uZnJfXzFmMGNlYjFkLWMyZDEtNjhjYS1iNWI1LWRkZmM0YjVmNzY2ZF9fQXJ0aWNsZQ==&quot;, &quot;event&quot;: &quot;customEventSPE&quot;}\" target=\"_blank\" rel=\"noopener\"><br \/>\n                    Connectez-vous<br \/>\n                <\/a>\n            <\/p>\n","protected":false},"excerpt":{"rendered":"ANALYSE &#8211; L\u2019Assembl\u00e9e reprend mardi ses d\u00e9bats d\u00e9cisifs sur le budget de la S\u00e9cu. Le PS affirme \u00ab\u200aprogresser\u00a0\u00bb&hellip;\n","protected":false},"author":2,"featured_media":572510,"comment_status":"","ping_status":"","sticky":false,"template":"","format":"standard","meta":{"footnotes":""},"categories":[2],"tags":[11,1003,1011,27,418,12,11067],"class_list":{"0":"post-572509","1":"post","2":"type-post","3":"status-publish","4":"format-standard","5":"has-post-thumbnail","7":"category-actualites","8":"tag-actualites","9":"tag-budget","10":"tag-fr","11":"tag-france","12":"tag-gouvernement","13":"tag-news","14":"tag-sebastien-lecornu"},"share_on_mastodon":{"url":"https:\/\/pubeurope.com\/@fr\/115648478787845884","error":""},"_links":{"self":[{"href":"https:\/\/www.europesays.com\/fr\/wp-json\/wp\/v2\/posts\/572509","targetHints":{"allow":["GET"]}}],"collection":[{"href":"https:\/\/www.europesays.com\/fr\/wp-json\/wp\/v2\/posts"}],"about":[{"href":"https:\/\/www.europesays.com\/fr\/wp-json\/wp\/v2\/types\/post"}],"author":[{"embeddable":true,"href":"https:\/\/www.europesays.com\/fr\/wp-json\/wp\/v2\/users\/2"}],"replies":[{"embeddable":true,"href":"https:\/\/www.europesays.com\/fr\/wp-json\/wp\/v2\/comments?post=572509"}],"version-history":[{"count":0,"href":"https:\/\/www.europesays.com\/fr\/wp-json\/wp\/v2\/posts\/572509\/revisions"}],"wp:featuredmedia":[{"embeddable":true,"href":"https:\/\/www.europesays.com\/fr\/wp-json\/wp\/v2\/media\/572510"}],"wp:attachment":[{"href":"https:\/\/www.europesays.com\/fr\/wp-json\/wp\/v2\/media?parent=572509"}],"wp:term":[{"taxonomy":"category","embeddable":true,"href":"https:\/\/www.europesays.com\/fr\/wp-json\/wp\/v2\/categories?post=572509"},{"taxonomy":"post_tag","embeddable":true,"href":"https:\/\/www.europesays.com\/fr\/wp-json\/wp\/v2\/tags?post=572509"}],"curies":[{"name":"wp","href":"https:\/\/api.w.org\/{rel}","templated":true}]}}