{"id":572515,"date":"2025-12-02T06:10:10","date_gmt":"2025-12-02T06:10:10","guid":{"rendered":"https:\/\/www.europesays.com\/fr\/572515\/"},"modified":"2025-12-02T06:10:10","modified_gmt":"2025-12-02T06:10:10","slug":"un-magasin-ephemere-va-ouvrir-cette-semaine-pres-de-nancy","status":"publish","type":"post","link":"https:\/\/www.europesays.com\/fr\/572515\/","title":{"rendered":"un magasin \u00e9ph\u00e9m\u00e8re va ouvrir cette semaine pr\u00e8s de Nancy"},"content":{"rendered":"<p>                    Par<br \/>\n        <strong><br \/>\n            <a href=\"https:\/\/actu.fr\/auteur\/amandine-mehl\" title=\"Consulter tous les articles de Amandine Mehl\" target=\"_blank\" rel=\"noopener\">Amandine Mehl<\/a><br \/>\n                    <\/strong><\/p>\n<p>        Publi\u00e9 le<\/p>\n<p>            2 d\u00e9c. 2025 \u00e0 7h02        <\/p>\n<p>Alors que le <a href=\"https:\/\/actu.fr\/economie\/ca-joue-sur-le-cout-de-la-vie-bientot-le-black-friday-2025-voici-combien-les-francais-vont-depenser_63477789.html\" target=\"_blank\" rel=\"noopener\">Black Friday<\/a> vient tout juste de se terminer, ce <a href=\"https:\/\/actu.fr\/tag\/bons-plans-a-nancy\" target=\"_blank\" rel=\"noopener\">bon plan<\/a> pr\u00e8s de <strong>Nancy<\/strong> va vous permettre de continuer de faire de <strong>bonnes affaires<\/strong>. Du mercredi 3 au dimanche 7 d\u00e9cembre 2025, <strong>Le Hangar ventes priv\u00e9es<\/strong> va ouvrir une <strong>boutique \u00e9ph\u00e9m\u00e8re<\/strong>.\u00a0<\/p>\n<p class=\" wall-content\">Un espace de<strong> 800 m\u00b2<\/strong> proposant des <strong>v\u00eatements<\/strong> et des <strong>chaussures<\/strong> de <strong>grandes marques \u00e0 prix cass\u00e9s<\/strong>.<\/p>\n<p>Des articles d\u00e8s 5 \u20ac<\/p>\n<p class=\" wall-content\">Le rendez-vous est donn\u00e9 au 3 rue de la Vieille Pierre, \u00e0 <strong>Frouard<\/strong>. Affich\u00e9s<strong> \u00e0 partir de 5 \u20ac et jusqu\u2019\u00e0 69,90 \u20ac<\/strong>, les articles sont \u00e0 destination des hommes, des femmes et des enfants. Parmi les marques que les clients pourront trouver, on peut notamment citer <strong>Adidas<\/strong>, <strong>Nike<\/strong>, <strong>Puma<\/strong> ou encore <strong>Under Armour<\/strong>.<\/p>\n<p class=\" wall-content\">Les quantit\u00e9s \u00e9tant limit\u00e9es, l\u2019organisateur pr\u00e9cise que les <strong>premiers arriv\u00e9s seront les premiers servis<\/strong>.<\/p>\n<p>Le Hangar ventes priv\u00e9es<br \/>3 rue de la Vieille Pierre, 54 390, Frouard<br \/>Mercredi au samedi : 10h \u2013 19h30<br \/>Dimanche : 11h \u2013 18h.<\/p>\n<p class=\" wall-content\">Personnalisez votre actualit\u00e9 en ajoutant vos villes et m\u00e9dias en favori avec <a href=\"https:\/\/moncompte.actu.fr\" title=\"D\u00e9couvez Mon Actu\" rel=\"nofollow noopener\" data-trk=\"{&quot;cta&quot;:{&quot;action&quot;:&quot;https:\\\/\\\/moncompte.actu.fr&quot;,&quot;category&quot;:&quot;mon compte&quot;,&quot;from&quot;:&quot;article footer&quot;,&quot;name&quot;:&quot;Mon actu&quot;,&quot;type&quot;:&quot;cta&quot;}}\" target=\"_blank\">Mon Actu<\/a>.<\/p>\n","protected":false},"excerpt":{"rendered":"Par Amandine Mehl Publi\u00e9 le 2 d\u00e9c. 2025 \u00e0 7h02 Alors que le Black Friday vient tout juste&hellip;\n","protected":false},"author":2,"featured_media":572516,"comment_status":"","ping_status":"","sticky":false,"template":"","format":"standard","meta":{"footnotes":""},"categories":[9635],"tags":[1111,11,11226,1777,674,1011,27,775,1702,12,25,104],"class_list":{"0":"post-572515","1":"post","2":"type-post","3":"status-publish","4":"format-standard","5":"has-post-thumbnail","7":"category-nancy","8":"tag-actu","9":"tag-actualites","10":"tag-bons-plans-a-nancy","11":"tag-eu","12":"tag-europe","13":"tag-fr","14":"tag-france","15":"tag-grand-est","16":"tag-nancy","17":"tag-news","18":"tag-republique-francaise","19":"tag-societe"},"share_on_mastodon":{"url":"https:\/\/pubeurope.com\/@fr\/115648490700908587","error":""},"_links":{"self":[{"href":"https:\/\/www.europesays.com\/fr\/wp-json\/wp\/v2\/posts\/572515","targetHints":{"allow":["GET"]}}],"collection":[{"href":"https:\/\/www.europesays.com\/fr\/wp-json\/wp\/v2\/posts"}],"about":[{"href":"https:\/\/www.europesays.com\/fr\/wp-json\/wp\/v2\/types\/post"}],"author":[{"embeddable":true,"href":"https:\/\/www.europesays.com\/fr\/wp-json\/wp\/v2\/users\/2"}],"replies":[{"embeddable":true,"href":"https:\/\/www.europesays.com\/fr\/wp-json\/wp\/v2\/comments?post=572515"}],"version-history":[{"count":0,"href":"https:\/\/www.europesays.com\/fr\/wp-json\/wp\/v2\/posts\/572515\/revisions"}],"wp:featuredmedia":[{"embeddable":true,"href":"https:\/\/www.europesays.com\/fr\/wp-json\/wp\/v2\/media\/572516"}],"wp:attachment":[{"href":"https:\/\/www.europesays.com\/fr\/wp-json\/wp\/v2\/media?parent=572515"}],"wp:term":[{"taxonomy":"category","embeddable":true,"href":"https:\/\/www.europesays.com\/fr\/wp-json\/wp\/v2\/categories?post=572515"},{"taxonomy":"post_tag","embeddable":true,"href":"https:\/\/www.europesays.com\/fr\/wp-json\/wp\/v2\/tags?post=572515"}],"curies":[{"name":"wp","href":"https:\/\/api.w.org\/{rel}","templated":true}]}}