{"id":572517,"date":"2025-12-02T06:11:14","date_gmt":"2025-12-02T06:11:14","guid":{"rendered":"https:\/\/www.europesays.com\/fr\/572517\/"},"modified":"2025-12-02T06:11:14","modified_gmt":"2025-12-02T06:11:14","slug":"infographie-qui-a-le-plus-haut-des-des-sapins-de-noel-du-grand-est","status":"publish","type":"post","link":"https:\/\/www.europesays.com\/fr\/572517\/","title":{"rendered":"Infographie. Qui a le plus haut des des sapins de No\u00ebl du Grand Est\u00a0?"},"content":{"rendered":"<p>Ils sont sur toutes les publications Insta ou TikTok, stars illumin\u00e9s en cette p\u00e9riode de f\u00eate\u00a0: les sapins de No\u00ebl se multiplient dans toutes les villes du Grand Est.\u00a0<\/p>\n<p>Ils sont plus ou moins hauts, en fonction des choix des communes. Un tour d&rsquo;horizon des diff\u00e9rents sites de presse quotidienne r\u00e9gionale nous a permis d&rsquo;\u00e9tablir un classement loin de toute exhaustivit\u00e9.<\/p>\n<p>Strasbourg emporte la palme, haut la main, avec son conif\u00e8re qui culmine \u00e0 30 m\u00e8tres de haut. Vieux de 60 ans, il a \u00e9t\u00e9 coup\u00e9 en Moselle, \u00e0 Saint-Quirin.<\/p>\n<p>Un sapin artificiel \u00e0 Troyes<\/p>\n<p>Viennent ensuite en tir group\u00e9 Reims, Sarrebourg, Charleville-M\u00e9zi\u00e8res et <a href=\"https:\/\/www.estrepublicain.fr\/insolite\/2025\/11\/06\/nancy-la-belle-histoire-qui-se-cache-derriere-le-sapin-installe-place-stanislas\" target=\"_blank\" rel=\"noopener\">Nancy<\/a>, avec des arbres qui fr\u00f4lent la vingtaine de m\u00e8tres.\u00a0<\/p>\n<p>Troyes est en queue de peloton, mais avec une structure artificielle\u00a0: petit, il n&rsquo;en affiche pas moins 20 000 LED comme illuminations.<\/p>\n<p>Quant au\u00a0sapin de Metz, il n&rsquo;appara\u00eet pas dans notre infographie: une fois de plus, les Mosellans <a href=\"https:\/\/www.estrepublicain.fr\/sport\/2023\/12\/24\/dix-choses-que-vous-trouverez-a-nancy-et-pas-a-metz\" target=\"_blank\" rel=\"noopener\">ne font rien comme les autres<\/a> et cr\u00e9ent un sapin de No\u00ebl \u00e0 partir d&rsquo;un ensemble de sapins plus petits. Cela explique sa forme parfaite.\u00a0<\/p>\n","protected":false},"excerpt":{"rendered":"Ils sont sur toutes les publications Insta ou TikTok, stars illumin\u00e9s en cette p\u00e9riode de f\u00eate\u00a0: les sapins&hellip;\n","protected":false},"author":2,"featured_media":572518,"comment_status":"","ping_status":"","sticky":false,"template":"","format":"standard","meta":{"footnotes":""},"categories":[9635],"tags":[1111,11,1687,1707,1704,1706,1705,10174,1777,674,1011,27,775,1757,3457,1702,12,3456,25],"class_list":{"0":"post-572517","1":"post","2":"type-post","3":"status-publish","4":"format-standard","5":"has-post-thumbnail","7":"category-nancy","8":"tag-actu","9":"tag-actualites","10":"tag-culture-loisirs","11":"tag-edition-luneville","12":"tag-edition-nancy-et-agglomeration","13":"tag-edition-pont-a-mousson","14":"tag-edition-toul","15":"tag-edition-verdun","16":"tag-eu","17":"tag-europe","18":"tag-fr","19":"tag-france","20":"tag-grand-est","21":"tag-insolite","22":"tag-meurthe-et-moselle","23":"tag-nancy","24":"tag-news","25":"tag-region-lorraine","26":"tag-republique-francaise"},"share_on_mastodon":{"url":"https:\/\/pubeurope.com\/@fr\/115648494530233364","error":""},"_links":{"self":[{"href":"https:\/\/www.europesays.com\/fr\/wp-json\/wp\/v2\/posts\/572517","targetHints":{"allow":["GET"]}}],"collection":[{"href":"https:\/\/www.europesays.com\/fr\/wp-json\/wp\/v2\/posts"}],"about":[{"href":"https:\/\/www.europesays.com\/fr\/wp-json\/wp\/v2\/types\/post"}],"author":[{"embeddable":true,"href":"https:\/\/www.europesays.com\/fr\/wp-json\/wp\/v2\/users\/2"}],"replies":[{"embeddable":true,"href":"https:\/\/www.europesays.com\/fr\/wp-json\/wp\/v2\/comments?post=572517"}],"version-history":[{"count":0,"href":"https:\/\/www.europesays.com\/fr\/wp-json\/wp\/v2\/posts\/572517\/revisions"}],"wp:featuredmedia":[{"embeddable":true,"href":"https:\/\/www.europesays.com\/fr\/wp-json\/wp\/v2\/media\/572518"}],"wp:attachment":[{"href":"https:\/\/www.europesays.com\/fr\/wp-json\/wp\/v2\/media?parent=572517"}],"wp:term":[{"taxonomy":"category","embeddable":true,"href":"https:\/\/www.europesays.com\/fr\/wp-json\/wp\/v2\/categories?post=572517"},{"taxonomy":"post_tag","embeddable":true,"href":"https:\/\/www.europesays.com\/fr\/wp-json\/wp\/v2\/tags?post=572517"}],"curies":[{"name":"wp","href":"https:\/\/api.w.org\/{rel}","templated":true}]}}