{"id":572519,"date":"2025-12-02T06:12:11","date_gmt":"2025-12-02T06:12:11","guid":{"rendered":"https:\/\/www.europesays.com\/fr\/572519\/"},"modified":"2025-12-02T06:12:11","modified_gmt":"2025-12-02T06:12:11","slug":"ces-sujets-preoccupent-les-habitants-du-mourillon-a-toulon","status":"publish","type":"post","link":"https:\/\/www.europesays.com\/fr\/572519\/","title":{"rendered":"ces sujets pr\u00e9occupent les habitants du Mourillon \u00e0 Toulon"},"content":{"rendered":"<p class=\"fs-5 \">Le mauvais \u00e9tat de la voirie, l\u2019ins\u00e9curit\u00e9, la pollution li\u00e9e aux ferries et les nuisances sonores. Voici, dans l\u2019ordre d\u2019importance, les sujets qui pr\u00e9occupent le plus les habitants du Mourillon. C\u2019est du moins ce qui ressort d\u2019une consultation men\u00e9e ce mois-ci par le Comit\u00e9 d\u2019int\u00e9r\u00eat local (CIL) du quartier aupr\u00e8s de ses adh\u00e9rents. Objectif du sondage : identifier les probl\u00e8mes et, dans un second temps, soumettre ces dol\u00e9ances aux candidats d\u00e9clar\u00e9s ou non aux municipales.<\/p>\n<p class=\"fs-5 \">\u00ab On n\u2019avait pas forc\u00e9ment anticip\u00e9 le fait que les Mourillonnais se plaignent autant du bruit \u00bb, explique Daniel Garcin, le pr\u00e9sident du CIL. \u00ab Mais c\u2019est ainsi : les gens du quartier sont exc\u00e9d\u00e9s par le vacarme la nuit, par les bars et restaurants qui ne respectent pas les niveaux de d\u00e9cibels autoris\u00e9s, par les sonos des voitures, par les motos, par le tapage de ceux qui boivent jusqu\u2019au petit matin sur la voie publique\u2026 \u00bb<\/p>\n<p>                                                                                \u00ab Pour l\u2019animation, contre l\u2019exag\u00e9ration \u00bb<\/p>\n<p class=\"fs-5 \">Pour en arriver \u00e0 ces conclusions, l\u2019association s\u2019est appuy\u00e9e sur les r\u00e9ponses de 152 de ses adh\u00e9rents. Peu, finalement, au regard des 1750 (1) qu\u2019elle revendique. \u00ab \u00c0 l\u2019\u00e9chelle du quartier, cela reste repr\u00e9sentatif de ce que pensent nos membres \u00bb, estime n\u00e9anmoins Catherine Jean. La secr\u00e9taire de la structure \u00e9voque m\u00eame des \u00ab nuisances tr\u00e8s typ\u00e9es \u00bb. Bref, des r\u00e9ponses qui reviennent en boucle chez les sond\u00e9s.<\/p>\n<p class=\"fs-5 \">Que faire une fois ce constat pos\u00e9 ? \u00ab Le probl\u00e8me, c\u2019est que la Ville entend mais ne nous \u00e9coute pas vraiment, estime Bernard Cristiano, administrateur du Comit\u00e9. Ces derni\u00e8res ann\u00e9es, les difficult\u00e9s se sont accrues parce qu\u2019on a laiss\u00e9 les terrasses s\u2019\u00e9tendre mais aussi parce que la police n\u2019agit pas pour faire respecter la loi. \u00bb<\/p>\n<p class=\"fs-5 \">Lui, assure avoir vu son enfant s\u2019arracher les cheveux pendant son sommeil alors qu\u2019un concert \u00e9tait donn\u00e9 en bas de chez lui. D\u2019autres racontent leurs nuits blanches, ou \u00ab sauv\u00e9es \u00bb gr\u00e2ce aux somnif\u00e8res, en p\u00e9riode estivale. \u00ab On est pour l\u2019animation mais contre l\u2019exag\u00e9ration \u00bb, r\u00e9sume Daniel Garcin. Abords du stade nautique, du yacht-club, parking des plages, de la tour Royale, place du march\u00e9, petites rues du \u00ab village \u00bb : rares seraient, selon lui, les secteurs \u00e9pargn\u00e9s par le tapage nocturne.<\/p>\n<p class=\"fs-5 \">\u00ab Dans l\u2019imm\u00e9diat, nous allons envoyer le r\u00e9sultat de cette consultation \u00e0 tous les candidats d\u00e9clar\u00e9s ou susceptibles de le faire, de l\u2019extr\u00eame droite \u00e0 l\u2019extr\u00eame gauche \u00bb, annonce Daniel Garcin. \u00ab Ensuite, nous publierons ces r\u00e9sultats sur notre site internet en esp\u00e9rant que cela puisse faire bouger les choses. \u00bb<\/p>\n<p>                                                                                Les ferries toujours cibl\u00e9s<\/p>\n<p class=\"fs-5 \">Parmi les th\u00e9matiques qui font grincer des dents du c\u00f4t\u00e9 des riverains de la rade, \u00e0 noter \u00e9galement la pollution li\u00e9e \u00e0 la fum\u00e9e des navires de commerce. \u00ab Nous n\u2019en avons pas apr\u00e8s les bateaux de croisi\u00e8res, souvent assez modernes, mais plut\u00f4t apr\u00e8s les vieux ferries de la Corsica \u00bb, pose Catherine Jean. \u00ab On comprend qu\u2019il y ait des enjeux \u00e9conomiques. Mais il faudrait aussi \u00eatre capable de mener une enqu\u00eate sanitaire sur l\u2019impact de ces rejets sur notre sant\u00e9. \u00bb<\/p>\n<p class=\"fs-5 \">Autre piste \u00ab travaill\u00e9e \u00bb par le Comit\u00e9 d\u2019int\u00e9r\u00eat local : t\u00e2cher de s\u2019unir avec les autres CIL, y compris ceux de La Seyne, pour r\u00e9ussir \u00e0 peser sur les politiques des pouvoirs publics sur la question portuaire. Vaste programme\u2026 en attendant ceux des pr\u00e9tendants \u00e0 l\u2019H\u00f4tel de ville.<\/p>\n<p class=\"fs-5 \">1. Un chiffre qui inclut les habitants adh\u00e9rents via la participation au CIL de leurs syndics de copropri\u00e9t\u00e9.<\/p>\n","protected":false},"excerpt":{"rendered":"Le mauvais \u00e9tat de la voirie, l\u2019ins\u00e9curit\u00e9, la pollution li\u00e9e aux ferries et les nuisances sonores. Voici, dans&hellip;\n","protected":false},"author":2,"featured_media":572520,"comment_status":"","ping_status":"","sticky":false,"template":"","format":"standard","meta":{"footnotes":""},"categories":[9619],"tags":[1111,11,1777,674,1011,27,12,882,25,2310],"class_list":{"0":"post-572519","1":"post","2":"type-post","3":"status-publish","4":"format-standard","5":"has-post-thumbnail","7":"category-toulon","8":"tag-actu","9":"tag-actualites","10":"tag-eu","11":"tag-europe","12":"tag-fr","13":"tag-france","14":"tag-news","15":"tag-provence-alpes-cote-dazur","16":"tag-republique-francaise","17":"tag-toulon"},"share_on_mastodon":{"url":"https:\/\/pubeurope.com\/@fr\/115648498556705724","error":""},"_links":{"self":[{"href":"https:\/\/www.europesays.com\/fr\/wp-json\/wp\/v2\/posts\/572519","targetHints":{"allow":["GET"]}}],"collection":[{"href":"https:\/\/www.europesays.com\/fr\/wp-json\/wp\/v2\/posts"}],"about":[{"href":"https:\/\/www.europesays.com\/fr\/wp-json\/wp\/v2\/types\/post"}],"author":[{"embeddable":true,"href":"https:\/\/www.europesays.com\/fr\/wp-json\/wp\/v2\/users\/2"}],"replies":[{"embeddable":true,"href":"https:\/\/www.europesays.com\/fr\/wp-json\/wp\/v2\/comments?post=572519"}],"version-history":[{"count":0,"href":"https:\/\/www.europesays.com\/fr\/wp-json\/wp\/v2\/posts\/572519\/revisions"}],"wp:featuredmedia":[{"embeddable":true,"href":"https:\/\/www.europesays.com\/fr\/wp-json\/wp\/v2\/media\/572520"}],"wp:attachment":[{"href":"https:\/\/www.europesays.com\/fr\/wp-json\/wp\/v2\/media?parent=572519"}],"wp:term":[{"taxonomy":"category","embeddable":true,"href":"https:\/\/www.europesays.com\/fr\/wp-json\/wp\/v2\/categories?post=572519"},{"taxonomy":"post_tag","embeddable":true,"href":"https:\/\/www.europesays.com\/fr\/wp-json\/wp\/v2\/tags?post=572519"}],"curies":[{"name":"wp","href":"https:\/\/api.w.org\/{rel}","templated":true}]}}