{"id":572526,"date":"2025-12-02T06:17:12","date_gmt":"2025-12-02T06:17:12","guid":{"rendered":"https:\/\/www.europesays.com\/fr\/572526\/"},"modified":"2025-12-02T06:17:12","modified_gmt":"2025-12-02T06:17:12","slug":"salle-de-sport-rooftop-coworking-une-residence-au-concept-inedit-dans-le-quartier-flaubert-a-rouen","status":"publish","type":"post","link":"https:\/\/www.europesays.com\/fr\/572526\/","title":{"rendered":"Salle de sport, rooftop, coworking&#8230; Une r\u00e9sidence au concept in\u00e9dit dans le quartier Flaubert \u00e0 Rouen"},"content":{"rendered":"<p>                    Par<br \/>\n        <strong><br \/>\n            <a href=\"https:\/\/actu.fr\/auteur\/adrien-filoche\" title=\"Consulter tous les articles de Adrien Filoche\" target=\"_blank\" rel=\"noopener\">Adrien Filoche<\/a><br \/>\n                    <\/strong><\/p>\n<p>        Publi\u00e9 le<\/p>\n<p>            2 d\u00e9c. 2025 \u00e0 7h02        <\/p>\n<p>Faciliter le quotidien des r\u00e9sidents, am\u00e9liorer leur confort de vie et encourager l\u2019\u00e9change et l\u2019entraide. C\u2019est avec ces id\u00e9es qu\u2019a \u00e9t\u00e9 imagin\u00e9e<strong> la r\u00e9sidence Neoz<\/strong>, sortie de terre en 2023 dans le <a href=\"https:\/\/actu.fr\/normandie\/rouen_76540\/le-futur-quartier-rouen-flaubert-va-naitre-sur-d-anciennes-terres-tres-polluees_37253549.html\" target=\"_blank\" rel=\"noopener\">nouveau quartier Flaubert<\/a> de <a href=\"https:\/\/actu.fr\/normandie\/rouen_76540\" target=\"_blank\" rel=\"noopener\">Rouen (Seine-Maritime)<\/a> au niveau de l\u2019Avenue Jean-Rondeaux. En juillet\u00a02025, les premiers locataires de la 4 venelle Leila-Alaoui ont pris possession des locaux. Compos\u00e9e de <strong>73 logements allant du T1 au T4<\/strong>, la r\u00e9sidence Neoz met \u00e0 la disposition de ces r\u00e9sidents des espaces de vie partag\u00e9s. Pr\u00e9sentation.<\/p>\n<p>Une r\u00e9sidence inspir\u00e9e du mod\u00e8le anglo-saxon<\/p>\n<p class=\" wall-content\">Inspir\u00e9e du mod\u00e8le anglo-saxon, cette nouvelle r\u00e9sidence est \u00e0 l\u2019initiative de Linkcity. \u00ab\u2009On s\u2019est rendu compte qu\u2019il y avait un manque et de la demande\u2009\u00bb, pr\u00e9sente Priscilla Gracia, la directrice d\u2019op\u00e9ration chez Linkicity qui a suivi le projet.<\/p>\n<p class=\" wall-content\">Concr\u00e8tement, les logements (disponibles uniquement \u00e0 la location) sont des appartements modernes et classiques avec cuisine \u00e9quip\u00e9e, meubles et \u00e9quipements dans la salle de bain et les WC.<\/p>\n<p class=\" wall-content\">Mais la particularit\u00e9, c\u2019est que les <strong>locataires peuvent profiter d\u2019espaces partag\u00e9s<\/strong>\u2009:<strong> salle d<\/strong><strong>e<\/strong> <strong>sport<\/strong>, <strong>coworking<\/strong>, <strong>grande cuisine, salon<\/strong>, etc. Un service de Wifi est \u00e9galement disponible dans toute la r\u00e9sidence. Pour profiter de ces services, un co\u00fbt mensuel fix\u00e9 \u00e0 49\u00a0euros s\u2019ajoute au loyer.<\/p>\n<p class=\" wall-content\">En plus de ces commodit\u00e9s, des animations r\u00e9gissent la vie de la communaut\u00e9 (venue d\u2019un coach de sport, soir\u00e9es football, ateliers pour les enfants, etc.). Elles sont organis\u00e9es r\u00e9guli\u00e8rement par un responsable de site, et \u00ab\u2009c\u2019est au bon vouloir des r\u00e9sidents. Qui veut participer vient\u2009\u00bb, souligne Priscilla Gracia.<\/p>\n<p class=\" wall-content\">Parmi les autres services propos\u00e9s, la possibilit\u00e9 de privatiser certains espaces communs (50 euros) ou encore de louer une chambre d\u2019h\u00f4tes (65 euros la nuit) qui prend la forme d\u2019un studio au rez-de-chauss\u00e9e de la r\u00e9sidence. Bien pratique pour accueillir les amis ou la famille. Le tout se fait via une application mobile.<\/p>\n<p>Un concept qui a trouv\u00e9 son public<\/p>\n<p class=\" wall-content\">Le concept a trouv\u00e9 son public puisque la quasi-totalit\u00e9 de la r\u00e9sidence est d\u2019ores et d\u00e9j\u00e0 habit\u00e9e.\u00a0Du c\u00f4t\u00e9 des locataires, on retrouve principalement des \u00e9tudiants et des jeunes actifs. B\u00e9atriz, 25\u00a0ans et en couple, a \u00e9t\u00e9 s\u00e9duite par cette nouvelle forme de r\u00e9sidence, qu\u2019elle connaissait d\u00e9j\u00e0\u2009: \u00ab\u2009Je viens du Br\u00e9sil o\u00f9 il est tr\u00e8s r\u00e9pandu et appr\u00e9ci\u00e9\u2009\u00bb, explique-t-elle. \u00ab\u2009Mais il y a aussi des cadres ou encore un couple de retrait\u00e9\u2009\u00bb, note Priscilla Gracia.<\/p>\n<p>Votre r\u00e9gion, votre actu !<\/p>\n<p>Recevez chaque jour les infos qui comptent pour vous.<\/p>\n<p>\t<a href=\"https:\/\/actu.fr\/newsletter\" class=\"ac-btn ac-btn--corner ac-btn--medium ac-btn--blue800\" target=\"_blank\" rel=\"noopener\">S&rsquo;incrire<\/a><\/p>\n<p class=\" wall-content\">Concernant le prix moyen des loyers, il se situe en moyenne a :<\/p>\n<ul class=\" wall-content\">\n<li>475\u00a0euros hors charge pour les T1 (moyenne de 28 m\u00b2)\u00a0<\/li>\n<li>640\u00a0euros hors charge pour les T2 (moyenne de 46 m\u00b2)<\/li>\n<li>820\u00a0euros hors charge pour les T3 (moyenne de 65 m\u00b2)<\/li>\n<li>980\u00a0euros hors charge pour les T4 (moyenne de 85 m\u00b2)<\/li>\n<\/ul>\n<p class=\" wall-content\">Cette r\u00e9sidence rentre dans le cadre du projet L\u2019\u00c9veil de Flaubert. Aux c\u00f4t\u00e9s de l\u2019immeuble et de ses 73 logements, d\u2019autres b\u00e2timents sont sortis de terre au pied de l\u2019avenue Jean-Rondeaux et comprennent 40 logements sociaux du bailleur social Rouen Habitat, 25 logements commercialis\u00e9s par Cr\u00e9dit Agricole Normandie Seine-Fonci\u00e8re et 10 logements \u00e0 prix ma\u00eetris\u00e9.<\/p>\n<p>Suivez l\u2019actualit\u00e9 de Rouen sur <a href=\"https:\/\/www.whatsapp.com\/channel\/0029VaKfnf99hXF2ddApFB1D\" target=\"_blank\" rel=\"noopener\">notre cha\u00eene WhatsApp<\/a> et sur <a href=\"https:\/\/www.tiktok.com\/@76actu.fr?lang=fr\" target=\"_blank\" rel=\"noopener\">notre compte TikTok<\/a><\/p>\n<p class=\" wall-content\">Personnalisez votre actualit\u00e9 en ajoutant vos villes et m\u00e9dias en favori avec <a href=\"https:\/\/moncompte.actu.fr\" title=\"D\u00e9couvez Mon Actu\" rel=\"nofollow noopener\" data-trk=\"{&quot;cta&quot;:{&quot;action&quot;:&quot;https:\\\/\\\/moncompte.actu.fr&quot;,&quot;category&quot;:&quot;mon compte&quot;,&quot;from&quot;:&quot;article footer&quot;,&quot;name&quot;:&quot;Mon actu&quot;,&quot;type&quot;:&quot;cta&quot;}}\" target=\"_blank\">Mon Actu<\/a>.<\/p>\n<p>                    <script async src=\"\/\/www.tiktok.com\/embed.js\"><\/script><\/p>\n","protected":false},"excerpt":{"rendered":"Par Adrien Filoche Publi\u00e9 le 2 d\u00e9c. 2025 \u00e0 7h02 Faciliter le quotidien des r\u00e9sidents, am\u00e9liorer leur confort&hellip;\n","protected":false},"author":2,"featured_media":572527,"comment_status":"","ping_status":"","sticky":false,"template":"","format":"standard","meta":{"footnotes":""},"categories":[9587],"tags":[1111,11,33,1777,674,1011,27,1116,12,5161,25,9590,40462],"class_list":{"0":"post-572526","1":"post","2":"type-post","3":"status-publish","4":"format-standard","5":"has-post-thumbnail","7":"category-rouen","8":"tag-actu","9":"tag-actualites","10":"tag-economie","11":"tag-eu","12":"tag-europe","13":"tag-fr","14":"tag-france","15":"tag-immobilier","16":"tag-news","17":"tag-normandie","18":"tag-republique-francaise","19":"tag-rouen","20":"tag-rouen-flaubert"},"share_on_mastodon":{"url":"https:\/\/pubeurope.com\/@fr\/115648518212385318","error":""},"_links":{"self":[{"href":"https:\/\/www.europesays.com\/fr\/wp-json\/wp\/v2\/posts\/572526","targetHints":{"allow":["GET"]}}],"collection":[{"href":"https:\/\/www.europesays.com\/fr\/wp-json\/wp\/v2\/posts"}],"about":[{"href":"https:\/\/www.europesays.com\/fr\/wp-json\/wp\/v2\/types\/post"}],"author":[{"embeddable":true,"href":"https:\/\/www.europesays.com\/fr\/wp-json\/wp\/v2\/users\/2"}],"replies":[{"embeddable":true,"href":"https:\/\/www.europesays.com\/fr\/wp-json\/wp\/v2\/comments?post=572526"}],"version-history":[{"count":0,"href":"https:\/\/www.europesays.com\/fr\/wp-json\/wp\/v2\/posts\/572526\/revisions"}],"wp:featuredmedia":[{"embeddable":true,"href":"https:\/\/www.europesays.com\/fr\/wp-json\/wp\/v2\/media\/572527"}],"wp:attachment":[{"href":"https:\/\/www.europesays.com\/fr\/wp-json\/wp\/v2\/media?parent=572526"}],"wp:term":[{"taxonomy":"category","embeddable":true,"href":"https:\/\/www.europesays.com\/fr\/wp-json\/wp\/v2\/categories?post=572526"},{"taxonomy":"post_tag","embeddable":true,"href":"https:\/\/www.europesays.com\/fr\/wp-json\/wp\/v2\/tags?post=572526"}],"curies":[{"name":"wp","href":"https:\/\/api.w.org\/{rel}","templated":true}]}}