{"id":572530,"date":"2025-12-02T06:19:18","date_gmt":"2025-12-02T06:19:18","guid":{"rendered":"https:\/\/www.europesays.com\/fr\/572530\/"},"modified":"2025-12-02T06:19:18","modified_gmt":"2025-12-02T06:19:18","slug":"entreprises-escapade-libre-remporte-le-start-up-week-end-grenoble-une-nouvelle-acquisition-pour-aplim-lactu-en-bref","status":"publish","type":"post","link":"https:\/\/www.europesays.com\/fr\/572530\/","title":{"rendered":"Entreprises. Escapade Libre remporte le Start-up week-end Grenoble, une nouvelle acquisition pour Aplim&#8230; : l&rsquo;actu en bref"},"content":{"rendered":"<p>  &#13;<br \/>\n      <a href=\"https:\/\/cdn-s-www.ledauphine.com\/images\/47a6e400-a4fc-47df-a46a-6cd719c86119\/NW_raw\/l-equipe-du-projet-escapade-libre-autour-de-lilou-lecaille-a-seduit-le-jury-par-son-utilite-autant-que-son-business-plan-photo-le-dl-matthieu-estrangin-1764605782.jpg\" title=\"L\u2019\u00e9quipe du projet Escapade Libre - autour de Lilou Lecaille -\u00a0a s\u00e9duit le jury par son utilit\u00e9 autant que son business plan.\u00a0Photo Le DL\/Matthieu\u00a0Estrangin\u00a0\" class=\"chocolat-image GA-tracking\" data-ga_type=\"click\" data-ga_category=\"D\u00e9tail\" data-ga_action=\"zoomer\" data-ga_label=\"agrandir image\" target=\"_blank\" rel=\"noopener\">&#13;<br \/>\n          <img loading=\"lazy\" decoding=\"async\" src=\"https:\/\/www.europesays.com\/fr\/wp-content\/uploads\/2025\/12\/l-equipe-du-projet-escapade-libre-autour-de-lilou-lecaille-a-seduit-le-jury-par-son-utilite-autant-q.jpeg\" data-mobile=\"NW_listC_M|1764605782\" data-base=\"NW_listC|1764605782\" alt=\"L\u2019\u00e9quipe du projet Escapade Libre - autour de Lilou Lecaille -\u00a0a s\u00e9duit le jury par son utilit\u00e9 autant que son business plan.\u00a0Photo Le DL\/Matthieu\u00a0Estrangin\u00a0\"\/>&#13;<br \/>\n      <\/a>&#13;<\/p>\n<p class=\"xsm-p\">L\u2019\u00e9quipe du projet Escapade Libre &#8211; autour de Lilou Lecaille &#8211;\u00a0a s\u00e9duit le jury par son utilit\u00e9 autant que son business plan.\u00a0Photo Le DL\/Matthieu\u00a0Estrangin<\/p>\n<p>\u00a0<\/p>\n<p>&#13;<\/p>\n<p>  Is\u00e8re :\u00a0Escapade Libre remporte le Start-up week-end Grenoble<\/p>\n<p>Une centaine de personnes a particip\u00e9, le dernier week-end, \u00e0\u00a0<a href=\"https:\/\/www.ledauphine.com\/economie\/2025\/10\/07\/54-heures-seulement-pour-creer-une-entreprise-a-partir-d-une-idee-rendez-vous-au-start-up-week-end\" target=\"_blank\" rel=\"noopener\">la 14e\u00a0\u00e9dition du Start-up week-end Grenoble.<\/a>\u00a0Le principe de l\u2019\u00e9v\u00e9nement est de poser, en 54 heures et \u00e0 partir d\u2019id\u00e9es, les bases de quelques start-up. <\/p>\n<p>Cette ann\u00e9e, 12 id\u00e9es ont \u00e9t\u00e9 retenues vendredi soir par le public et onze projets de start-up ont finalement \u00e9t\u00e9 d\u00e9fendus dimanche apr\u00e8s-midi devant le jury. <\/p>\n<p>Ce dernier a choisi de remettre le premier prix au projet Escapade Libre, port\u00e9 par Lilou Lecaille. Il vise le d\u00e9veloppement d\u2019une application pour mettre en relation des personnes en situation de handicap pour leur permettre de partir en vacances ensemble.<\/p>\n<p> Le deuxi\u00e8me prix a \u00e9t\u00e9 attribu\u00e9 au projet Kietud de Lisa Hennebelle qui souhaite proposer une solution de prise en charge de la vente de meubles apr\u00e8s le d\u00e9c\u00e8s d\u2019un proche.<\/p>\n<p>Le troisi\u00e8me prix est revenu au projet Pitahaya d\u2019\u00c9lodie Garcia de Miguel qui veut s\u2019attaquer aux d\u00e9rives budg\u00e9taires des chantiers de travaux publics gr\u00e2ce \u00e0 une plateforme logicielle d\u2019\u00e9change d\u2019informations. <\/p>\n<p>Les coachs qui ont accompagn\u00e9 les \u00e9quipes pendant le week-end ont, eux, souhait\u00e9 mettre en avant Josy, le projet de Quentin Bergeron. Sa solution est destin\u00e9e \u00e0 faciliter la cr\u00e9ation et la gestion de colocations pour seniors, alternatives aux maisons de retraite.<\/p>\n<p>\u00a0<\/p>\n<p>  &#13;<br \/>\n      <a href=\"https:\/\/cdn-s-www.ledauphine.com\/images\/22455d9b-6212-480c-9936-5bec4d17719b\/NW_raw\/les-rencontres-des-industriels-en-mouvement-de-bpifrance-ont-permis-aux-fondateurs-de-plusieurs-start-up-industrielles-grenobloises-de-revenir-sur-leur-parcours-parfois-seme-d-embuches-photo-le-dl-matthieu-estrangin-1764604866.jpg\" title=\"\u201cLes rencontres des industriels en mouvement\u201d de Bpifrance ont permis aux fondateurs de plusieurs start-up industrielles grenobloises de revenir sur leur parcours, parfois sem\u00e9 d\u2019emb\u00fbches.\u00a0Photo Le DL\/Matthieu\u00a0Estrangin\u00a0\" class=\"chocolat-image GA-tracking\" data-ga_type=\"click\" data-ga_category=\"D\u00e9tail\" data-ga_action=\"zoomer\" data-ga_label=\"agrandir image\" target=\"_blank\" rel=\"noopener\">&#13;<br \/>\n          <img loading=\"lazy\" decoding=\"async\" src=\"https:\/\/www.europesays.com\/fr\/wp-content\/uploads\/2025\/12\/les-rencontres-des-industriels-en-mouvement-de-bpifrance-ont-permis-aux-fondateurs-de-plusieurs-star.jpeg\" data-mobile=\"NW_listC_M|1764604866\" data-base=\"NW_listC|1764604866\" alt=\"\u201cLes rencontres des industriels en mouvement\u201d de Bpifrance ont permis aux fondateurs de plusieurs start-up industrielles grenobloises de revenir sur leur parcours, parfois sem\u00e9 d\u2019emb\u00fbches.\u00a0Photo Le DL\/Matthieu\u00a0Estrangin\u00a0\"\/>&#13;<br \/>\n      <\/a>&#13;<\/p>\n<p class=\"xsm-p\">\u201cLes rencontres des industriels en mouvement\u201d de Bpifrance ont permis aux fondateurs de plusieurs start-up industrielles grenobloises de revenir sur leur parcours, parfois sem\u00e9 d\u2019emb\u00fbches.\u00a0Photo Le DL\/Matthieu\u00a0Estrangin<\/p>\n<p>\u00a0<\/p>\n<p>&#13;<\/p>\n<p>  Is\u00e8re\u00a0:\u00a0Bpifrance veut \u201cbiberonner\u201d plus\u00a0de start-up industrielles\u00a0!<\/p>\n<p class=\"xsm-p\">Les \u00e9quipes de Bpifrance ont r\u00e9cemment rassembl\u00e9, lors des \u201cRencontres des industriels en mouvement\u201d, une soixantaine d\u2019entrepreneurs et de porteurs de projets de start-up industrielles sur le bassin grenoblois. \u00ab\u00a0Ces entreprises constituent un pilier essentiel de l\u2019avenir de l\u2019industrie fran\u00e7aise\u00a0\u00bb, r\u00e9sume S\u00e9bastien Schmitt, directeur r\u00e9gional Alpes de la banque. Elles se d\u00e9marquent des start-up num\u00e9riques en ayant \u00e0 s\u2019int\u00e9grer \u00ab\u00a0dans des \u00e9cosyst\u00e8mes industriels existants\u00a0\u00bb, en s\u2019attaquant \u00e0 des \u00ab\u00a0innovations mat\u00e9rielles\u00a0\u00bb, en \u00ab\u00a0r\u00e9inventant des proc\u00e9d\u00e9s\u00a0\u00bb et en int\u00e9grant \u00ab\u00a0des technologies de pointe\u00a0\u00bb. Dans ce domaine, le bassin grenoblois est une zone \u00ab\u00a0qui compte\u00a0\u00bb, compl\u00e8tent\u00a0<a href=\"https:\/\/www.ledauphine.com\/economie\/2025\/02\/13\/bpifrance-a-injecte-60-milliards-d-euros-dans-l-economie-francaise-en-2024\" target=\"_blank\" rel=\"noopener\">les \u00e9quipes de Bpifrance<\/a>.<\/p>\n<p class=\"xsm-p\">Les entrepreneurs pr\u00e9sents \u00e0 cette soir\u00e9e organis\u00e9e chez<a href=\"https:\/\/www.ledauphine.com\/economie\/2024\/03\/28\/on-ne-peut-pas-envisager-l-industrie-sans-parler-de-decarbonation\" target=\"_blank\" rel=\"noopener\">\u00a0ECM (700 salari\u00e9s, +168\u00a0M\u20ac de CA) ont \u00e9t\u00e9 accueillis par son dirigeant, Laurent P\u00e9lissier,<\/a>\u00a0et ont ensuite assist\u00e9 \u00e0 une table-ronde r\u00e9unissant les fondateurs de\u00a0<a href=\"https:\/\/www.ledauphine.com\/videos\/benoit-lemaignan-verkor-nous-sommes-en-bonne-voie-pour-demarrer-la-production-en-fin-d-annee-xmzzpu5\" target=\"_blank\" rel=\"noopener\">Verkor<\/a>,\u00a0<a href=\"https:\/\/www.ledauphine.com\/economie\/2025\/11\/27\/accord-a-singapour-avancee-majeure-quobly-poursuit-sa-montee-en-puissance-et-multiplie-les-collaborations\" target=\"_blank\" rel=\"noopener\">Quobly<\/a>,\u00a0<a href=\"https:\/\/www.ledauphine.com\/economie\/2024\/01\/15\/vulkam-leve-34-m-pour-une-premiere-usine-et-revolutionner-la-metallurgie\" target=\"_blank\" rel=\"noopener\">Vulkam<\/a>,\u00a0<a href=\"https:\/\/www.ledauphine.com\/economie\/2025\/10\/31\/premiere-mondiale-avec-un-implant-pour-traiter-l-incontinence-urinaire-uromems-entre-en-phase-d-industrialisation\" target=\"_blank\" rel=\"noopener\">UroMems<\/a>\u00a0et\u00a0<a href=\"https:\/\/www.ledauphine.com\/economie\/2025\/04\/04\/minmaxmedical-15-millions-d-euros-pour-une-usine-a-la-hauteur-de-ses-ambitions\" target=\"_blank\" rel=\"noopener\">MinMaxMedical<\/a>. Laurent P\u00e9lissier a incit\u00e9 son auditoire \u00e0 construire des synergies avec des ETI ou des grands groupes pour passer \u00e0 la phase industrielle et \u00e0 ne pas \u00ab\u00a0rester trop coinc\u00e9 sur la techno. C\u2019est le client qui fait le business. Quel int\u00e9r\u00eat d\u2019avoir la meilleure techno si elle n\u2019a pas de sens pour le client\u00a0?\u00a0\u00bb.<\/p>\n<p>\u00a0<\/p>\n<p>  Savoie\u00a0: une nouvelle acquisition pour Aplim<\/p>\n<p>Aplim,\u00a0PME chamb\u00e9rienne\u00a0qui d\u00e9veloppe des logiciels \u00e0 destination du monde \u00e9ducatif, continue son d\u00e9vellopement, vient d&rsquo;annoncer l&rsquo;acquisition de\u00a0LearnEnjoy via FondamentApps, sa soci\u00e9t\u00e9 filiale \u00e9ditrice d&rsquo;un logiciel\u00a0qui a pour but de permettre \u00e0 chaque enfant de r\u00e9ussir \u00e0 l&rsquo;\u00e9cole \u00e0 son rythme et de mani\u00e8re autonome. <\/p>\n<p>En octobre, l\u2019entreprise savoyarde avait d\u00e9j\u00e0\u00a0pris une participation majoritaire <a href=\"https:\/\/www.ledauphine.com\/economie\/2025\/10\/14\/trois-entreprises-primees-pour-leur-logistique-responsable-une-nouvelle-wagabox-en-service-aux-usa-l-actu-en-bref\" target=\"_blank\" rel=\"noopener\">dans l\u2019edtech marseillaise United Crocos<\/a>.<\/p>\n","protected":false},"excerpt":{"rendered":"&#13; &#13; &#13; &#13; L\u2019\u00e9quipe du projet Escapade Libre &#8211; autour de Lilou Lecaille &#8211;\u00a0a s\u00e9duit le jury&hellip;\n","protected":false},"author":2,"featured_media":572531,"comment_status":"","ping_status":"","sticky":false,"template":"","format":"standard","meta":{"footnotes":""},"categories":[9566],"tags":[1111,11,2738,4646,2430,9810,2730,33,1777,674,1011,27,2731,4638,693,5015,108,3367,12,25,2429,5508,216],"class_list":{"0":"post-572530","1":"post","2":"type-post","3":"status-publish","4":"format-standard","5":"has-post-thumbnail","7":"category-grenoble","8":"tag-actu","9":"tag-actualites","10":"tag-ain","11":"tag-ardeche","12":"tag-auvergne-rhone-alpes","13":"tag-direct-entreprises","14":"tag-drome","15":"tag-economie","16":"tag-eu","17":"tag-europe","18":"tag-fr","19":"tag-france","20":"tag-grenoble","21":"tag-haute-savoie","22":"tag-industrie","23":"tag-innovation-et-start-up","24":"tag-isere","25":"tag-loire","26":"tag-news","27":"tag-republique-francaise","28":"tag-rhone","29":"tag-savoie","30":"tag-vie-des-entreprises"},"share_on_mastodon":{"url":"https:\/\/pubeurope.com\/@fr\/115648526903924044","error":""},"_links":{"self":[{"href":"https:\/\/www.europesays.com\/fr\/wp-json\/wp\/v2\/posts\/572530","targetHints":{"allow":["GET"]}}],"collection":[{"href":"https:\/\/www.europesays.com\/fr\/wp-json\/wp\/v2\/posts"}],"about":[{"href":"https:\/\/www.europesays.com\/fr\/wp-json\/wp\/v2\/types\/post"}],"author":[{"embeddable":true,"href":"https:\/\/www.europesays.com\/fr\/wp-json\/wp\/v2\/users\/2"}],"replies":[{"embeddable":true,"href":"https:\/\/www.europesays.com\/fr\/wp-json\/wp\/v2\/comments?post=572530"}],"version-history":[{"count":0,"href":"https:\/\/www.europesays.com\/fr\/wp-json\/wp\/v2\/posts\/572530\/revisions"}],"wp:featuredmedia":[{"embeddable":true,"href":"https:\/\/www.europesays.com\/fr\/wp-json\/wp\/v2\/media\/572531"}],"wp:attachment":[{"href":"https:\/\/www.europesays.com\/fr\/wp-json\/wp\/v2\/media?parent=572530"}],"wp:term":[{"taxonomy":"category","embeddable":true,"href":"https:\/\/www.europesays.com\/fr\/wp-json\/wp\/v2\/categories?post=572530"},{"taxonomy":"post_tag","embeddable":true,"href":"https:\/\/www.europesays.com\/fr\/wp-json\/wp\/v2\/tags?post=572530"}],"curies":[{"name":"wp","href":"https:\/\/api.w.org\/{rel}","templated":true}]}}