{"id":572534,"date":"2025-12-02T06:21:12","date_gmt":"2025-12-02T06:21:12","guid":{"rendered":"https:\/\/www.europesays.com\/fr\/572534\/"},"modified":"2025-12-02T06:21:12","modified_gmt":"2025-12-02T06:21:12","slug":"un-moment-important-la-ville-de-rennes-est-desormais-jumelee-avec-diyarbakir-en-t-urquie","status":"publish","type":"post","link":"https:\/\/www.europesays.com\/fr\/572534\/","title":{"rendered":"\u00ab\u00a0Un moment important\u00a0\u00bb\u00a0: la ville de Rennes est d\u00e9sormais jumel\u00e9e avec\u00a0Diyarbak\u0131r en T urquie"},"content":{"rendered":"<p>Lundi, le conseil municipal a approuv\u00e9 l\u2019accord de jumelage de Rennes avec la ville de Diyarbak\u0131r, en Turquie.<\/p>\n<p>Comptant plus de 1,8 million d\u2019habitants, Diyarbak\u0131r est consid\u00e9r\u00e9e comme la capitale historique du Kurdistan. Une position qui place ce bastion de l\u2019identit\u00e9 kurde en porte-\u00e0-faux vis-\u00e0-vis d\u2019Ankara.<\/p>\n<p>D\u00e8s 1979, la capitale bretonne avait rejoint quatre grandes villes de gauche pour envoyer des bus \u00e0 destination de Diyarbak\u0131r. Le d\u00e9but d\u2019une longue coop\u00e9ration dont ce jumelage est une nouvelle \u00e9tape. Il intervient alors que le Parti des travailleurs du Kurdistan (PKK), a d\u00e9pos\u00e9 les armes en f\u00e9vrier dernier.<\/p>\n<p>Une rencontre pr\u00e9vue \u00e0 la MIR<\/p>\n<p>L\u2019\u00e9motion, palpable sur les bancs de la gauche, n\u2019\u00e9tait pas unanime lors du conseil. Henri-No\u00ebl Ruiz (Renaissance, opposition) s\u2019est dit \u00ab favorable aux jumelages \u00bb mais a d\u00e9plor\u00e9 des \u00ab faiblesses \u00bb dans l\u2019accord. \u00ab Le document ne pr\u00e9sente aucune donn\u00e9e financi\u00e8re \u00bb, a-t-il point\u00e9, regrettant par ailleurs une gouvernance qui \u00ab mange de clart\u00e9 \u00bb et une \u00ab absence \u00bb d\u2019\u00e9valuation des coop\u00e9rations pass\u00e9es. \u00ab On a l\u2019impression de lire un document de communication, d\u2019autopromotion politique. \u00bb L\u2019\u00e9lu se dit par ailleurs \u00ab sceptique sur la capacit\u00e9 de la ville de Rennes \u00e0 faire vivre cet \u00e9change \u00bb au vu du contexte politique local.<\/p>\n<p>La maire (PS) Nathalie App\u00e9r\u00e9 a quant \u00e0 elle salu\u00e9 \u00ab un moment important qui vient sceller plus de 40 ans d\u2019amiti\u00e9 entre Rennes et Diyarbak\u0131r \u00bb. \u00ab Je regrette sinc\u00e8rement que tous ici, sur ces bancs, n\u2019aient pas su comprendre la force et la port\u00e9e de ces liens. \u00bb<\/p>\n<p>Lundi 8 d\u00e9cembre, la Maison internationale de Rennes accueillera avec l\u2019association Amiti\u00e9s kurdes de Bretagne une \u00ab conf\u00e9rence sur la question kurde \u00bb, dans le cadre du Festival des Solidarit\u00e9s. L\u2019occasion d\u2019entendre les co-maires de Diyarbak\u0131r G\u00fcltan K\u0131\u015fanak, Bisar I\u00e7li ainsi que des repr\u00e9sentants des mouvements f\u00e9ministes et \u00e9cologistes du Kurdistan turc.<\/p>\n","protected":false},"excerpt":{"rendered":"Lundi, le conseil municipal a approuv\u00e9 l\u2019accord de jumelage de Rennes avec la ville de Diyarbak\u0131r, en Turquie.&hellip;\n","protected":false},"author":2,"featured_media":572535,"comment_status":"","ping_status":"","sticky":false,"template":"","format":"standard","meta":{"footnotes":""},"categories":[2821],"tags":[1111,11,829,1777,674,1011,27,12,584,25],"class_list":{"0":"post-572534","1":"post","2":"type-post","3":"status-publish","4":"format-standard","5":"has-post-thumbnail","7":"category-rennes","8":"tag-actu","9":"tag-actualites","10":"tag-bretagne","11":"tag-eu","12":"tag-europe","13":"tag-fr","14":"tag-france","15":"tag-news","16":"tag-rennes","17":"tag-republique-francaise"},"share_on_mastodon":{"url":"https:\/\/pubeurope.com\/@fr\/115648533962240554","error":""},"_links":{"self":[{"href":"https:\/\/www.europesays.com\/fr\/wp-json\/wp\/v2\/posts\/572534","targetHints":{"allow":["GET"]}}],"collection":[{"href":"https:\/\/www.europesays.com\/fr\/wp-json\/wp\/v2\/posts"}],"about":[{"href":"https:\/\/www.europesays.com\/fr\/wp-json\/wp\/v2\/types\/post"}],"author":[{"embeddable":true,"href":"https:\/\/www.europesays.com\/fr\/wp-json\/wp\/v2\/users\/2"}],"replies":[{"embeddable":true,"href":"https:\/\/www.europesays.com\/fr\/wp-json\/wp\/v2\/comments?post=572534"}],"version-history":[{"count":0,"href":"https:\/\/www.europesays.com\/fr\/wp-json\/wp\/v2\/posts\/572534\/revisions"}],"wp:featuredmedia":[{"embeddable":true,"href":"https:\/\/www.europesays.com\/fr\/wp-json\/wp\/v2\/media\/572535"}],"wp:attachment":[{"href":"https:\/\/www.europesays.com\/fr\/wp-json\/wp\/v2\/media?parent=572534"}],"wp:term":[{"taxonomy":"category","embeddable":true,"href":"https:\/\/www.europesays.com\/fr\/wp-json\/wp\/v2\/categories?post=572534"},{"taxonomy":"post_tag","embeddable":true,"href":"https:\/\/www.europesays.com\/fr\/wp-json\/wp\/v2\/tags?post=572534"}],"curies":[{"name":"wp","href":"https:\/\/api.w.org\/{rel}","templated":true}]}}