{"id":572536,"date":"2025-12-02T06:22:16","date_gmt":"2025-12-02T06:22:16","guid":{"rendered":"https:\/\/www.europesays.com\/fr\/572536\/"},"modified":"2025-12-02T06:22:16","modified_gmt":"2025-12-02T06:22:16","slug":"asfar-shamsi-solaire-libre-liberation","status":"publish","type":"post","link":"https:\/\/www.europesays.com\/fr\/572536\/","title":{"rendered":"Asfar Shamsi, solaire libre \u2013 Lib\u00e9ration"},"content":{"rendered":"<p class=\"sc-cPiKLX AiZTS text-element\">Voil\u00e0 plusieurs semaines que prend forme la nouvelle mouture de son live et Asfar Shamsi, blind\u00e9e dans un gros blouson \u00e0 piques, se d\u00e9m\u00e8ne sur la sc\u00e8ne de l\u2019Aire Libre avec ses deux musiciens. A une semaine du d\u00e9but des <a href=\"https:\/\/www.liberation.fr\/culture\/musique\/trans-musicales-2024-les-reines-de-rennes-20241208_HRODE4XEEZGTFL5GJ3RJBIDTWI\/\" target=\"_blank\" rel=\"noopener\" title=\"https:\/\/www.liberation.fr\/culture\/musique\/trans-musicales-2024-les-reines-de-rennes-20241208_HRODE4XEEZGTFL5GJ3RJBIDTWI\/\">Trans Musicales<\/a>, c\u2019est leur derni\u00e8re journ\u00e9e de rodage dans le th\u00e9\u00e2tre rennais o\u00f9 le groupe se produira une fois par jour durant toute la dur\u00e9e du festival. Le son est puissant, soulign\u00e9 par des effets lumineux intenses, stroboscope rouge et bleu qui fait trembler la sc\u00e8ne et que l\u2019ing\u00e9 lumi\u00e8re calmera par la suite (\u00ab\u00c7a p\u00e8te les yeux l\u00e0, non ?\u00bb) La rappeuse chante en esquissant de grands gestes encore maladroits, un peu emp\u00each\u00e9e par son costume, travaille ses d\u00e9placements, arpente la sc\u00e8ne d\u2019un air concentr\u00e9 pour s\u2019approprier chaque centim\u00e8tre carr\u00e9 praticable.<\/p>\n<p class=\"sc-cPiKLX AiZTS text-element\">La transformation est fascinante \u00e0 observer : comme une grande partie de son public, on a d\u00e9couvert la jeune femme avachie dans la lumi\u00e8re crue d\u2019un studio de Skyrock o\u00f9, invit\u00e9e en mars dans l\u2019\u00e9mission Plan\u00e8te Rap par le rappeur belge Youssef Swatt\u2019s, vainqueur de la saison 3 de <a href=\"https:\/\/www.liberation.fr\/idees-et-debats\/opinions\/nouvelle-ecole-sur-netflix-les-filles-ne-gagnent-jamais-par-geraldine-&lt;\/p&gt;&lt;\/div&gt;&lt;\/article&gt;&lt;\/div&gt;&lt;div data-fusion-lazy-id=\" f0f8vgvlad832fw=\"\" target=\"_blank\" rel=\"noopener\"><\/p>\n","protected":false},"excerpt":{"rendered":"Voil\u00e0 plusieurs semaines que prend forme la nouvelle mouture de son live et Asfar Shamsi, blind\u00e9e dans un&hellip;\n","protected":false},"author":2,"featured_media":572537,"comment_status":"","ping_status":"","sticky":false,"template":"","format":"standard","meta":{"footnotes":""},"categories":[2821],"tags":[1111,11,829,1777,674,1011,27,12,22600,584,25],"class_list":{"0":"post-572536","1":"post","2":"type-post","3":"status-publish","4":"format-standard","5":"has-post-thumbnail","7":"category-rennes","8":"tag-actu","9":"tag-actualites","10":"tag-bretagne","11":"tag-eu","12":"tag-europe","13":"tag-fr","14":"tag-france","15":"tag-news","16":"tag-rap-hip-hop","17":"tag-rennes","18":"tag-republique-francaise"},"share_on_mastodon":{"url":"https:\/\/pubeurope.com\/@fr\/115648537880524205","error":""},"_links":{"self":[{"href":"https:\/\/www.europesays.com\/fr\/wp-json\/wp\/v2\/posts\/572536","targetHints":{"allow":["GET"]}}],"collection":[{"href":"https:\/\/www.europesays.com\/fr\/wp-json\/wp\/v2\/posts"}],"about":[{"href":"https:\/\/www.europesays.com\/fr\/wp-json\/wp\/v2\/types\/post"}],"author":[{"embeddable":true,"href":"https:\/\/www.europesays.com\/fr\/wp-json\/wp\/v2\/users\/2"}],"replies":[{"embeddable":true,"href":"https:\/\/www.europesays.com\/fr\/wp-json\/wp\/v2\/comments?post=572536"}],"version-history":[{"count":0,"href":"https:\/\/www.europesays.com\/fr\/wp-json\/wp\/v2\/posts\/572536\/revisions"}],"wp:featuredmedia":[{"embeddable":true,"href":"https:\/\/www.europesays.com\/fr\/wp-json\/wp\/v2\/media\/572537"}],"wp:attachment":[{"href":"https:\/\/www.europesays.com\/fr\/wp-json\/wp\/v2\/media?parent=572536"}],"wp:term":[{"taxonomy":"category","embeddable":true,"href":"https:\/\/www.europesays.com\/fr\/wp-json\/wp\/v2\/categories?post=572536"},{"taxonomy":"post_tag","embeddable":true,"href":"https:\/\/www.europesays.com\/fr\/wp-json\/wp\/v2\/tags?post=572536"}],"curies":[{"name":"wp","href":"https:\/\/api.w.org\/{rel}","templated":true}]}}