{"id":572538,"date":"2025-12-02T06:23:12","date_gmt":"2025-12-02T06:23:12","guid":{"rendered":"https:\/\/www.europesays.com\/fr\/572538\/"},"modified":"2025-12-02T06:23:12","modified_gmt":"2025-12-02T06:23:12","slug":"la-sncf-envisage-un-3e-aller-retour-quotidien-ouigo-entre-paris-et-strasbourg-ce-quil-faut-savoir","status":"publish","type":"post","link":"https:\/\/www.europesays.com\/fr\/572538\/","title":{"rendered":"La SNCF envisage un 3e aller-retour quotidien Ouigo entre Paris et Strasbourg : ce qu&rsquo;il faut savoir"},"content":{"rendered":"<p>                    Par<br \/>\n        <strong><br \/>\n            <a href=\"https:\/\/actu.fr\/auteur\/thomas-blanc\" title=\"Consulter tous les articles de Thomas Blanc\" target=\"_blank\" rel=\"noopener\">Thomas Blanc<\/a><br \/>\n                    <\/strong><\/p>\n<p>        Publi\u00e9 le<\/p>\n<p>            2 d\u00e9c. 2025 \u00e0 7h02        <\/p>\n<p>La <a href=\"https:\/\/actu.fr\/tag\/sncf\" target=\"_blank\" rel=\"noopener\">SNCF<\/a> a proc\u00e9d\u00e9 \u00e0 une <strong>salve d\u2019annonces<\/strong> \u00e0 la fin du mois de novembre 2025. Parmi elles, la cr\u00e9ation d\u2019une <a href=\"https:\/\/actu.fr\/auvergne-rhone-alpes\/lyon_69123\/la-sncf-lance-un-ouigo-direct-lyon-bordeaux-et-renforce-ses-trains-vers-paris-voici-les-dates_63497207.html\" target=\"_blank\" rel=\"noopener\">ligne Ouigo directe entre Bordeaux et Lyon<\/a> mais aussi une probable nouveaut\u00e9 concernant <a href=\"https:\/\/actu.fr\/strasbourg\/\" target=\"_blank\" rel=\"noopener\">Strasbourg<\/a>.<\/p>\n<p>Un troisi\u00e8me aller-retour quotidien en Ouigo entre Paris et Strasbourg d\u00e8s 2027\u2009?<\/p>\n<p class=\" wall-content\">C\u2019est dans un visuel publi\u00e9 sur ses r\u00e9seaux sociaux que la SNCF a divulgu\u00e9 l\u2019information. Une troisi\u00e8me liaison quotidienne en <a href=\"https:\/\/actu.fr\/tag\/ouigo\" target=\"_blank\" rel=\"noopener\">Ouigo<\/a> <strong>entre Paris Est et Strasbourg<\/strong> est envisag\u00e9e \u00e0 l\u2019horizon <strong>2027<\/strong>.<\/p>\n<p>    <img   decoding=\"async\" loading=\"lazy\" src=\"https:\/\/www.europesays.com\/fr\/wp-content\/uploads\/2025\/12\/desserte-ouigo-strasbourg-960x640.jpg\" alt=\"Une troisi\u00e8me liaison Ouigo entre Paris et Strasbourg est \u00e0 confirmer.\" width=\"960\" height=\"640\"\/><br \/>\n    Une troisi\u00e8me liaison Ouigo entre Paris et Strasbourg est \u00e0 confirmer. (\u00a9SNCF Voyageurs)<\/p>\n<p class=\" wall-content\">Jointe par nos soins, la SNCF confirme \u00e9tudier cette option.\u00a0\u00ab\u2009Notre march\u00e9 \u00e9tant tr\u00e8s dynamique, nous n\u2019ouvrons pas seulement des nouvelles lignes mais renfor\u00e7ons aussi les dessertes existantes\u2009\u00bb, explique la soci\u00e9t\u00e9 de <a href=\"https:\/\/actu.fr\/tag\/transport\" target=\"_blank\" rel=\"noopener\">transport<\/a>.\u00a0La capitale alsacienne fait donc partie des lignes pour lesquelles il est <strong>envisag\u00e9 le renforcement<\/strong>.<\/p>\n<p class=\" wall-content\">Un troisi\u00e8me aller-retour quotidien porterait le nombre maximum de voyageurs en Ouigo entre Paris et Strasbourg \u00e0 <strong>7 728 par jour<\/strong>.<\/p>\n<p class=\" wall-content\">Personnalisez votre actualit\u00e9 en ajoutant vos villes et m\u00e9dias en favori avec <a href=\"https:\/\/moncompte.actu.fr\" title=\"D\u00e9couvez Mon Actu\" rel=\"nofollow noopener\" data-trk=\"{&quot;cta&quot;:{&quot;action&quot;:&quot;https:\\\/\\\/moncompte.actu.fr&quot;,&quot;category&quot;:&quot;mon compte&quot;,&quot;from&quot;:&quot;article footer&quot;,&quot;name&quot;:&quot;Mon actu&quot;,&quot;type&quot;:&quot;cta&quot;}}\" target=\"_blank\">Mon Actu<\/a>.<\/p>\n","protected":false},"excerpt":{"rendered":"Par Thomas Blanc Publi\u00e9 le 2 d\u00e9c. 2025 \u00e0 7h02 La SNCF a proc\u00e9d\u00e9 \u00e0 une salve d\u2019annonces&hellip;\n","protected":false},"author":2,"featured_media":572539,"comment_status":"","ping_status":"","sticky":false,"template":"","format":"standard","meta":{"footnotes":""},"categories":[2820],"tags":[1111,11,1777,674,1011,27,775,12,23443,25,2215,104,640,2803],"class_list":{"0":"post-572538","1":"post","2":"type-post","3":"status-publish","4":"format-standard","5":"has-post-thumbnail","7":"category-strasbourg","8":"tag-actu","9":"tag-actualites","10":"tag-eu","11":"tag-europe","12":"tag-fr","13":"tag-france","14":"tag-grand-est","15":"tag-news","16":"tag-ouigo","17":"tag-republique-francaise","18":"tag-sncf","19":"tag-societe","20":"tag-strasbourg","21":"tag-transport"},"share_on_mastodon":{"url":"https:\/\/pubeurope.com\/@fr\/115648542478397001","error":""},"_links":{"self":[{"href":"https:\/\/www.europesays.com\/fr\/wp-json\/wp\/v2\/posts\/572538","targetHints":{"allow":["GET"]}}],"collection":[{"href":"https:\/\/www.europesays.com\/fr\/wp-json\/wp\/v2\/posts"}],"about":[{"href":"https:\/\/www.europesays.com\/fr\/wp-json\/wp\/v2\/types\/post"}],"author":[{"embeddable":true,"href":"https:\/\/www.europesays.com\/fr\/wp-json\/wp\/v2\/users\/2"}],"replies":[{"embeddable":true,"href":"https:\/\/www.europesays.com\/fr\/wp-json\/wp\/v2\/comments?post=572538"}],"version-history":[{"count":0,"href":"https:\/\/www.europesays.com\/fr\/wp-json\/wp\/v2\/posts\/572538\/revisions"}],"wp:featuredmedia":[{"embeddable":true,"href":"https:\/\/www.europesays.com\/fr\/wp-json\/wp\/v2\/media\/572539"}],"wp:attachment":[{"href":"https:\/\/www.europesays.com\/fr\/wp-json\/wp\/v2\/media?parent=572538"}],"wp:term":[{"taxonomy":"category","embeddable":true,"href":"https:\/\/www.europesays.com\/fr\/wp-json\/wp\/v2\/categories?post=572538"},{"taxonomy":"post_tag","embeddable":true,"href":"https:\/\/www.europesays.com\/fr\/wp-json\/wp\/v2\/tags?post=572538"}],"curies":[{"name":"wp","href":"https:\/\/api.w.org\/{rel}","templated":true}]}}