{"id":572542,"date":"2025-12-02T06:25:15","date_gmt":"2025-12-02T06:25:15","guid":{"rendered":"https:\/\/www.europesays.com\/fr\/572542\/"},"modified":"2025-12-02T06:25:15","modified_gmt":"2025-12-02T06:25:15","slug":"a-nice-candidats-et-journalistes-signent-un-pacte-de-respect-mutuel-pour-la-campagne-2026","status":"publish","type":"post","link":"https:\/\/www.europesays.com\/fr\/572542\/","title":{"rendered":"A Nice, candidats et journalistes signent un pacte de respect mutuel pour la campagne 2026"},"content":{"rendered":"<p class=\"fs-5 \">Ils \u00e9taient tous l\u00e0, tous r\u00e9unis dans un m\u00eame lieu. Les repr\u00e9sentants des <strong>huit listes candidates aux \u00e9lections municipales<\/strong> des 15 et 22 mars 2026 \u00e0 Nice, d\u00e9clar\u00e9es \u00e0 ce jour, ont r\u00e9pondu pr\u00e9sents, ce lundi, \u00e0 l\u2019invitation du club de la presse M\u00e9diterran\u00e9e 06.<\/p>\n<p class=\"fs-5 \">Ce dernier, qui regroupe les journalistes des Alpes-Maritimes et les communicants, a \u00e9labor\u00e9 une \u00ab charte de respect mutuel entre journalistes et candidats \u00bb, dans le cadre de la campagne des municipales.<\/p>\n<p>                                                                                \u00ab Accorder un traitement \u00e9quitable entre candidats \u00bb<\/p>\n<p class=\"fs-5 \">\u00ab La p\u00e9riode \u00e9lectorale est souvent un moment tendu pour les candidats, qui jouent leur place au conseil municipal, et les journalistes. Nice ne fait pas exception \u00e0 la r\u00e8gle, a indiqu\u00e9 en pr\u00e9ambule le pr\u00e9sident du club de la presse, Vincent-Xavier Morvan, journaliste pour l\u2019AFP, Le Figaro et Les Echos. Cette charte vise \u00e0<strong> \u00e9tablir un cadre de respect, de transparence et de responsabilit\u00e9<\/strong> afin de garantir une information fiable, un d\u00e9bat apais\u00e9 et des relations professionnelles bas\u00e9es sur la confiance \u00bb.<\/p>\n<p class=\"fs-5 \">Les journalistes signataires de cette charte s\u2019engagent notamment \u00e0 \u00ab v\u00e9rifier les informations avant publication \u00bb, \u00ab citer les sources \u00bb, \u00ab accorder un traitement \u00e9quitable entre candidats \u00bb, selon les termes du document de deux pages.<\/p>\n<p>                                                                                \u00ab Bannir intimidation ou pression \u00bb<\/p>\n<p class=\"fs-5 \">Les candidats et \u00e9quipes de campagnes promettent, quant \u00e0 eux, de \u00ab ne pas diffuser sciemment de fausses informations concernant des adversaires ou des m\u00e9dias \u00bb, \u00ab s\u2019abstenir de tout propos diffamatoire, insultant ou d\u00e9nigrant envers les professionnels de l\u2019information \u00bb, \u00ab bannir toute violence verbale, intimidation ou pression \u00bb et, \u00ab en cas de divergence ou probl\u00e8me, [de] privil\u00e9gier la discussion directe avant toute communication publique \u00bb.<\/p>\n<p>                                                                                Bient\u00f4t d\u00e9clin\u00e9e dans d\u2019autres communes ?<\/p>\n<p class=\"fs-5 \">\u00ab Cette charte pourra \u00eatre d\u00e9clin\u00e9e si besoin dans d\u2019autres communes \u00e0 fort enjeu, comme Cagnes-sur-Mer ou Menton par exemple. Dans ce cas, n\u2019h\u00e9sitez pas \u00e0 contacter le club de la presse \u00bb, a ajout\u00e9 St\u00e8velan Chaizy-Gostovitch, membre du conseil d\u2019administration du club et r\u00e9dacteur en chef de RCF Nice C\u00f4te d\u2019Azur.<\/p>\n<p class=\"fs-5 \">\u00c9ric Ciotti a \u00e9t\u00e9 le premier \u00e0 signer la charte avec les d\u00e9put\u00e9s UDR Bernard Chaix et Christelle d\u2019Intorni. Le 1er adjoint au maire, Anthony Borr\u00e9, leur a embo\u00eet\u00e9 le pas, pr\u00e9cisant que Christian Estrosi le ferait \u00e0 son tour tr\u00e8s prochainement (il n\u2019\u00e9tait pas pr\u00e9sent \u00e0 Nice ce lundi 1er d\u00e9cembre).<\/p>\n<p class=\"fs-5 \">Ont suivi l\u2019\u00e9cologiste H\u00e9l\u00e8ne Granouillac (\u00ab Vivre Nice \u00bb), Jean-Marc Governatori pour l\u2019\u00c9cologie au centre, Juliette Chesnel-Le Roux, Julien Picot et Patrick Allemand, de la liste \u00ab Unis pour Nice \u00bb (\u00c9cologistes, communistes et socialistes), Mireille Damiano et Olivier Salerno pour \u00ab Nice Front populaire \u00bb (La France insoumise, le collectif Viva ! et l\u2019association Tous Citoyens), C\u00e9dric Vella pour Reconqu\u00eate, et l\u2019association AC ! (Assembl\u00e9es citoyennes).<\/p>\n<p class=\"fs-5 \">Plusieurs journalistes, repr\u00e9sentant la presse \u00e9crite, les radios, t\u00e9l\u00e9s, sites d\u2019information en ligne ont \u00e9galement sign\u00e9 le texte.<\/p>\n","protected":false},"excerpt":{"rendered":"Ils \u00e9taient tous l\u00e0, tous r\u00e9unis dans un m\u00eame lieu. Les repr\u00e9sentants des huit listes candidates aux \u00e9lections&hellip;\n","protected":false},"author":2,"featured_media":572543,"comment_status":"","ping_status":"","sticky":false,"template":"","format":"standard","meta":{"footnotes":""},"categories":[2819],"tags":[1111,11,1777,674,1011,27,12,2401,882,25],"class_list":{"0":"post-572542","1":"post","2":"type-post","3":"status-publish","4":"format-standard","5":"has-post-thumbnail","7":"category-nice","8":"tag-actu","9":"tag-actualites","10":"tag-eu","11":"tag-europe","12":"tag-fr","13":"tag-france","14":"tag-news","15":"tag-nice","16":"tag-provence-alpes-cote-dazur","17":"tag-republique-francaise"},"share_on_mastodon":{"url":"https:\/\/pubeurope.com\/@fr\/115648549722516955","error":""},"_links":{"self":[{"href":"https:\/\/www.europesays.com\/fr\/wp-json\/wp\/v2\/posts\/572542","targetHints":{"allow":["GET"]}}],"collection":[{"href":"https:\/\/www.europesays.com\/fr\/wp-json\/wp\/v2\/posts"}],"about":[{"href":"https:\/\/www.europesays.com\/fr\/wp-json\/wp\/v2\/types\/post"}],"author":[{"embeddable":true,"href":"https:\/\/www.europesays.com\/fr\/wp-json\/wp\/v2\/users\/2"}],"replies":[{"embeddable":true,"href":"https:\/\/www.europesays.com\/fr\/wp-json\/wp\/v2\/comments?post=572542"}],"version-history":[{"count":0,"href":"https:\/\/www.europesays.com\/fr\/wp-json\/wp\/v2\/posts\/572542\/revisions"}],"wp:featuredmedia":[{"embeddable":true,"href":"https:\/\/www.europesays.com\/fr\/wp-json\/wp\/v2\/media\/572543"}],"wp:attachment":[{"href":"https:\/\/www.europesays.com\/fr\/wp-json\/wp\/v2\/media?parent=572542"}],"wp:term":[{"taxonomy":"category","embeddable":true,"href":"https:\/\/www.europesays.com\/fr\/wp-json\/wp\/v2\/categories?post=572542"},{"taxonomy":"post_tag","embeddable":true,"href":"https:\/\/www.europesays.com\/fr\/wp-json\/wp\/v2\/tags?post=572542"}],"curies":[{"name":"wp","href":"https:\/\/api.w.org\/{rel}","templated":true}]}}