{"id":572544,"date":"2025-12-02T06:26:18","date_gmt":"2025-12-02T06:26:18","guid":{"rendered":"https:\/\/www.europesays.com\/fr\/572544\/"},"modified":"2025-12-02T06:26:18","modified_gmt":"2025-12-02T06:26:18","slug":"deux-joueurs-et-un-dirigeant-de-logc-nice-pris-a-partie-par-des-supporters-le-club-condamne-des-violences-inacceptables","status":"publish","type":"post","link":"https:\/\/www.europesays.com\/fr\/572544\/","title":{"rendered":"deux joueurs et un dirigeant de l&rsquo;OGC Nice pris \u00e0 partie par des supporters, le club condamne des violences \u00ab\u00a0inacceptables\u00a0\u00bb"},"content":{"rendered":"\n<p class=\"c-chapo \">\n  Selon ICI Azur, les deux attaquants Terem Moffi et J\u00e9r\u00e9mie Boga se sont vus prescrire respectivement sept jours et cinq jours d&rsquo;ITT.\n<\/p>\n<p>      lire plus tard<\/p>\n<p id=\"dialog__title\" class=\"dialog__title\">Pour sauvegarder cet article, connectez-vous ou cr\u00e9ez un compte franceinfo<\/p>\n<p class=\"dialog__description\">Sans paiement. Sans abonnement.<\/p>\n<p>        Fermer la fen\u00eatre d\u2019activation des notifications France Info<\/p>\n<p>      cr\u00e9er votre compte<\/p>\n<p>      se connecter<\/p>\n<p>        Fermer la fen\u00eatre de pr\u00e9sentation<\/p>\n<p>    <img loading=\"lazy\" decoding=\"async\" class=\"signature__image lazyload\" width=\"100\" height=\"100\" data- alt=\"\" src=\"https:\/\/www.europesays.com\/fr\/wp-content\/uploads\/2025\/05\/64a68815cd1a7_placeholder-36b69ec8.png\"\/><\/p>\n<p>    Publi\u00e9 le 02\/12\/2025 07:17<\/p>\n<p>        Temps de lecture : 2min<\/p>\n<p>    <img decoding=\"async\"  alt=\"Des supporters de l'OGC Nice dans les tribunes de leur stade, l'Allianz Riviera, le 7 novembre 2024 \u00e0 Nice (Alpes-Maritimes). (VALERY HACHE \/ AFP)\" width=\"432\" height=\"243\" src=\"https:\/\/www.europesays.com\/fr\/wp-content\/uploads\/2025\/12\/000-36lp8l6-692e82e030a44629066052.jpg\" fetchpriority=\"high\"\/><\/p>\n<p>      Des supporters de l&rsquo;OGC Nice dans les tribunes de leur stade, l&rsquo;Allianz Riviera, le 7 novembre 2024 \u00e0 Nice (Alpes-Maritimes). (VALERY HACHE \/ AFP)<\/p>\n<p>Deux joueurs de l&rsquo;OGC Nice et le directeur sportif du club ont \u00e9t\u00e9 pris \u00e0 partie physiquement par leurs propres supporters devant le centre d&rsquo;entra\u00eenement ni\u00e7ois, dans la nuit de dimanche 30 novembre \u00e0 lundi 1er d\u00e9cembre, \u00e0 la suite de la d\u00e9faite de l&rsquo;\u00e9quipe \u00e0 Lorient, lors de la 14e journ\u00e9e de Ligue 1 (3-1). Selon <a href=\"https:\/\/www.francebleu.fr\/sports\/football\/l-ogc-nice-condamne-les-debordements-devant-le-centre-d-entrainement-1896294\" target=\"_blank\" rel=\"noopener\">ICI Azur<\/a> et plusieurs m\u00e9dias, les deux attaquants Terem Moffi et J\u00e9r\u00e9mie Boga se sont vus prescrire respectivement sept jours et cinq jours d&rsquo;ITT. Le directeur sportif Florian Maurice, jug\u00e9 responsable du recrutement d\u00e9faillant de l&rsquo;\u00e9t\u00e9 dernier, a \u00e9t\u00e9 \u00ab\u00a0tr\u00e8s chahut\u00e9\u00a0\u00bb, d&rsquo;apr\u00e8s le journaliste Maxime Bacqui\u00e9, journaliste d&rsquo;Ici en charge du suivi du club et seul reporter pr\u00e9sent sur place. Il a d\u00fb \u00eatre \u00ab\u00a0exfiltr\u00e9, hagard\u00a0\u00bb, par le service de s\u00e9curit\u00e9.<\/p>\n<p>\u00ab\u00a0Les d\u00e9bordements constat\u00e9s durant ce rassemblement sont inacceptables. Plusieurs membres du club ayant \u00e9t\u00e9 pris \u00e0 partie. L&rsquo;OGC Nice leur apporte tout son soutien et condamne ces actes avec la plus grande fermet\u00e9\u00a0\u00bb, a r\u00e9agi <a href=\"https:\/\/www.ogcnice.com\/fr\/article\/129577\/communique-officiel-de-logc-nice.html\" target=\"_blank\" rel=\"noopener\">dans un communiqu\u00e9<\/a> le club ni\u00e7ois, qui a dit comprendre \u00ab\u00a0la frustration g\u00e9n\u00e9r\u00e9e par la succession de contre-performances\u00a0\u00bb. Le club a encha\u00een\u00e9 une sixi\u00e8me d\u00e9faite d&rsquo;affil\u00e9e dimanche.<\/p>\n<p>\u00ab\u00a0Ces violences physiques sont intol\u00e9rables\u00a0\u00bb, a r\u00e9agi lundi soir dans un communiqu\u00e9 l&rsquo;UNFP, le syndicat des joueurs, expliquant avoir \u00ab\u00a0imm\u00e9diatement pris contact\u00a0\u00bb avec J\u00e9r\u00e9mie Boga et Terem Moffi. \u00ab\u00a0Face \u00e0 ces violences et aux plaintes d\u00e9pos\u00e9es, notre syndicat se r\u00e9serve le droit de se constituer partie civile\u00a0\u00bb, a-t-il ajout\u00e9.<\/p>\n<p>Plusieurs incidents ont d\u00e9j\u00e0 impliqu\u00e9 des supporters ni\u00e7ois ces derni\u00e8res saisons. En ao\u00fbt 2022, le match Nice-Marseille avait d\u00fb \u00eatre arr\u00eat\u00e9, des ultras de la Tribune Populaire Sud \u00e9tant descendus sur la pelouse <a href=\"https:\/\/sport.francetvinfo.fr\/sports\/foot\/om\/en-images-nice-marseille-interrompu-la-soiree-du-chaos_4746013.html\" target=\"_blank\" rel=\"noopener\">pour en d\u00e9coudre avec les joueurs de l&rsquo;OM<\/a>, notamment Dimitri Payet, pr\u00e9c\u00e9demment touch\u00e9 par une bouteille jet\u00e9e des gradins. D\u00e9but 2025, encore contre Marseille, cette m\u00eame tribune avait exhib\u00e9 une banderole <a href=\"https:\/\/france3-regions.franceinfo.fr\/provence-alpes-cote-d-azur\/alpes-maritimes\/nice\/incidents-lors-du-match-ogc-nice-om-que-signifie-la-chasse-aux-rats-inscrites-sur-le-tifo-des-supporters-3098413.html\" target=\"_blank\" rel=\"noopener\">jug\u00e9e \u00ab\u00a0raciste et injurieuse\u00a0\u00bb<\/a> par l&rsquo;OM et la Ligue de football.<\/p>\n","protected":false},"excerpt":{"rendered":"Selon ICI Azur, les deux attaquants Terem Moffi et J\u00e9r\u00e9mie Boga se sont vus prescrire respectivement sept jours&hellip;\n","protected":false},"author":2,"featured_media":572545,"comment_status":"","ping_status":"","sticky":false,"template":"","format":"standard","meta":{"footnotes":""},"categories":[2819],"tags":[1111,11,1777,674,1011,27,12,2401,882,25],"class_list":{"0":"post-572544","1":"post","2":"type-post","3":"status-publish","4":"format-standard","5":"has-post-thumbnail","7":"category-nice","8":"tag-actu","9":"tag-actualites","10":"tag-eu","11":"tag-europe","12":"tag-fr","13":"tag-france","14":"tag-news","15":"tag-nice","16":"tag-provence-alpes-cote-dazur","17":"tag-republique-francaise"},"share_on_mastodon":{"url":"https:\/\/pubeurope.com\/@fr\/115648554346706671","error":""},"_links":{"self":[{"href":"https:\/\/www.europesays.com\/fr\/wp-json\/wp\/v2\/posts\/572544","targetHints":{"allow":["GET"]}}],"collection":[{"href":"https:\/\/www.europesays.com\/fr\/wp-json\/wp\/v2\/posts"}],"about":[{"href":"https:\/\/www.europesays.com\/fr\/wp-json\/wp\/v2\/types\/post"}],"author":[{"embeddable":true,"href":"https:\/\/www.europesays.com\/fr\/wp-json\/wp\/v2\/users\/2"}],"replies":[{"embeddable":true,"href":"https:\/\/www.europesays.com\/fr\/wp-json\/wp\/v2\/comments?post=572544"}],"version-history":[{"count":0,"href":"https:\/\/www.europesays.com\/fr\/wp-json\/wp\/v2\/posts\/572544\/revisions"}],"wp:featuredmedia":[{"embeddable":true,"href":"https:\/\/www.europesays.com\/fr\/wp-json\/wp\/v2\/media\/572545"}],"wp:attachment":[{"href":"https:\/\/www.europesays.com\/fr\/wp-json\/wp\/v2\/media?parent=572544"}],"wp:term":[{"taxonomy":"category","embeddable":true,"href":"https:\/\/www.europesays.com\/fr\/wp-json\/wp\/v2\/categories?post=572544"},{"taxonomy":"post_tag","embeddable":true,"href":"https:\/\/www.europesays.com\/fr\/wp-json\/wp\/v2\/tags?post=572544"}],"curies":[{"name":"wp","href":"https:\/\/api.w.org\/{rel}","templated":true}]}}