{"id":572546,"date":"2025-12-02T06:27:35","date_gmt":"2025-12-02T06:27:35","guid":{"rendered":"https:\/\/www.europesays.com\/fr\/572546\/"},"modified":"2025-12-02T06:27:35","modified_gmt":"2025-12-02T06:27:35","slug":"des-policiers-vises-par-des-tirs-de-mortier-en-centre-ville","status":"publish","type":"post","link":"https:\/\/www.europesays.com\/fr\/572546\/","title":{"rendered":"des policiers vis\u00e9s par des tirs de mortier en centre-ville"},"content":{"rendered":"<p>                    Par<br \/>\n        <strong><br \/>\n            <a href=\"https:\/\/actu.fr\/auteur\/redaction-nantes\" title=\"Consulter tous les articles de R\u00e9daction Nantes\" target=\"_blank\" rel=\"noopener\">R\u00e9daction Nantes<\/a><br \/>\n                    <\/strong><\/p>\n<p>        Publi\u00e9 le<\/p>\n<p>            1 d\u00e9c. 2025 \u00e0 12h16        <\/p>\n<p>Une soir\u00e9e mouvement\u00e9e dans le centre-ville de Nantes. Comme r\u00e9v\u00e9l\u00e9 par nos confr\u00e8res de <a href=\"https:\/\/www.ouest-france.fr\/societe\/faits-divers\/une-voiture-de-police-visee-par-des-tirs-de-mortiers-dartifice-en-plein-centre-ville-de-nantes-75bf8ea8-cdd3-11f0-9f92-1f1697d8d1ab\" target=\"_blank\" rel=\"noopener\">Presse Oc\u00e9an<\/a> et de <a href=\"https:\/\/www.ouest-france.fr\/societe\/faits-divers\/projectiles-tirs-de-mortier-une-patrouille-de-police-prise-a-partie-par-la-foule-devant-un-bar-du-centre-de-nantes-3bdd8216-cdd4-11f0-9f92-1f1697d8d1ab\" target=\"_blank\" rel=\"noopener\">Ouest-France<\/a>, dans la nuit du samedi\u00a029 au dimanche 30\u00a0novembre 2025, <b>une patrouille de police a \u00e9t\u00e9 cibl\u00e9e par des tirs de mortiers d\u2019artifice dans le centre-ville<\/b>. Une information confirm\u00e9e par la police aupr\u00e8s d\u2019<a href=\"https:\/\/actu.fr\/nantes\/\" target=\"_blank\" rel=\"noopener\">actu Nantes<\/a>.<a href=\"https:\/\/www.ouest-france.fr\/societe\/faits-divers\/projectiles-tirs-de-mortier-une-patrouille-de-police-prise-a-partie-par-la-foule-devant-un-bar-du-centre-de-nantes-3bdd8216-cdd4-11f0-9f92-1f1697d8d1ab\" target=\"_blank\" rel=\"noopener\"><\/p>\n<p>Pas de bless\u00e9<\/p>\n<p class=\" wall-content\">Vers minuit, un \u00e9quipage de police s\u2019approche d\u2019un bar du centre-ville,<b> au croisement de la rue de Strasbourg avec la rue des Carm\u00e9lites<\/b>, apr\u00e8s le signalement de tirs de feux d\u2019artifice en l\u2019air dans le secteur.<\/p>\n<p class=\" wall-content\">Des personnes, dont certaines auraient dissimul\u00e9 leur visage, ont vis\u00e9 le v\u00e9hicule des policiers qui a \u00e9t\u00e9 \u00ab\u2009l\u00e9g\u00e8rement d\u00e9grad\u00e9\u2009\u00bb. Des projectiles auraient \u00e9galement <b>\u00e9t\u00e9 lanc\u00e9s en direction de la voiture<\/b>.<\/p>\n<p class=\" wall-content\">Il n\u2019y a pas eu de bless\u00e9 chez les fonctionnaires. Selon une source proche du dossier, l\u2019enqu\u00eate se poursuit pour identifier les fauteurs de troubles.<\/p>\n<p class=\" wall-content\">Personnalisez votre actualit\u00e9 en ajoutant vos villes et m\u00e9dias en favori avec <a href=\"https:\/\/moncompte.actu.fr\" title=\"D\u00e9couvez Mon Actu\" rel=\"nofollow noopener\" data-trk=\"{&quot;cta&quot;:{&quot;action&quot;:&quot;https:\\\/\\\/moncompte.actu.fr&quot;,&quot;category&quot;:&quot;mon compte&quot;,&quot;from&quot;:&quot;article footer&quot;,&quot;name&quot;:&quot;Mon actu&quot;,&quot;type&quot;:&quot;cta&quot;}}\" target=\"_blank\">Mon Actu<\/a>.<\/p>\n","protected":false},"excerpt":{"rendered":"Par R\u00e9daction Nantes Publi\u00e9 le 1 d\u00e9c. 2025 \u00e0 12h16 Une soir\u00e9e mouvement\u00e9e dans le centre-ville de Nantes.&hellip;\n","protected":false},"author":2,"featured_media":572547,"comment_status":"","ping_status":"","sticky":false,"template":"","format":"standard","meta":{"footnotes":""},"categories":[2818],"tags":[1111,11,1777,674,118,1011,27,766,12,2636,1072,25],"class_list":{"0":"post-572546","1":"post","2":"type-post","3":"status-publish","4":"format-standard","5":"has-post-thumbnail","7":"category-nantes","8":"tag-actu","9":"tag-actualites","10":"tag-eu","11":"tag-europe","12":"tag-faits-divers","13":"tag-fr","14":"tag-france","15":"tag-nantes","16":"tag-news","17":"tag-pays-de-la-loire","18":"tag-police","19":"tag-republique-francaise"},"share_on_mastodon":{"url":"https:\/\/pubeurope.com\/@fr\/115648557481392794","error":""},"_links":{"self":[{"href":"https:\/\/www.europesays.com\/fr\/wp-json\/wp\/v2\/posts\/572546","targetHints":{"allow":["GET"]}}],"collection":[{"href":"https:\/\/www.europesays.com\/fr\/wp-json\/wp\/v2\/posts"}],"about":[{"href":"https:\/\/www.europesays.com\/fr\/wp-json\/wp\/v2\/types\/post"}],"author":[{"embeddable":true,"href":"https:\/\/www.europesays.com\/fr\/wp-json\/wp\/v2\/users\/2"}],"replies":[{"embeddable":true,"href":"https:\/\/www.europesays.com\/fr\/wp-json\/wp\/v2\/comments?post=572546"}],"version-history":[{"count":0,"href":"https:\/\/www.europesays.com\/fr\/wp-json\/wp\/v2\/posts\/572546\/revisions"}],"wp:featuredmedia":[{"embeddable":true,"href":"https:\/\/www.europesays.com\/fr\/wp-json\/wp\/v2\/media\/572547"}],"wp:attachment":[{"href":"https:\/\/www.europesays.com\/fr\/wp-json\/wp\/v2\/media?parent=572546"}],"wp:term":[{"taxonomy":"category","embeddable":true,"href":"https:\/\/www.europesays.com\/fr\/wp-json\/wp\/v2\/categories?post=572546"},{"taxonomy":"post_tag","embeddable":true,"href":"https:\/\/www.europesays.com\/fr\/wp-json\/wp\/v2\/tags?post=572546"}],"curies":[{"name":"wp","href":"https:\/\/api.w.org\/{rel}","templated":true}]}}