{"id":572552,"date":"2025-12-02T06:30:17","date_gmt":"2025-12-02T06:30:17","guid":{"rendered":"https:\/\/www.europesays.com\/fr\/572552\/"},"modified":"2025-12-02T06:30:17","modified_gmt":"2025-12-02T06:30:17","slug":"pres-de-bordeaux-une-succession-menace-la-survie-de-la-pharmacie-dun-petit-village","status":"publish","type":"post","link":"https:\/\/www.europesays.com\/fr\/572552\/","title":{"rendered":"Pr\u00e8s de Bordeaux, une succession menace la survie de la pharmacie d\u2019un petit village"},"content":{"rendered":"<p>\n    Dans le village girondin de Blasimon, un habitant sur deux a sign\u00e9 une p\u00e9tition pour obtenir le maintien de la pharmacie historique du village. Un r\u00eave qui pourrait rester un mirage de No\u00ebl si elle ne trouve pas rapidement un repreneur.<\/p>\n<p class=\"fig-paragraph\">L\u2019ancienne propri\u00e9taire, d\u00e9c\u00e9d\u00e9e le 27 janvier 2024,\u00a0<a href=\"http:\/\/www.lefigaro.fr\/200ans\/de-l-arriere-boutique-des-officines-a-la-science-mondialisee-la-grande-epopee-de-la-pharmacie-francaise-20251115\" data-fig-type=\"Article\" data-gtm-custom-categorie=\"navigation\" data-gtm-custom-action=\"crossclick\" data-gtm-custom-label=\"Contextuel\" data-gtm-event=\"customEventSPE\" data-fig-domain=\"LEFIGARO\" target=\"_blank\" rel=\"noopener\">a tenu l\u2019officine<\/a>\u00a0durant 25 ans. H\u00e9las, ses deux enfants ne sont pas pharmaciens, condition exig\u00e9e par la loi fran\u00e7aise pour la conserver ouverte, tandis que le g\u00e9rant actuel part \u00e0 la\u00a0<a href=\"http:\/\/www.lefigaro.fr\/conjoncture\/retraites-je-ne-vais-pas-voter-la-suspension-d-une-reforme-dont-je-pense-qu-elle-etait-necessaire-lance-elisabeth-borne-20251130\" data-fig-type=\"NewsFlash\" data-gtm-custom-categorie=\"navigation\" data-gtm-custom-action=\"crossclick\" data-gtm-custom-label=\"Contextuel\" data-gtm-event=\"customEventSPE\" data-fig-domain=\"LEFIGARO\" target=\"_blank\" rel=\"noopener\">retraite<\/a>\u00a0dans deux ans. Dans le petit village de Blasimon, 909 \u00e2mes aux compteurs, la\u00a0<a href=\"http:\/\/www.lefigaro.fr\/voyages\/aller-a-la-pharmacie-plutot-qu-au-louvre-ces-enseignes-de-skincare-francais-font-le-plein-aupres-des-jeunes-touristes-20251115\" data-fig-type=\"Article\" data-gtm-custom-categorie=\"navigation\" data-gtm-custom-action=\"crossclick\" data-gtm-custom-label=\"Contextuel\" data-gtm-event=\"customEventSPE\" data-fig-domain=\"LEFIGARO\" target=\"_blank\" rel=\"noopener\">pharmacie<\/a>\u00a0qui jouxte la mairie depuis quatre d\u00e9cennies pourrait ainsi fermer. \u00abLa pharmacie appartient aux h\u00e9ritiers. Il y a un manque de communication avec ces derniers, qui avaient deux ans pour faire la passation, d\u00e9plore le maire, Daniel Barbe. J\u2019\u00e9tais pourtant pr\u00eat \u00e0 les aider. S\u2019ils refusent de me r\u00e9pondre et qu\u2019ils veulent tirer le rideau, c\u2019est couillon&#8230; mais ils en ont le droit.\u00bb\u00a0<\/p>\n<p class=\"fig-paragraph\">Les deux ann\u00e9es d\u00e9rogatoires apr\u00e8s d\u00e9c\u00e8s, qui permettent le maintien d\u2019une pharmacie en attendant de trouver un repreneur, s\u2019ach\u00e8vent en janvier 2026. Or, si l\u2019officine de Blasimon ferme, la loi ne permettra pas de la rouvrir\u00a0: en vertu du code de la sant\u00e9 publique, il faut justifier d\u2019au moins 2500 habitants dans une commune pour y installer une pharmacie. Une l\u2019\u00e9p\u00e9e de Damocl\u00e8s, qui commence \u00e0 peser lourd. \u00abLes habitants et moi-m\u00eame sommes tr\u00e8s inquiets\u00bb, assure Daniel Barbe. Le maire, qui a contribu\u00e9 \u00e0 cr\u00e9er une maison de sant\u00e9 qui draine \u00ab3800 patients au quotidien\u00bb, juge que cette \u00abpharmacie de proximit\u00e9\u00bb est indispensable \u00e0 ses administr\u00e9s.<\/p>\n<p>                                            <a class=\"fig-a11y-skip\" href=\"#fig-a11y-skip-main-inarticle\" data-module=\"a11y-skip\" data-context=\"was @visible\"><br \/>\n    Passer la publicit\u00e9<br \/>\n<\/a>            <\/p>\n<p>                                            Jeunes h\u00e9ritiers cherchent pharmacien<\/p>\n<p class=\"fig-paragraph\">\u00abCette pharmacie a \u00e9t\u00e9 ouverte avant ma naissance. Si on la laisse fermer, ce sera le d\u00e9but de la d\u00e9sertification m\u00e9dicale alors que la population de Blasimon vieillit\u00bb, estime de son c\u00f4t\u00e9 J\u00e9r\u00e9my Bonnet. Ce trentenaire tient l\u2019\u00e9picerie du bourg, dont la boutique est situ\u00e9e dans la rue parall\u00e8le \u00e0 la pharmacie. Il estime que la perte de l\u2019apothicaire local \u00e9quivaudrait \u00e0 \u00abfaire deux pas en arri\u00e8re\u00bb.\u00a0Il a ainsi eu l\u2019id\u00e9e de\u00a0<a href=\"https:\/\/www.change.org\/p\/sauver-la-pharmacie-de-blasimon-33\" target=\"_blank\" rel=\"sponsored noopener\" data-gtm-custom-categorie=\"navigation\" data-gtm-custom-action=\"crossclick\" data-gtm-custom-label=\"Contextuel\" data-gtm-event=\"customEventSPE\">lancer une p\u00e9tition<\/a>, sign\u00e9e \u00e0 ce jour par plus d\u2019un villageois sur deux, pour obtenir une d\u00e9rogation suppl\u00e9mentaire de l\u2019ARS en esp\u00e9rant qu\u2019un jeune pharmacien viendra sauver l\u2019officine.<\/p>\n<p class=\"fig-paragraph\">\u00abBeaucoup pensent que nous ne faisons rien pour sauver l\u2019officine de maman, explique au Figaro la copropri\u00e9taire Magali Brodu, qui ne souhaite pas entrer directement en contact avec les habitants. Cette p\u00e9tition, m\u00eame si l\u2019habitant qui l\u2019a lanc\u00e9e a cru bien faire, est tr\u00e8s d\u00e9cevante&#8230; La pharmacie n\u2019a pas ferm\u00e9 un seul jour depuis le d\u00e9c\u00e8s de notre maman\u00a0!\u00bb Magali Brodu assure qu\u2019elle et son fr\u00e8re sont en contact avec l\u2019ARS, laquelle n\u2019a pas r\u00e9pondu aux sollicitations du Figaro. Avant d\u2019affirmer\u00a0: \u00abNotre but depuis le d\u00e9but, c\u2019est de trouver un repreneur. Mais la commune de Blasimon a peu d\u2019int\u00e9r\u00eat face \u00e0 Bordeaux ou aux communes du littoral.\u00bb Si aucun repreneur ne se manifeste, le village pourrait se retrouver sans pharmacie dans moins de deux mois.<\/p>\n","protected":false},"excerpt":{"rendered":"Dans le village girondin de Blasimon, un habitant sur deux a sign\u00e9 une p\u00e9tition pour obtenir le maintien&hellip;\n","protected":false},"author":2,"featured_media":572553,"comment_status":"","ping_status":"","sticky":false,"template":"","format":"standard","meta":{"footnotes":""},"categories":[2817],"tags":[1111,11,1997,1777,674,1011,27,11632,12,2219,15299,25,71],"class_list":{"0":"post-572552","1":"post","2":"type-post","3":"status-publish","4":"format-standard","5":"has-post-thumbnail","7":"category-bordeaux","8":"tag-actu","9":"tag-actualites","10":"tag-bordeaux","11":"tag-eu","12":"tag-europe","13":"tag-fr","14":"tag-france","15":"tag-heritage","16":"tag-news","17":"tag-nouvelle-aquitaine","18":"tag-pharmacie","19":"tag-republique-francaise","20":"tag-sante"},"share_on_mastodon":{"url":"https:\/\/pubeurope.com\/@fr\/115648569218601666","error":""},"_links":{"self":[{"href":"https:\/\/www.europesays.com\/fr\/wp-json\/wp\/v2\/posts\/572552","targetHints":{"allow":["GET"]}}],"collection":[{"href":"https:\/\/www.europesays.com\/fr\/wp-json\/wp\/v2\/posts"}],"about":[{"href":"https:\/\/www.europesays.com\/fr\/wp-json\/wp\/v2\/types\/post"}],"author":[{"embeddable":true,"href":"https:\/\/www.europesays.com\/fr\/wp-json\/wp\/v2\/users\/2"}],"replies":[{"embeddable":true,"href":"https:\/\/www.europesays.com\/fr\/wp-json\/wp\/v2\/comments?post=572552"}],"version-history":[{"count":0,"href":"https:\/\/www.europesays.com\/fr\/wp-json\/wp\/v2\/posts\/572552\/revisions"}],"wp:featuredmedia":[{"embeddable":true,"href":"https:\/\/www.europesays.com\/fr\/wp-json\/wp\/v2\/media\/572553"}],"wp:attachment":[{"href":"https:\/\/www.europesays.com\/fr\/wp-json\/wp\/v2\/media?parent=572552"}],"wp:term":[{"taxonomy":"category","embeddable":true,"href":"https:\/\/www.europesays.com\/fr\/wp-json\/wp\/v2\/categories?post=572552"},{"taxonomy":"post_tag","embeddable":true,"href":"https:\/\/www.europesays.com\/fr\/wp-json\/wp\/v2\/tags?post=572552"}],"curies":[{"name":"wp","href":"https:\/\/api.w.org\/{rel}","templated":true}]}}