{"id":572554,"date":"2025-12-02T06:32:29","date_gmt":"2025-12-02T06:32:29","guid":{"rendered":"https:\/\/www.europesays.com\/fr\/572554\/"},"modified":"2025-12-02T06:32:29","modified_gmt":"2025-12-02T06:32:29","slug":"circulation-au-ralenti-sur-9-kilometres-sur-la64-au-sud-de-toulouse-ce-mardi","status":"publish","type":"post","link":"https:\/\/www.europesays.com\/fr\/572554\/","title":{"rendered":"Circulation au ralenti sur 9 kilom\u00e8tres sur l&rsquo;A64, au Sud de Toulouse, ce mardi"},"content":{"rendered":"<p><strong>La prudence est de mise sur les routes toulousaines ce mardi 2 d\u00e9cembre 2025. Bison Fut\u00e9 signale des ralentissements sur 9 kilom\u00e8tres sur l\u2019A64, en direction de la Ville rose. Suivez l\u2019\u00e9volution du trafic routier avec Le Journal Toulousain.<\/strong><\/p>\n<p><img fetchpriority=\"high\" decoding=\"async\" width=\"1200\" height=\"800\" src=\"https:\/\/www.europesays.com\/fr\/wp-content\/uploads\/2025\/12\/Depositphotos_309913000_XL.jpg\" alt=\"Circulation au ralenti sur 9 kilom\u00e8tres sur l'A64, au Sud de Toulouse, ce mardi\"  \/><\/p>\n<p>Circulation au ralenti sur 9 kilom\u00e8tres sur l\u2019A64, au Sud de Toulouse, ce mardi \u00a9 xload \/ Depositphotos<\/p>\n<p><strong>Au Sud de Toulouse : <\/strong>Impact\u00e9e par le r\u00e9tr\u00e9cissement des voies, la circulation est au ralenti sur l\u2019A64, dans le sens Bayonne-Toulouse, entre Muret et Portet-sur-Garonne. Sur l\u2019A620, dans le sens int\u00e9rieur de Toulouse sud vers Toulouse nord, un bouchon de plus de 2 kilom\u00e8tres a \u00e9t\u00e9 recens\u00e9 entre les quartiers Rangueil et Empalot. <\/p>\n","protected":false},"excerpt":{"rendered":"La prudence est de mise sur les routes toulousaines ce mardi 2 d\u00e9cembre 2025. Bison Fut\u00e9 signale des&hellip;\n","protected":false},"author":2,"featured_media":572555,"comment_status":"","ping_status":"","sticky":false,"template":"","format":"standard","meta":{"footnotes":""},"categories":[2816],"tags":[1111,11,56873,58634,1777,674,1011,27,12,2680,25,2312,68714],"class_list":{"0":"post-572554","1":"post","2":"type-post","3":"status-publish","4":"format-standard","5":"has-post-thumbnail","7":"category-toulouse","8":"tag-actu","9":"tag-actualites","10":"tag-au-sud-de-toulouse","11":"tag-ce-mardi","12":"tag-eu","13":"tag-europe","14":"tag-fr","15":"tag-france","16":"tag-news","17":"tag-occitanie","18":"tag-republique-francaise","19":"tag-toulouse","20":"tag-trafic-circulation-au-ralenti-sur-9-kilomu00e8tres-sur-la64"},"share_on_mastodon":{"url":"https:\/\/pubeurope.com\/@fr\/115648578212242929","error":""},"_links":{"self":[{"href":"https:\/\/www.europesays.com\/fr\/wp-json\/wp\/v2\/posts\/572554","targetHints":{"allow":["GET"]}}],"collection":[{"href":"https:\/\/www.europesays.com\/fr\/wp-json\/wp\/v2\/posts"}],"about":[{"href":"https:\/\/www.europesays.com\/fr\/wp-json\/wp\/v2\/types\/post"}],"author":[{"embeddable":true,"href":"https:\/\/www.europesays.com\/fr\/wp-json\/wp\/v2\/users\/2"}],"replies":[{"embeddable":true,"href":"https:\/\/www.europesays.com\/fr\/wp-json\/wp\/v2\/comments?post=572554"}],"version-history":[{"count":0,"href":"https:\/\/www.europesays.com\/fr\/wp-json\/wp\/v2\/posts\/572554\/revisions"}],"wp:featuredmedia":[{"embeddable":true,"href":"https:\/\/www.europesays.com\/fr\/wp-json\/wp\/v2\/media\/572555"}],"wp:attachment":[{"href":"https:\/\/www.europesays.com\/fr\/wp-json\/wp\/v2\/media?parent=572554"}],"wp:term":[{"taxonomy":"category","embeddable":true,"href":"https:\/\/www.europesays.com\/fr\/wp-json\/wp\/v2\/categories?post=572554"},{"taxonomy":"post_tag","embeddable":true,"href":"https:\/\/www.europesays.com\/fr\/wp-json\/wp\/v2\/tags?post=572554"}],"curies":[{"name":"wp","href":"https:\/\/api.w.org\/{rel}","templated":true}]}}