{"id":572559,"date":"2025-12-02T06:37:12","date_gmt":"2025-12-02T06:37:12","guid":{"rendered":"https:\/\/www.europesays.com\/fr\/572559\/"},"modified":"2025-12-02T06:37:12","modified_gmt":"2025-12-02T06:37:12","slug":"une-intersyndicale-appelle-a-la-mobilisation-a-marseille","status":"publish","type":"post","link":"https:\/\/www.europesays.com\/fr\/572559\/","title":{"rendered":"une intersyndicale appelle \u00e0 la mobilisation \u00e0 Marseille"},"content":{"rendered":"<p>Aujourd&rsquo;hui,<a href=\"https:\/\/www.laprovence.com\/article\/societe\/1770333019548415\/face-au-manque-de-professeurs-remplacants-la-grande-debrouille-des-parents-et-enseignants-d-aubagne\" target=\"_blank\" rel=\"noopener\"> les absences devant \u00e9l\u00e8ves <\/a>dans une classe d&rsquo;\u00e9l\u00e9mentaire ou de maternelle sont palli\u00e9es par des <a href=\"https:\/\/www.laprovence.com\/article\/france-monde\/1916445767601715\/en-france-des-enseignants-moins-satisfaits-quailleurs-et-en-manque-de-reconnaissance\" target=\"_blank\" rel=\"noopener\">enseignants(e)s<\/a> appartenant \u00e0 des \u00ab\u00a0brigades\u00a0\u00bb sp\u00e9cifiques, intervenant sur des \u00ab\u00a0circonscriptions\u00a0\u00bb. Mais ce syst\u00e8me devrait \u00eatre chamboul\u00e9 par le minist\u00e8re de l&rsquo;\u00c9ducation nationale \u00e0 la rentr\u00e9e prochaine. Une refonte des brigades qui, selon une intersyndicale, participe \u00e0 une \u00ab\u00a0politique d&rsquo;aust\u00e9rit\u00e9 sans pr\u00e9c\u00e9dent\u00a0\u00bb. Sont pr\u00e9vus, entre autres, une fusion d\u00e9partementale de toutes les brigades et un \u00e9largissement des zones de remplacement.<\/p>\n<p>Mobilisation jeudi 4 d\u00e9cembre \u00e0 12h30<\/p>\n<p>Pour les syndicats, cette r\u00e9forme entra\u00eenerait une \u00ab\u00a0fin de la gestion de proximit\u00e9 et (une) incertitude sur la gestion humaine\u00a0\u00bb, une \u00ab\u00a0baisse inacceptable des r\u00e9mun\u00e9rations\u00a0\u00bb et un \u00ab\u00a0affaiblissement de la formation continue et de l&rsquo;\u00c9ducation prioritaire\u00a0\u00bb.<\/p>\n<p>Une mobilisation, \u00ab\u00a0y compris par la gr\u00e8ve\u00a0\u00bb, est donc pr\u00e9vue le jeudi 4\u00a0d\u00e9cembre \u00e0 partir de 12\u00a0h\u00a030 devant les locaux de la direction des services d\u00e9partementaux de l&rsquo;\u00c9ducation nationale, \u00e0 Marseille.<\/p>\n","protected":false},"excerpt":{"rendered":"Aujourd&rsquo;hui, les absences devant \u00e9l\u00e8ves dans une classe d&rsquo;\u00e9l\u00e9mentaire ou de maternelle sont palli\u00e9es par des enseignants(e)s appartenant&hellip;\n","protected":false},"author":2,"featured_media":572560,"comment_status":"","ping_status":"","sticky":false,"template":"","format":"standard","meta":{"footnotes":""},"categories":[2814],"tags":[17,1111,11,18235,1446,4019,1777,674,1011,27,16991,151,884,12,882,16,68715,25,96],"class_list":{"0":"post-572559","1":"post","2":"type-post","3":"status-publish","4":"format-standard","5":"has-post-thumbnail","7":"category-marseille","8":"tag-17","9":"tag-actu","10":"tag-actualites","11":"tag-appelle","12":"tag-dans","13":"tag-ecoles","14":"tag-eu","15":"tag-europe","16":"tag-fr","17":"tag-france","18":"tag-intersyndicale","19":"tag-les","20":"tag-marseille","21":"tag-news","22":"tag-provence-alpes-cote-dazur","23":"tag-region","24":"tag-remplacements","25":"tag-republique-francaise","26":"tag-une"},"share_on_mastodon":{"url":"https:\/\/pubeurope.com\/@fr\/115648596852560681","error":""},"_links":{"self":[{"href":"https:\/\/www.europesays.com\/fr\/wp-json\/wp\/v2\/posts\/572559","targetHints":{"allow":["GET"]}}],"collection":[{"href":"https:\/\/www.europesays.com\/fr\/wp-json\/wp\/v2\/posts"}],"about":[{"href":"https:\/\/www.europesays.com\/fr\/wp-json\/wp\/v2\/types\/post"}],"author":[{"embeddable":true,"href":"https:\/\/www.europesays.com\/fr\/wp-json\/wp\/v2\/users\/2"}],"replies":[{"embeddable":true,"href":"https:\/\/www.europesays.com\/fr\/wp-json\/wp\/v2\/comments?post=572559"}],"version-history":[{"count":0,"href":"https:\/\/www.europesays.com\/fr\/wp-json\/wp\/v2\/posts\/572559\/revisions"}],"wp:featuredmedia":[{"embeddable":true,"href":"https:\/\/www.europesays.com\/fr\/wp-json\/wp\/v2\/media\/572560"}],"wp:attachment":[{"href":"https:\/\/www.europesays.com\/fr\/wp-json\/wp\/v2\/media?parent=572559"}],"wp:term":[{"taxonomy":"category","embeddable":true,"href":"https:\/\/www.europesays.com\/fr\/wp-json\/wp\/v2\/categories?post=572559"},{"taxonomy":"post_tag","embeddable":true,"href":"https:\/\/www.europesays.com\/fr\/wp-json\/wp\/v2\/tags?post=572559"}],"curies":[{"name":"wp","href":"https:\/\/api.w.org\/{rel}","templated":true}]}}