{"id":572561,"date":"2025-12-02T06:38:22","date_gmt":"2025-12-02T06:38:22","guid":{"rendered":"https:\/\/www.europesays.com\/fr\/572561\/"},"modified":"2025-12-02T06:38:22","modified_gmt":"2025-12-02T06:38:22","slug":"marseille-lars-de-msquare-a-newdelec","status":"publish","type":"post","link":"https:\/\/www.europesays.com\/fr\/572561\/","title":{"rendered":"Marseille : l\u2019ARS de M\u2019Square \u00e0 Newdelec"},"content":{"rendered":"<p><img loading=\"lazy\" decoding=\"async\" alt=\"\u00a9 William Allaire - Le programme Newdelec sortira de terre sur l'ancien site d'Orange, le long du Bd N\u00e9delec, pr\u00e8s de la gare Saint-Charles.\" data-zoom-src=\"https:\/\/www.europesays.com\/fr\/wp-content\/uploads\/2025\/12\/initial-img-9571.jpg\" data-zoomable=\"\" height=\"702\" src=\"https:\/\/www.europesays.com\/fr\/wp-content\/uploads\/2025\/12\/initial-img-9571.jpg\" width=\"1248\"\/>  <\/p>\n<p class=\"article-desc\">\u00a9 William Allaire &#8211; Le programme Newdelec sortira de terre sur l&rsquo;ancien site d&rsquo;Orange, le long du Bd N\u00e9delec, pr\u00e8s de la gare Saint-Charles. <\/p>\n<p><a href=\"https:\/\/www.6emesensimmobilier.com\/\" rel=\"noopener\" target=\"_blank\">6e Sens Immobilier <\/a>vient de s\u00e9curiser un locataire de premier plan pour, au pied de la gare Saint-Charles : l\u2019Agence r\u00e9gionale de sant\u00e9 Provence-Alpes-C\u00f4te d\u2019Azur (ARS Paca) y installera pr\u00e8s de <strong>7 000 m\u00b2 de bureaux dans le cadre d\u2019un bail de longue dur\u00e9e<\/strong> (9 ans ferme\u00a0; montant\u00a0: 265 \u20ac\/m2\/HT\/HC).<strong> Cette annonce marque le vrai d\u00e9part de ce projet en stand-by depuis la pose de sa premi\u00e8re pierre en juin 2023<\/strong>. Trente mois plus tard, l\u2019ancienne friche France T\u00e9l\u00e9com est en effet toujours en jach\u00e8re\u2026 <\/p>\n<p>Le b\u00e2timent sortira de terre \u00e0 la place des anciens locaux d&rsquo;Orange <\/p>\n<p>D\u00e9j\u00e0 bien implant\u00e9 en Auvergne-Rh\u00f4ne-Alpes et en \u00cele-de-France, le groupe lyonnais va donc enfin prendre pied \u00e0 Marseille avec Newdelec. Le b\u00e2timent de 13 200 m\u00b2 en R+7 <a href=\"https:\/\/mesinfos.fr\/provence-alpes-cote-d-azur\/marseille-6e-sens-achete-newdelec-a-orange-113848.html\" rel=\"noopener\" target=\"_blank\">sortira de terre <strong>sur la parcelle des anciens locaux d\u2019Orange<\/strong>, boulevard N\u00e9delec<\/a>, entre Saint-Charles et la Porte d\u2019Aix, au c\u0153ur d\u2019Eurom\u00e9diterran\u00e9e 1.\u00a0\u00ab Newdelec s\u2019inscrit dans un secteur en plein renouveau o\u00f9 une dizaine d\u2019op\u00e9rations importantes ont vu le jour ces derni\u00e8res ann\u00e9es \u00bb,\u00a0rappelait Jacques Garc\u00e8s, directeur g\u00e9n\u00e9ral associ\u00e9, lors du lancement du projet en 2023. 6e Sens a en effet\u00a0repris le programme initialement port\u00e9 par Orange, qui envisageait en 2019 d\u2019y <strong>regrouper ses \u00e9quipes marseillaises avant d\u2019abandonner ce sc\u00e9nario au profit du site de Saint-Mauront (3e)<\/strong>.<\/p>\n<p>  Un pari risqu\u00e9 pour le promoteur 6e Sens Immobilier <\/p>\n<p>Pour son arriv\u00e9e sur le march\u00e9 phoc\u00e9en, le promoteur avait choisi de lancer l\u2019op\u00e9ration en blanc, un pari risqu\u00e9 dans un contexte marqu\u00e9 par l\u2019attentisme des investisseurs.<strong> L\u2019abandon d\u2019IWG, le g\u00e9ant mondial du coworking<\/strong>, qui avait pr\u00e9-r\u00e9serv\u00e9 un quart des surfaces, illustrait ce climat maussade.\u00a0<\/p>\n<p> <img decoding=\"async\" alt=\"\" class=\"img-align-center img-size-limited\" data-zoomable=\"\" height=\"1496\" loading=\"lazy\" src=\"https:\/\/www.europesays.com\/fr\/wp-content\/uploads\/2025\/12\/nedelec-exterieur-01b-hd.jpg\" width=\"1920\"\/> \u00a9 CCD Architecture &#8211; La fa\u00e7ade vitr\u00e9e de l&rsquo;immeuble le long du Bd N\u00e9delec et de la rue Zattara (1er). Des bureaux adapt\u00e9s aux nouveaux usages <\/p>\n<p><strong>La prise \u00e0 bail de l\u2019ARS ouvre la voie au d\u00e9marrage effectif des travaux<\/strong>. Les engins de chantier entreront en action d\u00e9but 2026 en vue d\u2019une livraison de l\u2019\u00e9difice pour la fin 2027 annonce le promoteur.\u00a0 <\/p>\n<p><strong>Newdelec r\u00e9pondra aux exigences de la RE2020.<\/strong> Reli\u00e9 au r\u00e9seau de thalassothermie Thassalia, il devrait r\u00e9duire ses \u00e9missions de CO2\u00a0d\u2019environ 80 %, un atout qui lui permettra de viser le label HQE Excellent. <\/p>\n<p>Un site contraint, un projet enrichi <\/p>\n<p>Le permis de construire obtenu par Orange a \u00e9t\u00e9 conserv\u00e9, tout comme le cabinet marseillais <a class=\"invalid-link\" href=\"http:\/\/www.ccdarchitecture.com\/\" rel=\"noopener\" target=\"_blank\">CCD Architecture<\/a>. Le site imposait plusieurs contraintes : topographie marqu\u00e9e, pr\u00e9sence d\u2019un b\u00e2timent technique d\u2019Orange et maintien d\u2019une fa\u00e7ade existante, exig\u00e9 par l\u2019Architecte des b\u00e2timents de France.\u00a0\u00ab Cette obligation nous a permis de remettre en sc\u00e8ne la corniche d\u00e9bordante et le socle de l\u2019ancien \u00e9difice \u00bb, expliquait l\u2019architecte, <a href=\"https:\/\/www.linkedin.com\/in\/xavier-chabrol-73966028\/?originalSubdomain=fr\" rel=\"noopener\" target=\"_blank\">Xavier Chabrol, <\/a>en juin 2023. Une nouvelle fa\u00e7ade ruban, vitr\u00e9e et verticalis\u00e9e, viendra s\u2019inscrire entre ces deux lignes patrimoniales.<\/p>\n<p>  Deux ailes et un rooftop panoramique <\/p>\n<p>Le programme se structure autour de deux ailes. <\/p>\n<ul type=\"disc\">\n<li><strong>L\u2019aile N\u00e9delec<\/strong>, 5 800 m\u00b2 sur sept niveaux, proposera des plateaux traversants sans vis-\u00e0-vis, dont 2 100 m\u00b2 avec vue mer dans les \u00e9tages hauts. <\/li>\n<li><strong>L\u2019aile Ozanam<\/strong>, 7 400 m\u00b2, offrira notamment des plateaux divisibles de 700 \u00e0 1 100 m\u00b2 du R+4 au R+7.<\/li>\n<\/ul>\n<p>Un rooftop de 200 m\u00b2 couronnera l\u2019ensemble. Deux halls d\u2019entr\u00e9e \u2014 dont un en double hauteur \u2014 distribueront les circulations, compl\u00e9t\u00e9s par un parking de 156 places sur trois niveaux de sous-sol. <\/p>\n<p>M\u2019Square vacant en 2028 <\/p>\n<p><strong>Rappelons que l\u2019ARS est install\u00e9e depuis novembre 2010 dans les 8 860 m\u00e8tres carr\u00e9s de l\u2019immeuble M\u2019Square<\/strong>, sur le boulevard de Paris (3e), au coeur du quartier d\u2019affaires d\u2019Eurom\u00e9diterran\u00e9e. Cet \u00e9crin con\u00e7u par l\u2019agence Atelier 9 (devenue <a href=\"https:\/\/www.map-architecture.fr\/\" rel=\"noopener\" target=\"_blank\">MAP architecture<\/a>) est la propri\u00e9t\u00e9 du fonds allemand KanAm Grund Group qui l\u2019avait acquis moyennant un ch\u00e8que de 41,5 M\u20ac aupr\u00e8s de Real IS au d\u00e9but 2019. En 2028, quand les agents de l\u2019ARS auront d\u00e9m\u00e9nag\u00e9 pr\u00e8s de la gare Saint-Charles, la question de la r\u00e9novation de cet \u00e9crin se posera.<\/p>\n<p> <img decoding=\"async\" alt=\"\" class=\"img-align-center img-size-limited\" data-zoomable=\"\" height=\"1500\" loading=\"lazy\" src=\"https:\/\/www.europesays.com\/fr\/wp-content\/uploads\/2025\/12\/m-square.jpg\" width=\"2000\"\/> \u00a9 WA &#8211; L&rsquo;ARS occupe la totalit\u00e9 de l&rsquo;immeuble M&rsquo;Square depuis 2010. <\/p>\n<p>\u00a0 <\/p>\n<p>\u00ab\u00a06Milles\u00a0\u00bb, projet de 5 600 m2 au c\u0153ur du p\u00f4le d\u2019activit\u00e9s d\u2019Aix <\/p>\n<p>Apr\u00e8s Marseille, 6e Sens Immobilier se d\u00e9ploie dans le pays d\u2019Aix. Le groupe lyonnais vient de lancer 6Milles, programme tertiaire de 5 600 m2 (R+3) qu\u2019il pr\u00e9voit d\u2019\u00e9riger rue Pierre Duhem, en face du golf d&rsquo;Aix-Marseille, au c\u0153ur du p\u00f4le d\u2019activit\u00e9s d\u2019Aix-en-Provence. <\/p>\n<p> <img decoding=\"async\" alt=\"\" class=\"img-align-center img-size-limited\" data-zoomable=\"\" height=\"1385\" loading=\"lazy\" src=\"https:\/\/www.europesays.com\/fr\/wp-content\/uploads\/2025\/12\/6milles.jpg\" width=\"1920\"\/> \u00a9 CCD Architecture &#8211; Le projet 6Milles verra le jour au coeur du p\u00f4le d&rsquo;activit\u00e9s d&rsquo;Aix. <\/p>\n<p data-end=\"653\" data-is-last-node=\"\" data-is-only-node=\"\" data-start=\"329\"><strong>Le projet con\u00e7u par l\u2019agence CCD Architecture proposera 5 600 m\u00b2 de bureaux divisibles \u00e0 partir de 2 800 m\u00b2<\/strong>, avec plateaux modulables, terrasses, rooftop et un ERP de type W en rez-de-chauss\u00e9e. Il visera des performances environnementales \u00e9lev\u00e9es, incluant b\u00e9ton bas carbone, RE2020 et BREEAM Excellent.<\/p>\n","protected":false},"excerpt":{"rendered":"\u00a9 William Allaire &#8211; Le programme Newdelec sortira de terre sur l&rsquo;ancien site d&rsquo;Orange, le long du Bd&hellip;\n","protected":false},"author":2,"featured_media":572562,"comment_status":"","ping_status":"","sticky":false,"template":"","format":"standard","meta":{"footnotes":""},"categories":[2814],"tags":[1111,11,35712,1777,674,1011,27,884,12,48754,32681,882,25],"class_list":{"0":"post-572561","1":"post","2":"type-post","3":"status-publish","4":"format-standard","5":"has-post-thumbnail","7":"category-marseille","8":"tag-actu","9":"tag-actualites","10":"tag-ars","11":"tag-eu","12":"tag-europe","13":"tag-fr","14":"tag-france","15":"tag-marseille","16":"tag-news","17":"tag-programme-immobilier","18":"tag-promoteur","19":"tag-provence-alpes-cote-dazur","20":"tag-republique-francaise"},"share_on_mastodon":{"url":"https:\/\/pubeurope.com\/@fr\/115648602085444007","error":""},"_links":{"self":[{"href":"https:\/\/www.europesays.com\/fr\/wp-json\/wp\/v2\/posts\/572561","targetHints":{"allow":["GET"]}}],"collection":[{"href":"https:\/\/www.europesays.com\/fr\/wp-json\/wp\/v2\/posts"}],"about":[{"href":"https:\/\/www.europesays.com\/fr\/wp-json\/wp\/v2\/types\/post"}],"author":[{"embeddable":true,"href":"https:\/\/www.europesays.com\/fr\/wp-json\/wp\/v2\/users\/2"}],"replies":[{"embeddable":true,"href":"https:\/\/www.europesays.com\/fr\/wp-json\/wp\/v2\/comments?post=572561"}],"version-history":[{"count":0,"href":"https:\/\/www.europesays.com\/fr\/wp-json\/wp\/v2\/posts\/572561\/revisions"}],"wp:featuredmedia":[{"embeddable":true,"href":"https:\/\/www.europesays.com\/fr\/wp-json\/wp\/v2\/media\/572562"}],"wp:attachment":[{"href":"https:\/\/www.europesays.com\/fr\/wp-json\/wp\/v2\/media?parent=572561"}],"wp:term":[{"taxonomy":"category","embeddable":true,"href":"https:\/\/www.europesays.com\/fr\/wp-json\/wp\/v2\/categories?post=572561"},{"taxonomy":"post_tag","embeddable":true,"href":"https:\/\/www.europesays.com\/fr\/wp-json\/wp\/v2\/tags?post=572561"}],"curies":[{"name":"wp","href":"https:\/\/api.w.org\/{rel}","templated":true}]}}