{"id":572564,"date":"2025-12-02T06:40:17","date_gmt":"2025-12-02T06:40:17","guid":{"rendered":"https:\/\/www.europesays.com\/fr\/572564\/"},"modified":"2025-12-02T06:40:17","modified_gmt":"2025-12-02T06:40:17","slug":"gros-ralentissements-a-lest-de-lyon-ce-mardi-2-decembre","status":"publish","type":"post","link":"https:\/\/www.europesays.com\/fr\/572564\/","title":{"rendered":"gros ralentissements \u00e0 l&rsquo;est de Lyon ce mardi 2 d\u00e9cembre"},"content":{"rendered":"<p>D&rsquo;ordinaire, le mardi est un jour \u00e0 bouchons. Celui-ci ne devrait pas d\u00e9roger \u00e0 la r\u00e8gle.<\/p>\n<p>Les points noirs se trouvent autour du <strong>n\u0153ud de Manissieux<\/strong>, jonction entre l&rsquo;A46 Sud et l&rsquo;A43 \u00e0 hauteur de Saint-Priest. Sur ces deux axes, Bison fut\u00e9\u00a0comptabilise plus de 13 km de bouchons.\u00a0<\/p>\n<p>\u00c7a coince aussi au sud avec 4 km de ralentissement sur l&rsquo;<strong>A450<\/strong> en direction de Lyon, tout comme sur l&rsquo;<strong>A7<\/strong> (8 km).<\/p>\n","protected":false},"excerpt":{"rendered":"D&rsquo;ordinaire, le mardi est un jour \u00e0 bouchons. Celui-ci ne devrait pas d\u00e9roger \u00e0 la r\u00e8gle. Les points&hellip;\n","protected":false},"author":2,"featured_media":572565,"comment_status":"","ping_status":"","sticky":false,"template":"","format":"standard","meta":{"footnotes":""},"categories":[1889],"tags":[119,1111,11,2430,3542,3152,2757,3153,3154,3155,3156,1777,674,1011,27,2428,12,25,2429,2803],"class_list":{"0":"post-572564","1":"post","2":"type-post","3":"status-publish","4":"format-standard","5":"has-post-thumbnail","7":"category-lyon","8":"tag-accident","9":"tag-actu","10":"tag-actualites","11":"tag-auvergne-rhone-alpes","12":"tag-circulation","13":"tag-edition-est-lyonnais","14":"tag-edition-lyon-villeurbanne","15":"tag-edition-ouest-lyonnais","16":"tag-edition-sud-lyonnais","17":"tag-edition-tarare","18":"tag-edition-villefranche","19":"tag-eu","20":"tag-europe","21":"tag-fr","22":"tag-france","23":"tag-lyon","24":"tag-news","25":"tag-republique-francaise","26":"tag-rhone","27":"tag-transport"},"share_on_mastodon":{"url":"https:\/\/pubeurope.com\/@fr\/115648608502985804","error":""},"_links":{"self":[{"href":"https:\/\/www.europesays.com\/fr\/wp-json\/wp\/v2\/posts\/572564","targetHints":{"allow":["GET"]}}],"collection":[{"href":"https:\/\/www.europesays.com\/fr\/wp-json\/wp\/v2\/posts"}],"about":[{"href":"https:\/\/www.europesays.com\/fr\/wp-json\/wp\/v2\/types\/post"}],"author":[{"embeddable":true,"href":"https:\/\/www.europesays.com\/fr\/wp-json\/wp\/v2\/users\/2"}],"replies":[{"embeddable":true,"href":"https:\/\/www.europesays.com\/fr\/wp-json\/wp\/v2\/comments?post=572564"}],"version-history":[{"count":0,"href":"https:\/\/www.europesays.com\/fr\/wp-json\/wp\/v2\/posts\/572564\/revisions"}],"wp:featuredmedia":[{"embeddable":true,"href":"https:\/\/www.europesays.com\/fr\/wp-json\/wp\/v2\/media\/572565"}],"wp:attachment":[{"href":"https:\/\/www.europesays.com\/fr\/wp-json\/wp\/v2\/media?parent=572564"}],"wp:term":[{"taxonomy":"category","embeddable":true,"href":"https:\/\/www.europesays.com\/fr\/wp-json\/wp\/v2\/categories?post=572564"},{"taxonomy":"post_tag","embeddable":true,"href":"https:\/\/www.europesays.com\/fr\/wp-json\/wp\/v2\/tags?post=572564"}],"curies":[{"name":"wp","href":"https:\/\/api.w.org\/{rel}","templated":true}]}}