{"id":572568,"date":"2025-12-02T06:43:14","date_gmt":"2025-12-02T06:43:14","guid":{"rendered":"https:\/\/www.europesays.com\/fr\/572568\/"},"modified":"2025-12-02T06:43:14","modified_gmt":"2025-12-02T06:43:14","slug":"les-maitres-sont-aussi-des-electeurs-les-chiens-auront-bientot-acces-a-davantage-despaces-verts-a-paris","status":"publish","type":"post","link":"https:\/\/www.europesays.com\/fr\/572568\/","title":{"rendered":"\u00ab\u00a0Les ma\u00eetres sont aussi des \u00e9lecteurs\u2026\u00a0\u00bb Les chiens auront bient\u00f4t acc\u00e8s \u00e0 davantage d\u2019espaces verts \u00e0 Paris"},"content":{"rendered":"<p class=\"paragraph text_align_left lp-f-body-02\">Les 100 000 chiens vivant dans la capitale auront bient\u00f4t plus d\u2019espace pour circuler. Lors du dernier Conseil de <a href=\"https:\/\/www.leparisien.fr\/paris-75\/\" target=\"_self\" rel=\"noopener\">Paris<\/a>, un v\u0153u a \u00e9t\u00e9 adopt\u00e9 \u00e0 l\u2019unanimit\u00e9 pour offrir davantage de libert\u00e9 aux propri\u00e9taires de chiens. Il pr\u00e9voit notamment d\u2019accro\u00eetre le nombre de parcs et jardins accessibles <a href=\"https:\/\/www.leparisien.fr\/paris-75\/les-chiens-se-font-un-peu-plus-leur-place-a-paris-avec-un-club-ou-le-chien-est-roi-18-07-2025-XAB7GLXQXBDDVJAGMXEUSKM7FE.php\" target=\"_self\" rel=\"noopener\">aux canid\u00e9s<\/a> tenus en laisse. La plupart leur sont en effet pour le moment interdits. Le changement devrait avoir lieu dans les prochaines semaines.<\/p>\n","protected":false},"excerpt":{"rendered":"Les 100 000 chiens vivant dans la capitale auront bient\u00f4t plus d\u2019espace pour circuler. Lors du dernier Conseil&hellip;\n","protected":false},"author":2,"featured_media":572569,"comment_status":"","ping_status":"","sticky":false,"template":"","format":"standard","meta":{"footnotes":""},"categories":[1888],"tags":[1111,1928,11,1927,1867,1777,674,1011,27,1944,12,1926,626,1925,25],"class_list":{"0":"post-572568","1":"post","2":"type-post","3":"status-publish","4":"format-standard","5":"has-post-thumbnail","7":"category-paris","8":"tag-actu","9":"tag-actu-paris","10":"tag-actualites","11":"tag-actualites-paris","12":"tag-animaux","13":"tag-eu","14":"tag-europe","15":"tag-fr","16":"tag-france","17":"tag-ma-ville","18":"tag-news","19":"tag-news-paris","20":"tag-paris","21":"tag-paris-news","22":"tag-republique-francaise"},"share_on_mastodon":{"url":"https:\/\/pubeurope.com\/@fr\/115648620625506041","error":""},"_links":{"self":[{"href":"https:\/\/www.europesays.com\/fr\/wp-json\/wp\/v2\/posts\/572568","targetHints":{"allow":["GET"]}}],"collection":[{"href":"https:\/\/www.europesays.com\/fr\/wp-json\/wp\/v2\/posts"}],"about":[{"href":"https:\/\/www.europesays.com\/fr\/wp-json\/wp\/v2\/types\/post"}],"author":[{"embeddable":true,"href":"https:\/\/www.europesays.com\/fr\/wp-json\/wp\/v2\/users\/2"}],"replies":[{"embeddable":true,"href":"https:\/\/www.europesays.com\/fr\/wp-json\/wp\/v2\/comments?post=572568"}],"version-history":[{"count":0,"href":"https:\/\/www.europesays.com\/fr\/wp-json\/wp\/v2\/posts\/572568\/revisions"}],"wp:featuredmedia":[{"embeddable":true,"href":"https:\/\/www.europesays.com\/fr\/wp-json\/wp\/v2\/media\/572569"}],"wp:attachment":[{"href":"https:\/\/www.europesays.com\/fr\/wp-json\/wp\/v2\/media?parent=572568"}],"wp:term":[{"taxonomy":"category","embeddable":true,"href":"https:\/\/www.europesays.com\/fr\/wp-json\/wp\/v2\/categories?post=572568"},{"taxonomy":"post_tag","embeddable":true,"href":"https:\/\/www.europesays.com\/fr\/wp-json\/wp\/v2\/tags?post=572568"}],"curies":[{"name":"wp","href":"https:\/\/api.w.org\/{rel}","templated":true}]}}