{"id":572570,"date":"2025-12-02T06:44:16","date_gmt":"2025-12-02T06:44:16","guid":{"rendered":"https:\/\/www.europesays.com\/fr\/572570\/"},"modified":"2025-12-02T06:44:16","modified_gmt":"2025-12-02T06:44:16","slug":"metro-lune-des-plus-grosses-stations-de-paris-fermee-pendant-9-mois-en-2026","status":"publish","type":"post","link":"https:\/\/www.europesays.com\/fr\/572570\/","title":{"rendered":"M\u00e9tro\u00a0: l&rsquo;une des plus grosses stations de Paris ferm\u00e9e pendant 9 mois en 2026\u00a0!"},"content":{"rendered":"<p>Ce sont des <strong>mois compliqu\u00e9s<\/strong> qui s\u2019annoncent pour <strong>tous les voyageurs de cette station parisienne<\/strong> l\u2019ann\u00e9e prochaine. En cause\u00a0? Une <strong>fermeture<\/strong> pendant <strong>\u00e0 peine moins d\u2019un an <\/strong>de la station <strong><a href=\"https:\/\/www.lebonbon.fr\/paris\/news\/grilles-statue-place-republique\/\" target=\"_blank\" rel=\"noopener\">R\u00e9publique<\/a>,<\/strong> \u00e0 partir de <strong>l\u2019\u00e9t\u00e9 prochain<\/strong>, et jusqu\u2019au <strong>printemps 2027.<\/strong> Heureusement, m\u00eame si la situation est assez dramatique, on tient \u00e0 vous rassurer, cette<strong> fermeture ne concerne en fait qu\u2019une seule ligne. <\/strong>\u00c7a reste p\u00e9nible, mais c\u2019est toujours \u00e7a de bon \u00e0 prendre, non\u00a0?<\/p>\n<p>&#13;<br \/>\n<br \/>Une ligne maudite&#13;<\/p>\n<p><strong>Double peine pour la ligne 8<\/strong>. D\u00e9j\u00e0 qu\u2019elle est consid\u00e9r\u00e9e comme<strong> l\u2019une des pires lignes de la capitale<\/strong>, sa r\u00e9putation ne devrait pas s\u2019am\u00e9liorer dans les mois \u00e0 venir. En effet,<strong> fin novembre<\/strong>, <strong>IDFM<\/strong> a tenu une <strong>conf\u00e9rence de presse <\/strong>au sein de la <a href=\"https:\/\/www.lebonbon.fr\/paris\/news\/images-gare-parisienne-transformee\/\" target=\"_blank\" rel=\"noopener\"><strong>gare de Lyon<\/strong><\/a>, au cours de laquelle ils ont annonc\u00e9 que les rames ne<strong> marqueraient pas l\u2019arr\u00eat \u00e0 la station R\u00e9publique<\/strong>, et ce du<strong> 22 juillet 2026 jusqu\u2019en avril 2027<\/strong>. Une fermeture de<strong> 9 mois<\/strong>, soit autant de temps qu\u2019il n\u2019en faut pour concevoir un \u00eatre humain, c\u2019est important de le pr\u00e9ciser, due \u00e0<strong> d&rsquo;importants travaux dans la station.<\/strong><\/p>\n<p>&#13;<\/p>\n<blockquote class=\"twitter-tweet\"><p>&#13;<\/p>\n<p lang=\"fr\" dir=\"ltr\">Paris\u00a0: l\u2019arr\u00eat R\u00e9publique de la ligne 8 du m\u00e9tro sera ferm\u00e9 pendant neuf mois entre 2026 et 2027<br \/>\u27a1\ufe0f <a href=\"https:\/\/t.co\/fUBFO4pJat\">https:\/\/t.co\/fUBFO4pJat<\/a> <a href=\"https:\/\/t.co\/aGgeu3cgcJ\">pic.twitter.com\/aGgeu3cgcJ<\/a><\/p>\n<p>&#13;<br \/>\n\u2014 Le Parisien | transports (@transportsidf) <a href=\"https:\/\/twitter.com\/transportsidf\/status\/1995415578987684060?ref_src=twsrc%5Etfw\" target=\"_blank\" rel=\"noopener\">December 1, 2025<\/a><\/p><\/blockquote>\n<p>&#13;<br \/>\n&#13;<\/p>\n<p>Et comme un bonheur n\u2019arrive jamais seul, <strong>la fermeture de la station R\u00e9publique<\/strong> ne sera <a href=\"https:\/\/www.lebonbon.fr\/paris\/news\/metro-4-chantiers-majeurs-interruptions-2026\/\" target=\"_blank\" rel=\"noopener\"><strong>pas la seule perturbation<\/strong><\/a> que devront accepter les quelque<strong> 250 000 passagers quotidiens de la ligne 8<\/strong>. En effet, cette derni\u00e8re sera \u00e9galement inaccessible <strong>du 20 au 27 ao\u00fbt,<\/strong> plus \u00e0 l\u2019ouest cette fois-ci,<strong> entre les stations Balard et Concorde<\/strong>. Petit conseil\u00a0: si vous empruntez ce tron\u00e7on pour aller au boulot, n\u2019h\u00e9sitez pas \u00e0 <strong>d\u2019ores et d\u00e9j\u00e0 poser votre semaine<\/strong>, \u00e7a vous simplifiera la vie.<\/p>\n<p>&#13;<br \/>\n<br \/>Des solutions de secours&#13;<\/p>\n<p>Revenons \u00e0 nos moutons cependant, pour ce qui est de la <strong>station R\u00e9publique,<\/strong> les<strong> 4 autres lignes (3, 5, 9, et 11)<\/strong> seront, elles, <strong>accessibles<\/strong> pendant toute la dur\u00e9e des travaux,<strong> sans correspondance possible avec la 8 <\/strong>cependant. Pour pouvoir passer de l\u2019une \u00e0 l\u2019autre, ou acc\u00e9der directement \u00e0 la ligne violette, il vous faudra donc <strong>faire un peu plus de trajet <\/strong>(en allant jusqu&rsquo;\u00e0 <a href=\"https:\/\/www.lebonbon.fr\/paris\/news\/travaux-palais-garnier-opera-bastille-450-millions-euros\/\" target=\"_blank\" rel=\"noopener\"><strong>Op\u00e9ra<\/strong><\/a> par exemple pour profiter de la<strong> liaison entre la 3 et la 8<\/strong>), ou bien en <strong>empruntant les stations adjacentes<\/strong> et en marchant un peu. En effet, les wagons continueront \u00e0 circuler sans incident au niveau des stations <strong>Strasbourg-Saint-Denis<\/strong> \u2014 \u00e0 700 m\u00e8tres de R\u00e9publique, desservies par la 4 et la 9 \u2014 ou bien \u00e0<strong> Filles du Calvaire,<\/strong> \u00e0 550 m\u00e8tres. Bon courage \u00e0 tous\u00a0!<\/p>\n<p>&#13;<\/p>\n<blockquote class=\"twitter-tweet\"><p>&#13;<\/p>\n<p lang=\"fr\" dir=\"ltr\">\ud83d\uddd3\ufe0f Principaux travaux entra\u00eenant des fermetures sur le r\u00e9seau m\u00e9tro jusqu&rsquo;\u00e0 l&rsquo;\u00e9t\u00e9 2026\u00a0: les lignes 4, 8, 12 et 13 sont concern\u00e9es (3bis et 7bis aussi) <a href=\"https:\/\/t.co\/EJXrrWpjlN\">pic.twitter.com\/EJXrrWpjlN<\/a><\/p>\n<p>&#13;<br \/>\n\u2014 AUT \/ FNAUT IDF (@Asso_usagersidf) <a href=\"https:\/\/twitter.com\/Asso_usagersidf\/status\/1993972410647748879?ref_src=twsrc%5Etfw\" target=\"_blank\" rel=\"noopener\">November 27, 2025<\/a><\/p><\/blockquote>\n<p>&#13;<br \/>\n<script async src=\"https:\/\/platform.twitter.com\/widgets.js\" charset=\"utf-8\"><\/script><\/p>\n","protected":false},"excerpt":{"rendered":"Ce sont des mois compliqu\u00e9s qui s\u2019annoncent pour tous les voyageurs de cette station parisienne l\u2019ann\u00e9e prochaine. En&hellip;\n","protected":false},"author":2,"featured_media":572571,"comment_status":"","ping_status":"","sticky":false,"template":"","format":"standard","meta":{"footnotes":""},"categories":[1888],"tags":[1111,1928,11,1927,1777,674,1011,27,12,1926,626,1925,25],"class_list":{"0":"post-572570","1":"post","2":"type-post","3":"status-publish","4":"format-standard","5":"has-post-thumbnail","7":"category-paris","8":"tag-actu","9":"tag-actu-paris","10":"tag-actualites","11":"tag-actualites-paris","12":"tag-eu","13":"tag-europe","14":"tag-fr","15":"tag-france","16":"tag-news","17":"tag-news-paris","18":"tag-paris","19":"tag-paris-news","20":"tag-republique-francaise"},"share_on_mastodon":{"url":"https:\/\/pubeurope.com\/@fr\/115648625054947727","error":""},"_links":{"self":[{"href":"https:\/\/www.europesays.com\/fr\/wp-json\/wp\/v2\/posts\/572570","targetHints":{"allow":["GET"]}}],"collection":[{"href":"https:\/\/www.europesays.com\/fr\/wp-json\/wp\/v2\/posts"}],"about":[{"href":"https:\/\/www.europesays.com\/fr\/wp-json\/wp\/v2\/types\/post"}],"author":[{"embeddable":true,"href":"https:\/\/www.europesays.com\/fr\/wp-json\/wp\/v2\/users\/2"}],"replies":[{"embeddable":true,"href":"https:\/\/www.europesays.com\/fr\/wp-json\/wp\/v2\/comments?post=572570"}],"version-history":[{"count":0,"href":"https:\/\/www.europesays.com\/fr\/wp-json\/wp\/v2\/posts\/572570\/revisions"}],"wp:featuredmedia":[{"embeddable":true,"href":"https:\/\/www.europesays.com\/fr\/wp-json\/wp\/v2\/media\/572571"}],"wp:attachment":[{"href":"https:\/\/www.europesays.com\/fr\/wp-json\/wp\/v2\/media?parent=572570"}],"wp:term":[{"taxonomy":"category","embeddable":true,"href":"https:\/\/www.europesays.com\/fr\/wp-json\/wp\/v2\/categories?post=572570"},{"taxonomy":"post_tag","embeddable":true,"href":"https:\/\/www.europesays.com\/fr\/wp-json\/wp\/v2\/tags?post=572570"}],"curies":[{"name":"wp","href":"https:\/\/api.w.org\/{rel}","templated":true}]}}