{"id":572572,"date":"2025-12-02T06:45:21","date_gmt":"2025-12-02T06:45:21","guid":{"rendered":"https:\/\/www.europesays.com\/fr\/572572\/"},"modified":"2025-12-02T06:45:21","modified_gmt":"2025-12-02T06:45:21","slug":"laurent-lafitte-se-confie-sur-son-role-dans-la-cage-aux-folles-cette-experience-vient-chercher-des-choses-tres-intimes-en-moi","status":"publish","type":"post","link":"https:\/\/www.europesays.com\/fr\/572572\/","title":{"rendered":"Laurent Lafitte se confie sur son r\u00f4le dans La Cage aux folles : \u201cCette exp\u00e9rience vient chercher des choses tr\u00e8s intimes en moi\u201d"},"content":{"rendered":"<p><strong>Laurent Lafitte,<\/strong> acteur cam\u00e9l\u00e9on pass\u00e9 ma\u00eetre dans l\u2019<a href=\"https:\/\/www.vogue.fr\/dossier\/art\" isautogenerated=\"true\" target=\"_blank\" rel=\"noopener\">art<\/a> de m\u00ealer com\u00e9die et drame, a promen\u00e9 son jeu singulier aussi bien au <a href=\"https:\/\/www.vogue.fr\/dossier\/cinema\" isautogenerated=\"true\" target=\"_blank\" rel=\"noopener\">cin\u00e9ma<\/a> que sur les sc\u00e8nes les plus prestigieuses, jusqu\u2019\u00e0 devenir pensionnaire de la Com\u00e9die-Fran\u00e7aise. Pourtant, malgr\u00e9 cette palette d\u00e9j\u00e0 vaste, La Cage aux folles marque pour lui une premi\u00e8re : incarner Albin\/Zaza, personnage flamboyant et intime qui exige une v\u00e9ritable m\u00e9tamorphose. Entre h\u00e9ritage de <strong>Michel Serrault<\/strong>, fascination ancienne pour l\u2019\u0153uvre et plong\u00e9e in\u00e9dite dans un r\u00f4le performatif, <strong>Lafitte<\/strong> s\u2019aventure ici sur un terrain qu\u2019il n\u2019avait encore jamais foul\u00e9 \u2013 et qui red\u00e9finit, une fois de plus, l\u2019acteur qu\u2019il est.<\/p>\n<p>A lire aussi<\/p>\n<p><a attributes=\"[object Object]\" class=\"external-link-embed__hed-link button\" href=\"https:\/\/www.vogue.fr\/article\/films-les-plus-attendus-2026-sorties-cinema\" target=\"_blank\" rel=\"noopener\">Quels sont les 26 films les plus attendus de 2026 ?<\/a><\/p>\n<p class=\"BaseWrap-sc-gzmcOU BaseText-eqOrNE ExternalLinkEmbedDek-bINJOE deqABF cnUROo pjXVm\">Du biopic sportif Marty Supreme men\u00e9 par Timoth\u00e9e Chalamet, au prochain long-m\u00e9trage d&rsquo;Arthur Harari, cosc\u00e9nariste d&rsquo;Anatomie d&rsquo;une chute\u2026 que nous r\u00e9servent les films qui sortiront en 2026 au cin\u00e9ma ?<\/p>\n<p><a attributes=\"[object Object]\" class=\"external-link-embed__image-link\" href=\"https:\/\/www.vogue.fr\/article\/films-les-plus-attendus-2026-sorties-cinema\" target=\"_blank\" rel=\"noopener\"><img decoding=\"async\" alt=\"Hamnet de Chlo\u00e9 Zhao\" loading=\"lazy\" class=\"ResponsiveImageContainer-eNxvmU cfBbTk responsive-image__image\"   src=\"https:\/\/www.europesays.com\/fr\/wp-content\/uploads\/2025\/12\/MCDHAMN_UC003.jpg\"\/><\/a><\/p>\n<p><strong>Vogue. Comment avez-vous d\u00e9couvert La Cage aux folles\u2009?<\/strong><\/p>\n<p><strong>Laurent Lafitte.<\/strong> Le film, d\u2019abord, quand j\u2019\u00e9tais gamin, dot\u00e9 du g\u00e9nie de <strong>Michel Serrault<\/strong>. Puis j\u2019ai d\u00e9couvert la com\u00e9die musicale \u00e0 Broadway, dans la reprise de 2010, puis \u00e0 <a href=\"https:\/\/www.vogue.fr\/dossier\/londres\" isautogenerated=\"true\" target=\"_blank\" rel=\"noopener\">Londres<\/a> et \u00e0 Berlin. J\u2019aime observer comment diff\u00e9rentes productions abordent une m\u00eame \u0153uvre. Apr\u00e8s nos discussions avec <strong>Olivier Py<\/strong> autour de La Cage aux folles, sur le tournage du Moli\u00e8re imaginaire, j\u2019ai \u00e9t\u00e9 ravi qu\u2019il puisse me proposer ce projet \u00e0 son arriv\u00e9e \u00e0 la t\u00eate du <a href=\"https:\/\/www.vogue.fr\/dossier\/theatre\" isautogenerated=\"true\" target=\"_blank\" rel=\"noopener\">th\u00e9\u00e2tre<\/a> du Ch\u00e2telet\u2009!<\/p>\n<p><strong>Albin\/Zaza est un personnage performatif qui demande un vrai travail de transformation physique\u2026 en talons, n\u2019est-ce pas\u2009?<\/strong><\/p>\n<p>En talons, \u00e9videmment. Sinon, ce serait d\u00e9cevant\u2009! En effet, c\u2019est un r\u00f4le qu\u2019on ne peut pas aborder \u00e0 reculons. Si je n\u2019ai jamais eu le fantasme du transformisme, j\u2019envisage le travail des drag queens comme une forme th\u00e9\u00e2trale \u00e0 part enti\u00e8re \u2013 passionnante. Une fois le spectacle termin\u00e9, Albin\/Zaza reste sur sc\u00e8ne. Mais cela reste un d\u00e9fi d\u2019acteur\u2009! Ce personnage est aussi d\u00e9stabilisant, parce qu\u2019il va \u00e0 l\u2019encontre de toutes les injonctions \u00e0 la virilit\u00e9 qu\u2019on re\u00e7oit en grandissant. Ne f\u00fbt-ce que pendant la s\u00e9ance photo pour l\u2019affiche, j\u2019ai ressenti quelque chose de fort\u2009: presque un m\u00e9lange de malaise et d\u2019excitation. Et j\u2019ai compris que cette exp\u00e9rience allait chercher des choses tr\u00e8s intimes en moi, et qu\u2019il n\u2019y avait rien d\u2019anodin\u2026<\/p>\n<p><strong>\u00c9tait-ce impressionnant de succ\u00e9der \u00e0 Michel Serrault\u2009?<\/strong><\/p>\n<p>J\u2019ai toujours \u00e9t\u00e9 fascin\u00e9 par <strong>Serrault<\/strong>, au point de penser qu\u2019il \u00e9tait impossible de rejouer cette partition. Mais la version musicale permet de raconter autrement l\u2019histoire, et donc d\u2019aborder Albin sous un autre angle. On le r\u00e9duit souvent \u00e0 sa \u201cfollitude\u201d, alors qu\u2019il y a beaucoup plus\u2009: sa sensibilit\u00e9, sa fragilit\u00e9\u2026 Il fallait rester sinc\u00e8re sans tomber dans la caricature. Ce qui m\u2019int\u00e9resse aussi, c\u2019est la dualit\u00e9. Car Zaza est le refuge d\u2019Albin. La com\u00e9die musicale l\u2019exprime tr\u00e8s bien, notamment quand il chante qu\u2019il entre dans son personnage \u00e0 la fois comme dans un refuge<br \/>et sur un champ de bataille.<\/p>\n<p><strong>Olivier Py nous confiait il y a quelques mois que l\u2019une des forces de La Cage aux folles, c\u2019est sa r\u00e9sonance avec notre \u00e9poque actuelle. Ce que vous avez, vous aussi, ressenti\u2009?<\/strong><\/p>\n","protected":false},"excerpt":{"rendered":"Laurent Lafitte, acteur cam\u00e9l\u00e9on pass\u00e9 ma\u00eetre dans l\u2019art de m\u00ealer com\u00e9die et drame, a promen\u00e9 son jeu singulier&hellip;\n","protected":false},"author":2,"featured_media":572573,"comment_status":"","ping_status":"","sticky":false,"template":"","format":"standard","meta":{"footnotes":""},"categories":[1888],"tags":[11,1777,674,1011,27,2173,12,626,25,1347],"class_list":{"0":"post-572572","1":"post","2":"type-post","3":"status-publish","4":"format-standard","5":"has-post-thumbnail","7":"category-paris","8":"tag-actualites","9":"tag-eu","10":"tag-europe","11":"tag-fr","12":"tag-france","13":"tag-interview","14":"tag-news","15":"tag-paris","16":"tag-republique-francaise","17":"tag-theatre"},"share_on_mastodon":{"url":"https:\/\/pubeurope.com\/@fr\/115648629097541770","error":""},"_links":{"self":[{"href":"https:\/\/www.europesays.com\/fr\/wp-json\/wp\/v2\/posts\/572572","targetHints":{"allow":["GET"]}}],"collection":[{"href":"https:\/\/www.europesays.com\/fr\/wp-json\/wp\/v2\/posts"}],"about":[{"href":"https:\/\/www.europesays.com\/fr\/wp-json\/wp\/v2\/types\/post"}],"author":[{"embeddable":true,"href":"https:\/\/www.europesays.com\/fr\/wp-json\/wp\/v2\/users\/2"}],"replies":[{"embeddable":true,"href":"https:\/\/www.europesays.com\/fr\/wp-json\/wp\/v2\/comments?post=572572"}],"version-history":[{"count":0,"href":"https:\/\/www.europesays.com\/fr\/wp-json\/wp\/v2\/posts\/572572\/revisions"}],"wp:featuredmedia":[{"embeddable":true,"href":"https:\/\/www.europesays.com\/fr\/wp-json\/wp\/v2\/media\/572573"}],"wp:attachment":[{"href":"https:\/\/www.europesays.com\/fr\/wp-json\/wp\/v2\/media?parent=572572"}],"wp:term":[{"taxonomy":"category","embeddable":true,"href":"https:\/\/www.europesays.com\/fr\/wp-json\/wp\/v2\/categories?post=572572"},{"taxonomy":"post_tag","embeddable":true,"href":"https:\/\/www.europesays.com\/fr\/wp-json\/wp\/v2\/tags?post=572572"}],"curies":[{"name":"wp","href":"https:\/\/api.w.org\/{rel}","templated":true}]}}