{"id":572574,"date":"2025-12-02T06:46:13","date_gmt":"2025-12-02T06:46:13","guid":{"rendered":"https:\/\/www.europesays.com\/fr\/572574\/"},"modified":"2025-12-02T06:46:13","modified_gmt":"2025-12-02T06:46:13","slug":"paris-lance-le-premier-plu-bioclimatique-de-france","status":"publish","type":"post","link":"https:\/\/www.europesays.com\/fr\/572574\/","title":{"rendered":"Paris lance le premier PLU bioclimatique de France"},"content":{"rendered":"<p><strong>L\u2019adoption par la capitale, il y a un an, de ce PLU est le r\u00e9sultat d\u2019un chantier lanc\u00e9 quatre ans auparavant par Anne Hidalgo, au lendemain de sa r\u00e9\u00e9lection \u00e0 la mairie.<\/strong><\/p>\n<p>Quand Anne Hidalgo aura quitt\u00e9 l\u2019H\u00f4tel de Ville de Paris l\u2019ann\u00e9e prochaine, cela restera une part de son h\u00e9ritage, en partage avec ses alli\u00e9s \u00e9cologistes et communistes : le Plan local d\u2019urbanisme (PLU) bioclimatique.<\/p>\n<p>Une premi\u00e8re adopt\u00e9e en France, pour faire de la capitale \u00ab un environnement plus favorable \u00e0 la sant\u00e9 et moins expos\u00e9 aux nuisances \u00bb, ainsi qu\u2019\u00ab une ville davantage r\u00e9siliente et adapt\u00e9e aux <a href=\"https:\/\/www.latribune.fr\/climat\/transitions-ecologiques\/pour-la-premiere-fois-le-rechauffement-climatique-depasse-1-5-pendant-12-mois-consecutifs-990008.html\" target=\"_blank\" rel=\"noopener\">changements climatiques<\/a> \u00bb, port\u00e9e par \u00ab une \u00e9conomie circulaire du b\u00e2ti et des services urbains \u00bb et \u00ab un d\u00e9veloppement \u00e9conomique durable \u00bb.<\/p>\n<p>D\u00e9finitivement ent\u00e9rin\u00e9 en novembre 2024, le chantier avait d\u00e9marr\u00e9 quatre ans plus t\u00f4t avec une conf\u00e9rence citoyenne de cent Parisiens et m\u00e9tropolitains du <a href=\"https:\/\/www.latribune.fr\/article\/idees\/19058349950804\/opinion-faire-du-grand-paris-express-un-objet-politique-qui-change-la-vie-des-franciliens\" target=\"_blank\" rel=\"noopener\">Grand Paris<\/a>. Ils avaient planch\u00e9 sur les th\u00e8mes \u00ab vie quotidienne \u00bb, \u00ab espace public et mobilit\u00e9 \u00bb, \u00ab habitat et solidarit\u00e9 \u00bb, \u00ab cadre b\u00e2ti et patrimoine \u00bb, \u00ab nature, biodiversit\u00e9 et paysage \u00bb et \u00ab travail, \u00e9conomie et attractivit\u00e9 \u00bb.<\/p>\n","protected":false},"excerpt":{"rendered":"L\u2019adoption par la capitale, il y a un an, de ce PLU est le r\u00e9sultat d\u2019un chantier lanc\u00e9&hellip;\n","protected":false},"author":2,"featured_media":572575,"comment_status":"","ping_status":"","sticky":false,"template":"","format":"standard","meta":{"footnotes":""},"categories":[1888],"tags":[17,11,68717,1777,674,1011,27,9447,12,626,68716,1306,25],"class_list":{"0":"post-572574","1":"post","2":"type-post","3":"status-publish","4":"format-standard","5":"has-post-thumbnail","7":"category-paris","8":"tag-17","9":"tag-actualites","10":"tag-bioclimatique","11":"tag-eu","12":"tag-europe","13":"tag-fr","14":"tag-france","15":"tag-lance","16":"tag-news","17":"tag-paris","18":"tag-plu","19":"tag-regions","20":"tag-republique-francaise"},"share_on_mastodon":{"url":"https:\/\/pubeurope.com\/@fr\/115648632254351990","error":""},"_links":{"self":[{"href":"https:\/\/www.europesays.com\/fr\/wp-json\/wp\/v2\/posts\/572574","targetHints":{"allow":["GET"]}}],"collection":[{"href":"https:\/\/www.europesays.com\/fr\/wp-json\/wp\/v2\/posts"}],"about":[{"href":"https:\/\/www.europesays.com\/fr\/wp-json\/wp\/v2\/types\/post"}],"author":[{"embeddable":true,"href":"https:\/\/www.europesays.com\/fr\/wp-json\/wp\/v2\/users\/2"}],"replies":[{"embeddable":true,"href":"https:\/\/www.europesays.com\/fr\/wp-json\/wp\/v2\/comments?post=572574"}],"version-history":[{"count":0,"href":"https:\/\/www.europesays.com\/fr\/wp-json\/wp\/v2\/posts\/572574\/revisions"}],"wp:featuredmedia":[{"embeddable":true,"href":"https:\/\/www.europesays.com\/fr\/wp-json\/wp\/v2\/media\/572575"}],"wp:attachment":[{"href":"https:\/\/www.europesays.com\/fr\/wp-json\/wp\/v2\/media?parent=572574"}],"wp:term":[{"taxonomy":"category","embeddable":true,"href":"https:\/\/www.europesays.com\/fr\/wp-json\/wp\/v2\/categories?post=572574"},{"taxonomy":"post_tag","embeddable":true,"href":"https:\/\/www.europesays.com\/fr\/wp-json\/wp\/v2\/tags?post=572574"}],"curies":[{"name":"wp","href":"https:\/\/api.w.org\/{rel}","templated":true}]}}