{"id":572576,"date":"2025-12-02T06:47:18","date_gmt":"2025-12-02T06:47:18","guid":{"rendered":"https:\/\/www.europesays.com\/fr\/572576\/"},"modified":"2025-12-02T06:47:18","modified_gmt":"2025-12-02T06:47:18","slug":"face-a-la-menace-russe-berlin-se-prepare-a-la-guerre","status":"publish","type":"post","link":"https:\/\/www.europesays.com\/fr\/572576\/","title":{"rendered":"face \u00e0 la menace russe, Berlin se pr\u00e9pare \u00e0 la guerre"},"content":{"rendered":"<p class=\"upper-letter\">Le 11\u00a0septembre dernier \u00e0 11\u00a0heures, les sir\u00e8nes de toute l\u2019Allemagne se sont mises \u00e0 hurler pendant deux longues minutes, stridentes, angoissantes. Les t\u00e9l\u00e9phones portables ont vibr\u00e9, leurs \u00e9crans virant au rouge \u00e9carlate. A 11\u00a0h\u00a045, sonneries et alarmes ont repris, plus bri\u00e8vement. Ainsi, dans l\u2019int\u00e9gralit\u00e9 de la R\u00e9publique f\u00e9d\u00e9rale, un exercice a \u00e9t\u00e9 organis\u00e9 en grandeur nature pour pr\u00e9venir la population en cas d\u2019accident majeur, de catastrophe naturelle, mais aussi de guerre. Car, depuis f\u00e9vrier 2022 et l\u2019attaque de l\u2019Ukraine par la Russie, <a href=\"https:\/\/www.challenges.fr\/monde\/ukraine-trump-estime-quil-y-a-de-bonnes-chances-pour-un-accord-entre-kiev-et-moscou-zelensky-recu-a-lelysee_632328\" target=\"_blank\" rel=\"noopener\">la guerre est dans toutes les t\u00eates<\/a>.<\/p>\n<p>D\u2019embl\u00e9e, le chancelier de l\u2019\u00e9poque, le social-d\u00e9mocrate <a href=\"https:\/\/www.challenges.fr\/tag_personnalite\/olaf-scholz_34965\/\" target=\"_blank\" rel=\"noopener\">Olaf Scholz<\/a>, a parl\u00e9 d\u2019un \u00ab\u00a0changement d\u2019\u00e9poque\u00a0\u00bb (Zeitenwende). Son successeur, le conservateur <a href=\"https:\/\/www.challenges.fr\/monde\/avant-une-super-annee-electorale-merz-promet-la-guerre-a-lextreme-droite_628115\" target=\"_blank\" rel=\"noopener\">Friedrich Merz<\/a> au pouvoir depuis mai, lui a embo\u00eet\u00e9 le pas, d\u00e9clarant au journal t\u00e9l\u00e9vis\u00e9 \u00e0 une heure de grande \u00e9coute\u00a0: \u00ab\u00a0Nous ne sommes pas en guerre, nous ne sommes pas non plus en paix.\u00a0\u00bb<\/p>\n","protected":false},"excerpt":{"rendered":"Le 11\u00a0septembre dernier \u00e0 11\u00a0heures, les sir\u00e8nes de toute l\u2019Allemagne se sont mises \u00e0 hurler pendant deux longues&hellip;\n","protected":false},"author":2,"featured_media":572577,"comment_status":"","ping_status":"","sticky":false,"template":"","format":"standard","meta":{"footnotes":""},"categories":[1591],"tags":[11,672,1887,4710,12,1885,1886,132],"class_list":{"0":"post-572576","1":"post","2":"type-post","3":"status-publish","4":"format-standard","5":"has-post-thumbnail","7":"category-russie","8":"tag-actualites","9":"tag-allemagne","10":"tag-federation-de-russie","11":"tag-friedrich-merz","12":"tag-news","13":"tag-russia","14":"tag-russian-federation","15":"tag-russie"},"share_on_mastodon":{"url":"https:\/\/pubeurope.com\/@fr\/115648636417801969","error":""},"_links":{"self":[{"href":"https:\/\/www.europesays.com\/fr\/wp-json\/wp\/v2\/posts\/572576","targetHints":{"allow":["GET"]}}],"collection":[{"href":"https:\/\/www.europesays.com\/fr\/wp-json\/wp\/v2\/posts"}],"about":[{"href":"https:\/\/www.europesays.com\/fr\/wp-json\/wp\/v2\/types\/post"}],"author":[{"embeddable":true,"href":"https:\/\/www.europesays.com\/fr\/wp-json\/wp\/v2\/users\/2"}],"replies":[{"embeddable":true,"href":"https:\/\/www.europesays.com\/fr\/wp-json\/wp\/v2\/comments?post=572576"}],"version-history":[{"count":0,"href":"https:\/\/www.europesays.com\/fr\/wp-json\/wp\/v2\/posts\/572576\/revisions"}],"wp:featuredmedia":[{"embeddable":true,"href":"https:\/\/www.europesays.com\/fr\/wp-json\/wp\/v2\/media\/572577"}],"wp:attachment":[{"href":"https:\/\/www.europesays.com\/fr\/wp-json\/wp\/v2\/media?parent=572576"}],"wp:term":[{"taxonomy":"category","embeddable":true,"href":"https:\/\/www.europesays.com\/fr\/wp-json\/wp\/v2\/categories?post=572576"},{"taxonomy":"post_tag","embeddable":true,"href":"https:\/\/www.europesays.com\/fr\/wp-json\/wp\/v2\/tags?post=572576"}],"curies":[{"name":"wp","href":"https:\/\/api.w.org\/{rel}","templated":true}]}}