{"id":572578,"date":"2025-12-02T06:48:18","date_gmt":"2025-12-02T06:48:18","guid":{"rendered":"https:\/\/www.europesays.com\/fr\/572578\/"},"modified":"2025-12-02T06:48:18","modified_gmt":"2025-12-02T06:48:18","slug":"lemissaire-americain-steve-witkoff-en-route-pour-rencontrer-vladimir-poutine-a-moscou-lexpress","status":"publish","type":"post","link":"https:\/\/www.europesays.com\/fr\/572578\/","title":{"rendered":"l\u2019\u00e9missaire am\u00e9ricain Steve Witkoff en route pour rencontrer Vladimir Poutine \u00e0 Moscou \u2013 L&rsquo;Express"},"content":{"rendered":"<p class=\"paragraph article-body-paragraph article__item article-body-paragraph--live  \">La Maison-Blanche s\u2019est d\u00e9clar\u00e9e, lundi 1er d\u00e9cembre, \u00ab\u00a0tr\u00e8s optimiste\u00a0\u00bb sur les chances de parvenir \u00e0 un accord visant \u00e0 mettre fin \u00e0 la guerre en Ukraine, alors que l\u2019\u00e9missaire am\u00e9ricain <a href=\"https:\/\/www.lexpress.fr\/monde\/europe\/appel-entre-steve-witkoff-et-un-conseiller-russe-lorigine-de-la-fuite-au-coeur-de-toutes-les-RXCSOW7EA5G35JSZ2X2BY4FKXM\/\" target=\"_self\" rel=\"noopener\" title=\"https:\/\/www.lexpress.fr\/monde\/europe\/appel-entre-steve-witkoff-et-un-conseiller-russe-lorigine-de-la-fuite-au-coeur-de-toutes-les-RXCSOW7EA5G35JSZ2X2BY4FKXM\/\">Steve Witkoff<\/a> est en route pour Moscou, ce mardi 2 d\u00e9cembre. \u00ab\u00a0Je pense que l\u2019administration est tr\u00e8s optimiste\u00a0\u00bb, a d\u00e9clar\u00e9 la porte-parole de la Maison-Blanche, Karoline Leavitt, soulignant que le pr\u00e9sident <a href=\"https:\/\/www.lexpress.fr\/monde\/europe\/plan-de-paix-pour-lukraine-ce-deal-economique-que-donald-trump-espere-conclure-avec-la-russie-H2P7RIM3WFGVDAJPV6272XHCBM\/\" target=\"_self\" rel=\"noopener\" title=\"https:\/\/www.lexpress.fr\/monde\/europe\/plan-de-paix-pour-lukraine-ce-deal-economique-que-donald-trump-espere-conclure-avec-la-russie-H2P7RIM3WFGVDAJPV6272XHCBM\/\">Donald Trump<\/a> et son \u00e9quipe \u00ab\u00a0ont travaill\u00e9 tr\u00e8s dur sur ce dossier et souhaitent tous sinc\u00e8rement voir cette guerre prendre fin\u00a0\u00bb.<\/p>\n<p class=\"paragraph article-body-paragraph article__item article-body-paragraph--live  \"><b>Les infos \u00e0 retenir :<\/b><\/p>\n<p class=\"paragraph article-body-paragraph article__item article-body-paragraph--live  \">\u21d2 L\u2019\u00e9missaire am\u00e9ricain Steve Witkoff en route pour rencontrer Vladimir Poutine<\/p>\n<p class=\"paragraph article-body-paragraph article__item article-body-paragraph--live  \">\u21d2 La Russie revendique la capture de la ville cl\u00e9 de Pokrovsk<\/p>\n<p class=\"paragraph article-body-paragraph article__item article-body-paragraph--live  \">\u21d2 Premi\u00e8re visite officielle de Volodymyr Zelensky en Irlande mardi<\/p>\n<p>L\u2019\u00e9missaire am\u00e9ricain Steve Witkoff en route pour rencontrer Poutine<\/p>\n<p class=\"paragraph article-body-paragraph article__item article-body-paragraph--live  \">Les yeux sont riv\u00e9s ce mardi sur Moscou, o\u00f9 l\u2019\u00e9missaire am\u00e9ricain <a href=\"https:\/\/www.lexpress.fr\/monde\/europe\/guerre-en-ukraine-les-troublantes-conversations-de-steve-witkoff-avec-la-russie-PLA34CN3JNC6XIOWDTNS23U2WY\/\" target=\"_self\" rel=\"noopener\" title=\"https:\/\/www.lexpress.fr\/monde\/europe\/guerre-en-ukraine-les-troublantes-conversations-de-steve-witkoff-avec-la-russie-PLA34CN3JNC6XIOWDTNS23U2WY\/\">Steve Witkoff<\/a> doit rencontrer le pr\u00e9sident russe <a href=\"https:\/\/www.lexpress.fr\/idees-et-debats\/le-monde-est-au-bord-dune-proliferation-nucleaire-sans-precedent-le-scenario-choc-dandreas-umland-KQOPSTZ6W5HYRIINYSTSUXBTBU\/\" target=\"_self\" rel=\"noopener\" title=\"https:\/\/www.lexpress.fr\/idees-et-debats\/le-monde-est-au-bord-dune-proliferation-nucleaire-sans-precedent-le-scenario-choc-dandreas-umland-KQOPSTZ6W5HYRIINYSTSUXBTBU\/\">Vladimir Poutine<\/a> pour tenter de trouver un accord mettant fin \u00e0 la guerre en Ukraine. La veille, Washington s\u2019est dit \u00ab\u00a0tr\u00e8s optimiste\u00a0\u00bb malgr\u00e9 l\u2019intransigeance persistante du dirigeant russe, plus de trois ans apr\u00e8s le lancement de l\u2019offensive russe contre l\u2019Ukraine.<\/p>\n<p><strong class=\"article-body-link-list__item text-gray-800 article-body-link-list__item--one-item\">LIRE AUSSI : <a class=\"article-body-link-list__item-link\" href=\"https:\/\/www.lexpress.fr\/monde\/europe\/guerre-en-ukraine-les-troublantes-conversations-de-steve-witkoff-avec-la-russie-PLA34CN3JNC6XIOWDTNS23U2WY\/\" target=\"_blank\" rel=\"noopener\">Guerre en Ukraine : les troublantes conversations de Steve Witkoff avec la Russie<\/a><\/strong><\/p>\n<p class=\"paragraph article-body-paragraph article__item article-body-paragraph--live  \">Steve Witkoff, <a href=\"https:\/\/www.lexpress.fr\/monde\/europe\/voici-ce-que-jai-dit-a-trump-lintegralite-de-la-conversation-entre-steve-witkoff-et-un-conseiller-de-5XPCEZRRB5DTZOWVWUQUJ6VSAE\/\" target=\"_self\" rel=\"noopener\" title=\"https:\/\/www.lexpress.fr\/monde\/europe\/voici-ce-que-jai-dit-a-trump-lintegralite-de-la-conversation-entre-steve-witkoff-et-un-conseiller-de-5XPCEZRRB5DTZOWVWUQUJ6VSAE\/\">dont une conversation avec un conseiller russe a r\u00e9cemment fuit\u00e9<\/a>, a d\u00e9j\u00e0 effectu\u00e9 plusieurs voyages \u00e0 Moscou cette ann\u00e9e. Le d\u00e9placement de cet homme d\u2019affaires tr\u00e8s proche de Trump survient alors que Kiev est sous forte pression d\u2019accepter un plan pr\u00e9sent\u00e9 par les Etats-Unis pour mettre fin \u00e0 la guerre avec la Russie. <a href=\"https:\/\/www.lexpress.fr\/monde\/europe\/ukraine-gaza-donald-trump-ursula-von-der-leyen-offensive-pour-son-discours-sur-letat-de-lunion-3KLWWCIYCJAUTDAN22BGVLHKOE\/\" target=\"_self\" rel=\"noopener\" title=\"https:\/\/www.lexpress.fr\/monde\/europe\/ukraine-gaza-donald-trump-ursula-von-der-leyen-offensive-pour-son-discours-sur-letat-de-lunion-3KLWWCIYCJAUTDAN22BGVLHKOE\/\">Les Europ\u00e9ens<\/a> esp\u00e8rent que l\u2019administration Trump, soup\u00e7onn\u00e9e de complaisance vis-\u00e0-vis de Vladimir Poutine, ne sacrifiera pas l\u2019Ukraine, consid\u00e9r\u00e9e comme un rempart face aux ambitions russes.<\/p>\n<p>La Russie revendique la capture de la ville cl\u00e9 de Pokrovsk<\/p>\n<p class=\"paragraph article-body-paragraph article__item article-body-paragraph--live  \">La Russie a revendiqu\u00e9 lundi la prise de la ville de <a href=\"https:\/\/www.lexpress.fr\/monde\/europe\/guerre-en-ukraine-la-capture-de-pokrovsk-une-victoire-qui-couterait-cher-a-la-russie-L35FUCIDLVDCJLUQD2AQZDXZEE\/\" target=\"_self\" rel=\"noopener\" title=\"https:\/\/www.lexpress.fr\/monde\/europe\/guerre-en-ukraine-la-capture-de-pokrovsk-une-victoire-qui-couterait-cher-a-la-russie-L35FUCIDLVDCJLUQD2AQZDXZEE\/\">Pokrovsk <\/a>dans l\u2019est de l\u2019Ukraine, un n\u0153ud logistique cl\u00e9 pour les forces ukrainiennes, ainsi que celle de Vovtchansk dans le nord-est. \u00ab\u00a0Le chef de l\u2019\u00e9tat-major Valeri Guerassimov a rendu compte \u00e0 Vladimir Poutine de la lib\u00e9ration des villes de Krasnoarme\u00efsk (le nom russe de Pokrovsk, ndlr) et de Vovtchansk\u00a0\u00bb, a indiqu\u00e9 le Kremlin sur <a href=\"https:\/\/www.lexpress.fr\/economie\/high-tech\/telegram-pendant-ce-temps-la-les-activites-illegales-prosperent-sur-la-messagerie-RPKR3ITDXJG35GN42CMGE6SVUE\/\" target=\"_self\" rel=\"noopener\" title=\"https:\/\/www.lexpress.fr\/economie\/high-tech\/telegram-pendant-ce-temps-la-les-activites-illegales-prosperent-sur-la-messagerie-RPKR3ITDXJG35GN42CMGE6SVUE\/\">Telegram<\/a>.<\/p>\n<p><strong class=\"article-body-link-list__item text-gray-800 article-body-link-list__item--one-item\">LIRE AUSSI : <a class=\"article-body-link-list__item-link\" href=\"https:\/\/www.lexpress.fr\/monde\/europe\/guerre-en-ukraine-la-capture-de-pokrovsk-une-victoire-qui-couterait-cher-a-la-russie-L35FUCIDLVDCJLUQD2AQZDXZEE\/\" target=\"_blank\" rel=\"noopener\">Guerre en Ukraine : la capture de Pokrovsk, une victoire qui co\u00fbterait cher \u00e0 la Russie<\/a><\/strong><\/p>\n<p class=\"paragraph article-body-paragraph article__item article-body-paragraph--live  \">Selon le Kremlin, ce rapport a \u00e9t\u00e9 fait au pr\u00e9sident russe dimanche soir, mais l\u2019information a \u00e9t\u00e9 rendue publique lundi. Le minist\u00e8re russe de la D\u00e9fense a publi\u00e9 dans la foul\u00e9e une vid\u00e9o pr\u00e9sent\u00e9e comme montrant les soldats russes hissant leur drapeau sur la place centrale de Pokrovsk.<\/p>\n<p>Premi\u00e8re visite officielle de Volodymyr Zelensky en Irlande<\/p>\n<p class=\"paragraph article-body-paragraph article__item article-body-paragraph--live  \">Apr\u00e8s sa rencontre avec <a href=\"https:\/\/www.lexpress.fr\/societe\/il-se-passe-des-choses-que-vous-ne-voyez-pas-comment-la-france-sest-lancee-dans-la-riposte-aux-LZLRRCTV6FHPTJHC53OFD2KXJI\/\" target=\"_self\" rel=\"noopener\" title=\"https:\/\/www.lexpress.fr\/societe\/il-se-passe-des-choses-que-vous-ne-voyez-pas-comment-la-france-sest-lancee-dans-la-riposte-aux-LZLRRCTV6FHPTJHC53OFD2KXJI\/\">Emmanuel Macron<\/a> \u00e0 Paris hier, le pr\u00e9sident ukrainien <a href=\"https:\/\/www.lexpress.fr\/monde\/europe\/guerre-en-ukraine-les-americains-et-volodymyr-zelensky-au-bord-du-point-de-rupture-ND44UGMXO5CTTHFZ6MXON3MVR4\/\" target=\"_self\" rel=\"noopener\" title=\"https:\/\/www.lexpress.fr\/monde\/europe\/guerre-en-ukraine-les-americains-et-volodymyr-zelensky-au-bord-du-point-de-rupture-ND44UGMXO5CTTHFZ6MXON3MVR4\/\">Volodymyr Zelensky<\/a> se trouve en Irlande ce mardi, pour son premier voyage officiel dans ce pays membre de l\u2019Union europ\u00e9enne et militairement neutre. Selon le Taoiseach (Premier ministre) irlandais Miche\u00e1l Martin, Volodymyr Zelensky doit s\u2019entretenir mardi avec Miche\u00e1l Martin et son vice-Premier ministre <a href=\"https:\/\/www.lexpress.fr\/monde\/europe\/premier-ministre-tiktok-qui-est-simon-harris-le-nouveau-chef-du-gouvernement-irlandais-JXJOSJORABFQZN2XK2UGTWMAIA\/\" target=\"_self\" rel=\"noopener\" title=\"https:\/\/www.lexpress.fr\/monde\/europe\/premier-ministre-tiktok-qui-est-simon-harris-le-nouveau-chef-du-gouvernement-irlandais-JXJOSJORABFQZN2XK2UGTWMAIA\/\">Simon Harris<\/a>, et rendra une visite de courtoisie \u00e0 la nouvelle pr\u00e9sidente irlandaise Catherine Connolly, au r\u00f4le essentiellement protocolaire.<\/p>\n<p><strong class=\"article-body-link-list__item text-gray-800 article-body-link-list__item--one-item\">LIRE AUSSI : <a class=\"article-body-link-list__item-link\" href=\"https:\/\/www.lexpress.fr\/monde\/europe\/scandale-de-corruption-en-ukraine-pourquoi-le-depart-dandriy-yermak-pourrait-etre-une-bonne-nouvelle-YAUCMG2KUJEAHIFRKO2PNBTWIU\/\" target=\"_blank\" rel=\"noopener\">Scandale de corruption en Ukraine : pourquoi le d\u00e9part d&rsquo;Andriy Yermak pourrait \u00eatre une bonne nouvelle<\/a><\/strong><\/p>\n<p class=\"paragraph article-body-paragraph article__item article-body-paragraph--live   article__text__endpicto\">L\u2019Irlande n\u2019est pas membre de l\u2019Otan mais a un partenariat avec l\u2019Alliance atlantique. Elle maintient une petite force de d\u00e9fense de 8 500 membres, qui participe r\u00e9guli\u00e8rement \u00e0 des op\u00e9rations de maintien de la paix. Le pays apporte n\u00e9anmoins un soutien politique marqu\u00e9 \u00e0 Kiev depuis l\u2019invasion russe de 2022, qui a relanc\u00e9 le d\u00e9bat sur sa neutralit\u00e9 et sa politique de d\u00e9fense.<\/p>\n","protected":false},"excerpt":{"rendered":"La Maison-Blanche s\u2019est d\u00e9clar\u00e9e, lundi 1er d\u00e9cembre, \u00ab\u00a0tr\u00e8s optimiste\u00a0\u00bb sur les chances de parvenir \u00e0 un accord visant&hellip;\n","protected":false},"author":2,"featured_media":572579,"comment_status":"","ping_status":"","sticky":false,"template":"","format":"standard","meta":{"footnotes":""},"categories":[1590],"tags":[11,1777,674,74,12,220],"class_list":{"0":"post-572578","1":"post","2":"type-post","3":"status-publish","4":"format-standard","5":"has-post-thumbnail","7":"category-ukraine","8":"tag-actualites","9":"tag-eu","10":"tag-europe","11":"tag-monde","12":"tag-news","13":"tag-ukraine"},"share_on_mastodon":{"url":"https:\/\/pubeurope.com\/@fr\/115648641960819712","error":""},"_links":{"self":[{"href":"https:\/\/www.europesays.com\/fr\/wp-json\/wp\/v2\/posts\/572578","targetHints":{"allow":["GET"]}}],"collection":[{"href":"https:\/\/www.europesays.com\/fr\/wp-json\/wp\/v2\/posts"}],"about":[{"href":"https:\/\/www.europesays.com\/fr\/wp-json\/wp\/v2\/types\/post"}],"author":[{"embeddable":true,"href":"https:\/\/www.europesays.com\/fr\/wp-json\/wp\/v2\/users\/2"}],"replies":[{"embeddable":true,"href":"https:\/\/www.europesays.com\/fr\/wp-json\/wp\/v2\/comments?post=572578"}],"version-history":[{"count":0,"href":"https:\/\/www.europesays.com\/fr\/wp-json\/wp\/v2\/posts\/572578\/revisions"}],"wp:featuredmedia":[{"embeddable":true,"href":"https:\/\/www.europesays.com\/fr\/wp-json\/wp\/v2\/media\/572579"}],"wp:attachment":[{"href":"https:\/\/www.europesays.com\/fr\/wp-json\/wp\/v2\/media?parent=572578"}],"wp:term":[{"taxonomy":"category","embeddable":true,"href":"https:\/\/www.europesays.com\/fr\/wp-json\/wp\/v2\/categories?post=572578"},{"taxonomy":"post_tag","embeddable":true,"href":"https:\/\/www.europesays.com\/fr\/wp-json\/wp\/v2\/tags?post=572578"}],"curies":[{"name":"wp","href":"https:\/\/api.w.org\/{rel}","templated":true}]}}