{"id":572583,"date":"2025-12-02T06:51:22","date_gmt":"2025-12-02T06:51:22","guid":{"rendered":"https:\/\/www.europesays.com\/fr\/572583\/"},"modified":"2025-12-02T06:51:22","modified_gmt":"2025-12-02T06:51:22","slug":"lequipe-de-france-feminine-u23-de-fany-proniez-et-romane-lejeune-battue-en-allemagne","status":"publish","type":"post","link":"https:\/\/www.europesays.com\/fr\/572583\/","title":{"rendered":"L\u2019\u00e9quipe de France f\u00e9minine U23 de Fany Proniez et Romane Lejeune battue en Allemagne"},"content":{"rendered":"<p>L\u2019\u00e9quipe de France f\u00e9minine U23 et ses deux joueuses du <strong>RC Lens<\/strong> jouaient un match amical ce lundi soir \u00e0 Francfort face \u00e0 l\u2019Allemagne. Elle s\u2019est inclin\u00e9e 2-0.<\/p>\n<p>Rempla\u00e7ante et non utilis\u00e9e lors d\u2019une victoire face aux Pays-Bas \u00e0 Clairefontaine la semaine derni\u00e8re, <strong>Fany Proniez<\/strong> a cette fois d\u00e9marr\u00e9 la rencontre sur le c\u00f4t\u00e9 droit de la d\u00e9fense avant de sortir \u00e0 la 62\u2019. La d\u00e9fenseure axiale <strong>Romane Lejeune<\/strong>, qui avait jou\u00e9 tout le match face aux N\u00e9erlandaises, est cette fois rest\u00e9e sur le banc.<\/p>\n<p>\u00ab De jeunes joueuses qui continuent leur progression et leur apprentissage du haut, voire du tr\u00e8s haut niveau \u00bb<\/p>\n<p>Romane Lejeune a jou\u00e9 le premier match face aux Pays-Bas avant de souffler contre l\u2019Allemagne.<\/p>\n<p>Les Fran\u00e7aises ont encaiss\u00e9 des buts \u00e0 la 14\u2019 par <a href=\"https:\/\/onefootball.com\/de\/spieler\/larissa-muehlhaus-456130\" target=\"_blank\" rel=\"noopener\">Larissa M\u00fchlhaus<\/a> et \u00e0 la 79\u2019 par <a href=\"https:\/\/onefootball.com\/de\/spieler\/delice-boboy-546511\" target=\"_blank\" rel=\"noopener\">Delice Boboy<\/a>. <a href=\"https:\/\/www.fff.fr\/article\/15863-un-revers-en-allemagne-pour-finir-l-annee.html\" target=\"_blank\" rel=\"noreferrer noopener\">Dans des propos relay\u00e9s par la FFF<\/a>, le s\u00e9lectionneur Fabien Lef\u00e8vre commente : \u00ab On peut dire que l\u2019on termine l\u2019ann\u00e9e malheureusement parce que les filles ont bien r\u00e9pondu \u00e0 une belle \u00e9quipe allemande, un peu plus exp\u00e9riment\u00e9e et athl\u00e9tique. Malgr\u00e9 cela, on a su rivaliser et on s\u2019est cr\u00e9\u00e9 de belles situations qui auraient pu \u2013 et auraient d\u00fb \u2013 finir par un but. Un match nul aurait \u00e9t\u00e9 logique au vu du contenu, m\u00eame si les Allemandes ont eu un peu plus de ma\u00eetrise technique et d\u2019exp\u00e9rience compte tenu de leur \u00e2ge. Ce sont des matches tr\u00e8s int\u00e9ressants pour l\u2019avenir et des filles qui jouent, pour beaucoup, en Arkema Premi\u00e8re Ligue. Mais cela reste de jeunes joueuses qui continuent leur progression et leur apprentissage du haut, voire du tr\u00e8s haut niveau. Rencontrer de telles belles nations nous permet d\u2019effectuer une revue d\u2019effectif des joueuses d\u2019avenir et leur donner du temps de jeu sur de tr\u00e8s beaux matches internationaux. Mais si l\u2019on veut davantage rivaliser et avoir des r\u00e9sultats positifs \u00a0face \u00e0 des \u00e9quipes comme celle-l\u00e0, il faut arriver \u00e0 \u00eatre plus costaude et plus exp\u00e9riment\u00e9e. \u00bb<\/p>\n","protected":false},"excerpt":{"rendered":"L\u2019\u00e9quipe de France f\u00e9minine U23 et ses deux joueuses du RC Lens jouaient un match amical ce lundi&hellip;\n","protected":false},"author":2,"featured_media":572584,"comment_status":"","ping_status":"","sticky":false,"template":"","format":"standard","meta":{"footnotes":""},"categories":[1587],"tags":[11,672,1804,1805,1803,1777,674,1801,12,1802],"class_list":{"0":"post-572583","1":"post","2":"type-post","3":"status-publish","4":"format-standard","5":"has-post-thumbnail","7":"category-allemagne","8":"tag-actualites","9":"tag-allemagne","10":"tag-bundesrepublik-deutschland","11":"tag-de","12":"tag-deutschland","13":"tag-eu","14":"tag-europe","15":"tag-germany","16":"tag-news","17":"tag-republique-federale-dallemagne"},"share_on_mastodon":{"url":"https:\/\/pubeurope.com\/@fr\/115648651879377676","error":""},"_links":{"self":[{"href":"https:\/\/www.europesays.com\/fr\/wp-json\/wp\/v2\/posts\/572583","targetHints":{"allow":["GET"]}}],"collection":[{"href":"https:\/\/www.europesays.com\/fr\/wp-json\/wp\/v2\/posts"}],"about":[{"href":"https:\/\/www.europesays.com\/fr\/wp-json\/wp\/v2\/types\/post"}],"author":[{"embeddable":true,"href":"https:\/\/www.europesays.com\/fr\/wp-json\/wp\/v2\/users\/2"}],"replies":[{"embeddable":true,"href":"https:\/\/www.europesays.com\/fr\/wp-json\/wp\/v2\/comments?post=572583"}],"version-history":[{"count":0,"href":"https:\/\/www.europesays.com\/fr\/wp-json\/wp\/v2\/posts\/572583\/revisions"}],"wp:featuredmedia":[{"embeddable":true,"href":"https:\/\/www.europesays.com\/fr\/wp-json\/wp\/v2\/media\/572584"}],"wp:attachment":[{"href":"https:\/\/www.europesays.com\/fr\/wp-json\/wp\/v2\/media?parent=572583"}],"wp:term":[{"taxonomy":"category","embeddable":true,"href":"https:\/\/www.europesays.com\/fr\/wp-json\/wp\/v2\/categories?post=572583"},{"taxonomy":"post_tag","embeddable":true,"href":"https:\/\/www.europesays.com\/fr\/wp-json\/wp\/v2\/tags?post=572583"}],"curies":[{"name":"wp","href":"https:\/\/api.w.org\/{rel}","templated":true}]}}