{"id":572587,"date":"2025-12-02T06:53:13","date_gmt":"2025-12-02T06:53:13","guid":{"rendered":"https:\/\/www.europesays.com\/fr\/572587\/"},"modified":"2025-12-02T06:53:13","modified_gmt":"2025-12-02T06:53:13","slug":"de-plus-en-plus-de-francais-se-tournent-vers-lartisanat","status":"publish","type":"post","link":"https:\/\/www.europesays.com\/fr\/572587\/","title":{"rendered":"de plus en plus de Fran\u00e7ais se tournent vers l&rsquo;artisanat"},"content":{"rendered":"<p>\u00ab\u00a0J&rsquo;ai eu une r\u00e9v\u00e9lation\u00a0\u00bb: de plus en plus de Fran\u00e7ais se tournent vers l&rsquo;artisanatSur le m\u00eame sujet<a href=\"https:\/\/www.bfmtv.com\/economie\/video-j-ai-eu-une-revelation-de-plus-en-plus-de-francais-se-tournent-vers-l-artisanat_VN-202512020086.html\" title=\"&quot;J&#039;ai eu une r\u00e9v\u00e9lation&quot;: de plus en plus de Fran\u00e7ais se tournent vers l&#039;artisanat\" target=\"_blank\" rel=\"noopener\"><img width=\"16\" height=\"9\" class=\"lozad\"  alt=\"&quot;J'ai eu une r\u00e9v\u00e9lation&quot;: de plus en plus de Fran\u00e7ais se tournent vers l'artisanat\"\/>en lecture\u00a0\u00bbJ&rsquo;ai eu une r\u00e9v\u00e9lation\u00a0\u00bb: de plus en plus de Fran\u00e7ais se tournent vers l&rsquo;artisanat<\/a><a href=\"https:\/\/www.bfmtv.com\/economie\/replay-emissions\/la-grande-interview\/video-le-banquier-des-entreprises-en-difficulte-01-12_VN-202512020031.html\" title=\"Le \u201cbanquier des entreprises\u201d en difficult\u00e9 - 01\/12\" target=\"_blank\" rel=\"noopener\"><img width=\"16\" height=\"9\" class=\"lozad\"  alt=\"Le \u201cbanquier des entreprises\u201d en difficult\u00e9 - 01\/12\"\/>48:42Le \u201cbanquier des entreprises\u201d en difficult\u00e9 &#8211; 01\/12<\/a><a href=\"https:\/\/www.bfmtv.com\/economie\/replay-emissions\/bfm-bourse\/video-valeur-ajoutee-ils-apprecient-wallix-group-01-12_VN-202512011026.html\" title=\"Valeur ajout\u00e9e : ils appr\u00e9cient Wallix Group - 01\/12\" target=\"_blank\" rel=\"noopener\"><img width=\"16\" height=\"9\" class=\"lozad\"  alt=\"Valeur ajout\u00e9e : ils appr\u00e9cient Wallix Group - 01\/12\"\/>3:11Valeur ajout\u00e9e : ils appr\u00e9cient Wallix Group &#8211; 01\/12<\/a><a href=\"https:\/\/www.bfmtv.com\/economie\/video-libre-arbitre-de-jean-marc-sylvestre-les-ventes-des-fabricants-d-armes-ont-atteint-un-nouveau-record-en-2024_VN-202512010983.html\" title=\"LIBRE ARBITRE DE JEAN MARC SYLVESTRE - Les ventes des fabricants d&#039;armes ont atteint un nouveau record en 2024\" target=\"_blank\" rel=\"noopener\"><img width=\"16\" height=\"9\" class=\"lozad\"  alt=\"LIBRE ARBITRE DE JEAN MARC SYLVESTRE - Les ventes des fabricants d'armes ont atteint un nouveau record en 2024\"\/>2:29LIBRE ARBITRE DE JEAN MARC SYLVESTRE &#8211; Les ventes des fabricants d&rsquo;armes ont atteint un nouveau record en 2024<\/a><a href=\"https:\/\/www.bfmtv.com\/economie\/video-pouvoir-d-achat-il-y-a-une-appetence-pour-la-promotion-franck-mathais-porte-parole-de-joue-club_VN-202512010951.html\" title=\"Pouvoir d\u2019achat: \u201cIl y a une app\u00e9tence pour la promotion\u201d, Franck Mathais, porte-parole de Jou\u00e9Club\" target=\"_blank\" rel=\"noopener\"><img width=\"16\" height=\"9\" class=\"lozad\"  alt=\"Pouvoir d\u2019achat: \u201cIl y a une app\u00e9tence pour la promotion\u201d, Franck Mathais, porte-parole de Jou\u00e9Club\"\/>1:45Pouvoir d\u2019achat: \u201cIl y a une app\u00e9tence pour la promotion\u201d, Franck Mathais, porte-parole de Jou\u00e9Club<\/a><a href=\"https:\/\/www.bfmtv.com\/economie\/video-heritage-livret-a-un-rapport-explosif-relance-le-debat-sur-la-fiscalite_VN-202512010937.html\" title=\"H\u00e9ritage, livret A...: un rapport explosif relance le d\u00e9bat sur la fiscalit\u00e9\" target=\"_blank\" rel=\"noopener\"><img width=\"16\" height=\"9\" class=\"lozad\"  alt=\"H\u00e9ritage, livret A...: un rapport explosif relance le d\u00e9bat sur la fiscalit\u00e9\"\/>1:45H\u00e9ritage, livret A&#8230;: un rapport explosif relance le d\u00e9bat sur la fiscalit\u00e9<\/a><a href=\"https:\/\/www.bfmtv.com\/economie\/video-budget-pour-jean-claude-trichet-ancien-president-de-la-bce-les-parlementaires-francais-inquietent-le-monde-entier_VN-202512010935.html\" title=\"Budget: pour Jean-Claude Trichet, ancien pr\u00e9sident de la BCE, les parlementaires fran\u00e7ais &quot;inqui\u00e8tent le monde entier&quot;\" target=\"_blank\" rel=\"noopener\"><img width=\"16\" height=\"9\" class=\"lozad\"  alt=\"Budget: pour Jean-Claude Trichet, ancien pr\u00e9sident de la BCE, les parlementaires fran\u00e7ais &quot;inqui\u00e8tent le monde entier&quot;\"\/>1:53Budget: pour Jean-Claude Trichet, ancien pr\u00e9sident de la BCE, les parlementaires fran\u00e7ais \u00ab\u00a0inqui\u00e8tent le monde entier\u00a0\u00bb<\/a><a href=\"https:\/\/www.bfmtv.com\/economie\/video-le-choix-d-yves-threard-sebastien-lecornu-joue-la-carte-du-en-meme-temps_VN-202512010902.html\" title=\"LE CHOIX D&#039;YVES THR\u00c9ARD - S\u00e9bastien Lecornu joue la carte du \u201cen m\u00eame temps\u201d\" target=\"_blank\" rel=\"noopener\"><img width=\"16\" height=\"9\" class=\"lozad\"  alt=\"LE CHOIX D'YVES THR\u00c9ARD - S\u00e9bastien Lecornu joue la carte du \u201cen m\u00eame temps\u201d\"\/>5:27LE CHOIX D&rsquo;YVES THR\u00c9ARD &#8211; S\u00e9bastien Lecornu joue la carte du \u201cen m\u00eame temps\u201d<\/a><a href=\"https:\/\/www.bfmtv.com\/economie\/video-le-choix-d-amelie-rosique-le-cashback-est-il-un-outil-anti-inflation-ou-une-arnaque_VN-202512010899.html\" title=\"LE CHOIX D&#039;AM\u00c9LIE ROSIQUE - Le cashback est-il un outil anti-inflation ou une arnaque?\" target=\"_blank\" rel=\"noopener\"><img width=\"16\" height=\"9\" class=\"lozad\"  alt=\"LE CHOIX D'AM\u00c9LIE ROSIQUE - Le cashback est-il un outil anti-inflation ou une arnaque?\"\/>4:01LE CHOIX D&rsquo;AM\u00c9LIE ROSIQUE &#8211; Le cashback est-il un outil anti-inflation ou une arnaque?<\/a><a href=\"https:\/\/www.bfmtv.com\/economie\/video-pouvoir-d-achat-on-n-est-pas-un-magasin-discount-explique-stephane-frenkel-directeur-general-france-de-hema_VN-202512010894.html\" title=\"Pouvoir d&#039;achat: &quot;On n&#039;est pas un magasin discount&quot;, explique St\u00e9phane Frenkel, directeur g\u00e9n\u00e9ral France de HEMA\" target=\"_blank\" rel=\"noopener\"><img width=\"16\" height=\"9\" class=\"lozad\"  alt=\"Pouvoir d'achat: &quot;On n'est pas un magasin discount&quot;, explique St\u00e9phane Frenkel, directeur g\u00e9n\u00e9ral France de HEMA\"\/>4:07Pouvoir d&rsquo;achat: \u00ab\u00a0On n&rsquo;est pas un magasin discount\u00a0\u00bb, explique St\u00e9phane Frenkel, directeur g\u00e9n\u00e9ral France de HEMA<\/a><a href=\"https:\/\/www.bfmtv.com\/economie\/video-nadia-ziane-directrice-du-departement-consommation-de-l-association-familles-rurales-demande-aux-grands-distributeurs-de-revoir-la-maniere-dont-vous-realisez-vos-marges_VN-202512010862.html\" title=\"Nadia Ziane, directrice du d\u00e9partement consommation de l\u2019association Familles Rurales, demande aux grands distributeurs de \u201crevoir la mani\u00e8re dont vous r\u00e9alisez vos marges\u201d\" target=\"_blank\" rel=\"noopener\"><img width=\"16\" height=\"9\" class=\"lozad\"  alt=\"Nadia Ziane, directrice du d\u00e9partement consommation de l\u2019association Familles Rurales, demande aux grands distributeurs de \u201crevoir la mani\u00e8re dont vous r\u00e9alisez vos marges\u201d\"\/>2:39Nadia Ziane, directrice du d\u00e9partement consommation de l\u2019association Familles Rurales, demande aux grands distributeurs de \u201crevoir la mani\u00e8re dont vous r\u00e9alisez vos marges\u201d<\/a><a href=\"https:\/\/www.bfmtv.com\/economie\/video-negociations-commerciales-pendant-trois-mois-beaucoup-de-choses-vont-se-jouer-explique-guillaume-darrasse-directeur-general-d-auchan-retail_VN-202512010855.html\" title=\"N\u00e9gociations commerciales: \u201cPendant trois mois, beaucoup de choses vont se jouer\u201d, explique Guillaume Darrasse, directeur g\u00e9n\u00e9ral d&#039;Auchan Retail\" target=\"_blank\" rel=\"noopener\"><img width=\"16\" height=\"9\" class=\"lozad\"  alt=\"N\u00e9gociations commerciales: \u201cPendant trois mois, beaucoup de choses vont se jouer\u201d, explique Guillaume Darrasse, directeur g\u00e9n\u00e9ral d'Auchan Retail\"\/>1:01N\u00e9gociations commerciales: \u201cPendant trois mois, beaucoup de choses vont se jouer\u201d, explique Guillaume Darrasse, directeur g\u00e9n\u00e9ral d&rsquo;Auchan Retail<\/a><a href=\"https:\/\/www.bfmtv.com\/politique\/video-signe-consigny-budget-nous-sommes-engages-dans-cette-demarche-de-compromis-explique-prisca-thevenot-ensemble_VN-202512010805.html\" title=\"SIGN\u00c9 CONSIGNY - Budget: \u201cNous sommes engag\u00e9s dans cette d\u00e9marche de compromis\u201d, explique Prisca Thevenot (Ensemble)\" target=\"_blank\" rel=\"noopener\"><img width=\"16\" height=\"9\" class=\"lozad\"  alt=\"SIGN\u00c9 CONSIGNY - Budget: \u201cNous sommes engag\u00e9s dans cette d\u00e9marche de compromis\u201d, explique Prisca Thevenot (Ensemble)\"\/>2:31SIGN\u00c9 CONSIGNY &#8211; Budget: \u201cNous sommes engag\u00e9s dans cette d\u00e9marche de compromis\u201d, explique Prisca Thevenot (Ensemble)<\/a><a href=\"https:\/\/www.bfmtv.com\/replay-emissions\/signe-consigny\/video-signe-consigny-le-bilan-de-la-macronie-est-quand-meme-tres-faible-estime-charles-consigny-avocat-et-essayiste_VN-202512010780.html\" title=\"SIGN\u00c9 CONSIGNY - \u201cLe bilan de la macronie est quand m\u00eame tr\u00e8s faible\u201d, estime Charles Consigny, avocat et essayiste\" target=\"_blank\" rel=\"noopener\"><img width=\"16\" height=\"9\" class=\"lozad\"  alt=\"SIGN\u00c9 CONSIGNY - \u201cLe bilan de la macronie est quand m\u00eame tr\u00e8s faible\u201d, estime Charles Consigny, avocat et essayiste\"\/>1:36SIGN\u00c9 CONSIGNY &#8211; \u201cLe bilan de la macronie est quand m\u00eame tr\u00e8s faible\u201d, estime Charles Consigny, avocat et essayiste<\/a><a class=\"jumpToVideo\" target=\"_blank\"><img class=\"thumbnailPreview\"\/><\/a><\/p>\n","protected":false},"excerpt":{"rendered":"\u00ab\u00a0J&rsquo;ai eu une r\u00e9v\u00e9lation\u00a0\u00bb: de plus en plus de Fran\u00e7ais se tournent vers l&rsquo;artisanatSur le m\u00eame sujeten lecture\u00a0\u00bbJ&rsquo;ai&hellip;\n","protected":false},"author":2,"featured_media":572588,"comment_status":"","ping_status":"","sticky":false,"template":"","format":"standard","meta":{"footnotes":""},"categories":[1586],"tags":[11,1777,674,1779,1011,27,12,25,1778,364],"class_list":{"0":"post-572587","1":"post","2":"type-post","3":"status-publish","4":"format-standard","5":"has-post-thumbnail","7":"category-europe","8":"tag-actualites","9":"tag-eu","10":"tag-europe","11":"tag-european-union","12":"tag-fr","13":"tag-france","14":"tag-news","15":"tag-republique-francaise","16":"tag-ue","17":"tag-union-europeenne"},"share_on_mastodon":{"url":"https:\/\/pubeurope.com\/@fr\/115648659869027485","error":""},"_links":{"self":[{"href":"https:\/\/www.europesays.com\/fr\/wp-json\/wp\/v2\/posts\/572587","targetHints":{"allow":["GET"]}}],"collection":[{"href":"https:\/\/www.europesays.com\/fr\/wp-json\/wp\/v2\/posts"}],"about":[{"href":"https:\/\/www.europesays.com\/fr\/wp-json\/wp\/v2\/types\/post"}],"author":[{"embeddable":true,"href":"https:\/\/www.europesays.com\/fr\/wp-json\/wp\/v2\/users\/2"}],"replies":[{"embeddable":true,"href":"https:\/\/www.europesays.com\/fr\/wp-json\/wp\/v2\/comments?post=572587"}],"version-history":[{"count":0,"href":"https:\/\/www.europesays.com\/fr\/wp-json\/wp\/v2\/posts\/572587\/revisions"}],"wp:featuredmedia":[{"embeddable":true,"href":"https:\/\/www.europesays.com\/fr\/wp-json\/wp\/v2\/media\/572588"}],"wp:attachment":[{"href":"https:\/\/www.europesays.com\/fr\/wp-json\/wp\/v2\/media?parent=572587"}],"wp:term":[{"taxonomy":"category","embeddable":true,"href":"https:\/\/www.europesays.com\/fr\/wp-json\/wp\/v2\/categories?post=572587"},{"taxonomy":"post_tag","embeddable":true,"href":"https:\/\/www.europesays.com\/fr\/wp-json\/wp\/v2\/tags?post=572587"}],"curies":[{"name":"wp","href":"https:\/\/api.w.org\/{rel}","templated":true}]}}