{"id":572591,"date":"2025-12-02T06:55:14","date_gmt":"2025-12-02T06:55:14","guid":{"rendered":"https:\/\/www.europesays.com\/fr\/572591\/"},"modified":"2025-12-02T06:55:14","modified_gmt":"2025-12-02T06:55:14","slug":"florian-maurice-exfiltre-hagard-coups-situation-explosive-a-logc-nice","status":"publish","type":"post","link":"https:\/\/www.europesays.com\/fr\/572591\/","title":{"rendered":"Florian Maurice \u00ab\u00a0exfiltr\u00e9, hagard\u00a0\u00bb, coups\u2026 Situation explosive \u00e0 l\u2019OGC Nice"},"content":{"rendered":"<p>Rien ne va plus \u00e0 l\u2019OGC Nice o\u00f9 la col\u00e8re vis-\u00e0-vis des <a href=\"https:\/\/www.20minutes.fr\/sport\/football\/ligue_europa\/4188471-20251128-ligue-europa-perdition-ogc-nice-franck-haise-propose-dirigeants-etre-fusible\" target=\"_blank\" class=\"c-link c-link--is-underlined\" rel=\"noopener\">mauvais r\u00e9sultats sportifs<\/a> vire d\u00e9sormais \u00e0 la violence. Deux joueurs et le directeur sportif du club ont \u00e9t\u00e9 pris \u00e0 partie physiquement par <a href=\"https:\/\/www.20minutes.fr\/sport\/football\/4188949-20251201-ogc-nice-pourris-concede-sofiane-diop-devant-supporters-nicois-colere\" target=\"_blank\" class=\"c-link c-link--is-underlined\" rel=\"noopener\">leurs propres supporters devant le centre d\u2019entra\u00eenement<\/a>, dans la nuit de dimanche \u00e0 lundi.<\/p>\n<p>D\u2019apr\u00e8s plusieurs t\u00e9moins de ces incidents, qui ont eu lieu au retour de Lorient o\u00f9 l\u2019OGCN a \u00e9t\u00e9 battu 3-1 en Ligue 1, les attaquants Terem Moffi et J\u00e9r\u00e9mie Boga, ainsi que le directeur sportif Florian Maurice, ont notamment \u00e9t\u00e9 pris pour cible.<\/p>\n<p>Cinq jours d\u2019ITT pour Boga<\/p>\n<p>Selon une source ayant connaissance des incidents, qui a confirm\u00e9 \u00e0 l\u2019AFP une information de L\u2019Equipe et de RMC, Boga est depuis ce lundi, et pour cinq jours, en ITT (arr\u00eat de travail). Il a \u00e9galement d\u00e9pos\u00e9 plainte contre X. Moffi aurait lui aussi re\u00e7u des coups et serait \u00e9galement en ITT, selon les deux m\u00e9dias sportifs.<\/p>\n<\/p>\n<p>\u00ab\u00a0Ces violences physiques sont intol\u00e9rables\u00a0\u00bb, a r\u00e9agi lundi soir l\u2019UNFP, le syndicat des joueurs, indiquant avoir \u00ab\u00a0imm\u00e9diatement pris contact\u00a0\u00bb avec Boga et Moffi. \u00ab\u00a0Face \u00e0 ces violences et aux plaintes d\u00e9pos\u00e9es, notre syndicat se r\u00e9serve le droit de se constituer partie civile\u00a0\u00bb.<\/p>\n<p>Ces incidents sont intervenus au moment o\u00f9 le club sort de six d\u00e9faites cons\u00e9cutives, en championnat et Ligue Europa. Au retour de Lorient, \u00ab\u00a0400 supporteurs au moins attendaient le car des joueurs devant le portail du centre d\u2019entra\u00eenement\u00a0\u00bb, a racont\u00e9 <a href=\"https:\/\/www.francebleu.fr\/sports\/football\/bougez-vous-les-supporters-de-l-ogc-nice-interpellent-les-aiglons-au-centre-d-entrainement-2955617\" target=\"_blank\" class=\"c-link c-link--is-underlined\" rel=\"noopener\">Maxime Bacqui\u00e9, journaliste d\u2019Ici<\/a> en charge du suivi du club et seul reporter pr\u00e9sent sur place.<\/p>\n<p>Fumig\u00e8nes et chants hostiles<\/p>\n<p>A 23h15, selon la m\u00eame source, ils ont barr\u00e9 le passage du car puis ont allum\u00e9 des fumig\u00e8nes et entonn\u00e9 des chants hostiles. Un de leurs repr\u00e9sentants a \u00e9t\u00e9 autoris\u00e9 \u00e0 monter \u00e0 bord du car pour discuter. Parmi les premiers \u00e0 en sortir, Florian Maurice, jug\u00e9 responsable du recrutement d\u00e9faillant de l\u2019\u00e9t\u00e9 dernier, a \u00e9t\u00e9 \u00ab\u00a0tr\u00e8s chahut\u00e9\u00a0\u00bb, d\u2019apr\u00e8s le journaliste. Il a d\u00fb \u00eatre \u00ab\u00a0exfiltr\u00e9, hagard\u00a0\u00bb, par le service de s\u00e9curit\u00e9.<\/p>\n<p>Dans un bref communiqu\u00e9 lundi soir, l\u2019OGC Nice a dit comprendre \u00ab\u00a0la frustration g\u00e9n\u00e9r\u00e9e par la succession de contre-performances\u00a0\u00bb. \u00ab\u00a0En revanche, les d\u00e9bordements constat\u00e9s durant ce rassemblement sont inacceptables, plusieurs membres du club ayant \u00e9t\u00e9 pris \u00e0 partie. L\u2019OGC Nice leur apporte tout son soutien et condamne ces actes avec la plus grande fermet\u00e9\u00a0\u00bb.<\/p>\n<p>Les d\u00e9bordements ont dur\u00e9 environ 45 minutes, p\u00e9riode durant laquelle l\u2019entra\u00eeneur Franck Haise s\u2019est efforc\u00e9 d\u2019\u00e9changer avec les supporters. Il a reconnu ne pas parvenir \u00e0 faire vivre un groupe ensemble pour la \u00ab\u00a0premi\u00e8re fois\u00a0\u00bb. Mais il a r\u00e9p\u00e9t\u00e9 \u00eatre \u00ab\u00a0pr\u00eat au combat\u00a0\u00bb. Le pr\u00e9sident de l\u2019OGCN Fabrice Bocquet n\u2019\u00e9tait pas sur place.<\/p>\n<p><a href=\"https:\/\/www.20minutes.fr\/sport\/football\/\" target=\"_blank\" class=\"c-link c-btn c-btn--primary\" rel=\"noopener\">Notre dossier Football<\/a><\/p>\n<p>Dimanche, Nice, 10e de Ligue 1 avec 17 points, recevra Angers, 12e. Apr\u00e8s deux jours de repos, l\u2019\u00e9quipe doit reprendre l\u2019entra\u00eenement mercredi.<\/p>\n","protected":false},"excerpt":{"rendered":"Rien ne va plus \u00e0 l\u2019OGC Nice o\u00f9 la col\u00e8re vis-\u00e0-vis des mauvais r\u00e9sultats sportifs vire d\u00e9sormais \u00e0&hellip;\n","protected":false},"author":2,"featured_media":572592,"comment_status":"","ping_status":"","sticky":false,"template":"","format":"standard","meta":{"footnotes":""},"categories":[2],"tags":[11,2898,63,1011,27,66,12,2401,2268,883,882,25,517,133,809],"class_list":{"0":"post-572591","1":"post","2":"type-post","3":"status-publish","4":"format-standard","5":"has-post-thumbnail","7":"category-actualites","8":"tag-actualites","9":"tag-alpes-maritimes","10":"tag-football","11":"tag-fr","12":"tag-france","13":"tag-ligue-1","14":"tag-news","15":"tag-nice","16":"tag-ogc-nice","17":"tag-paca","18":"tag-provence-alpes-cote-dazur","19":"tag-republique-francaise","20":"tag-sport","21":"tag-video","22":"tag-violence"},"share_on_mastodon":{"url":"https:\/\/pubeurope.com\/@fr\/115648667566957085","error":""},"_links":{"self":[{"href":"https:\/\/www.europesays.com\/fr\/wp-json\/wp\/v2\/posts\/572591","targetHints":{"allow":["GET"]}}],"collection":[{"href":"https:\/\/www.europesays.com\/fr\/wp-json\/wp\/v2\/posts"}],"about":[{"href":"https:\/\/www.europesays.com\/fr\/wp-json\/wp\/v2\/types\/post"}],"author":[{"embeddable":true,"href":"https:\/\/www.europesays.com\/fr\/wp-json\/wp\/v2\/users\/2"}],"replies":[{"embeddable":true,"href":"https:\/\/www.europesays.com\/fr\/wp-json\/wp\/v2\/comments?post=572591"}],"version-history":[{"count":0,"href":"https:\/\/www.europesays.com\/fr\/wp-json\/wp\/v2\/posts\/572591\/revisions"}],"wp:featuredmedia":[{"embeddable":true,"href":"https:\/\/www.europesays.com\/fr\/wp-json\/wp\/v2\/media\/572592"}],"wp:attachment":[{"href":"https:\/\/www.europesays.com\/fr\/wp-json\/wp\/v2\/media?parent=572591"}],"wp:term":[{"taxonomy":"category","embeddable":true,"href":"https:\/\/www.europesays.com\/fr\/wp-json\/wp\/v2\/categories?post=572591"},{"taxonomy":"post_tag","embeddable":true,"href":"https:\/\/www.europesays.com\/fr\/wp-json\/wp\/v2\/tags?post=572591"}],"curies":[{"name":"wp","href":"https:\/\/api.w.org\/{rel}","templated":true}]}}