{"id":572596,"date":"2025-12-02T06:59:11","date_gmt":"2025-12-02T06:59:11","guid":{"rendered":"https:\/\/www.europesays.com\/fr\/572596\/"},"modified":"2025-12-02T06:59:11","modified_gmt":"2025-12-02T06:59:11","slug":"pourquoi-certains-postes-du-rugby-francais-ont-de-quoi-inquieter-le-xv-de-france","status":"publish","type":"post","link":"https:\/\/www.europesays.com\/fr\/572596\/","title":{"rendered":"Pourquoi certains postes du rugby fran\u00e7ais ont de quoi inqui\u00e9ter le XV de France"},"content":{"rendered":"<p>                    Par<br \/>\n        <strong><br \/>\n            <a href=\"https:\/\/actu.fr\/auteur\/clement-mazella\" title=\"Consulter tous les articles de Cl\u00e9ment Mazella\" target=\"_blank\" rel=\"noopener\">Cl\u00e9ment Mazella<\/a><br \/>\n                    <\/strong><\/p>\n<p>        Publi\u00e9 le<\/p>\n<p>            2 d\u00e9c. 2025 \u00e0 6h30        <\/p>\n<p>On ne cesse de louer le vivier du rugby fran\u00e7ais. Au centre, les talents sont l\u00e9gion. En troisi\u00e8me ligne, \u00e7a regorge d\u2019\u00e9l\u00e9ments de haut niveau. Mais est-ce le cas \u00e0 tous les postes ? Et surtout, les \u00e9l\u00e9ments fran\u00e7ais dominants sont-ils titulaires en club ? Au sein de la r\u00e9daction d\u2019<a href=\"https:\/\/actu.fr\/rugby\/\" target=\"_blank\" rel=\"noopener\">Actu Rugby<\/a>, nous avons d\u00e9cid\u00e9 de prendre les XV-type de chaque \u00e9quipe, et de voir si des postes \u00e9taient en souffrance. <strong>Le verdict est formel : trois d\u2019entre eux le sont<\/strong>.<\/p>\n<p>N\u00b08 : le poste le plus en souffrance du rugby fran\u00e7ais<\/p>\n<p class=\" wall-content\">Sans surprise, <strong>le poste le plus en souffrance est celui de n\u00b08<\/strong>. Sur les 14 clubs de Top 14*, seulement 4 ont un titulaire fran\u00e7ais : Gr\u00e9gory Alldritt \u00e0 La Rochelle, Anthony Jelonch \u00e0 Toulouse, Marko Gazzotti et Yoan Tanga au Stade Fran\u00e7ais. Soit un ratio d\u2019\u00e0 peine 28,5%.<\/p>\n<p class=\" wall-content\">Fabien Galthi\u00e9 n\u2019avait pas h\u00e9sit\u00e9 \u00e0 pointer du doigt cette faille. \u00ab\u00a0Il n\u2019y a quasiment pas de n\u00b08 en France, \u00e0 part Greg Alldritt. Nous essayons de d\u00e9velopper des potentiels \u00e0 ce poste-l\u00e0\u00a0\u00bb, avait dit le s\u00e9lectionneur en juillet dernier, justifiant ainsi l\u2019essai de l\u2019habituel deuxi\u00e8me ligne Micka\u00ebl Guillard en n\u00b08 lors de la tourn\u00e9e d\u2019\u00e9t\u00e9 en Nouvelle-Z\u00e9lande.<\/p>\n<p class=\" wall-content\">La rel\u00e8ve existe, avec Marko Gazzotti. Reste \u00e0 voir si celui-ci continuera d\u2019\u00e9voluer en n\u00b08 lorsque le Sud-Africain Jean-Luc du Preez, grosse prise \u00e0 l\u2019intersaison de l\u2019UBB, sera remis sur pied. Pas impossible que le jeune Tricolore (1 s\u00e9lection) glisse en tant que flanker.<\/p>\n<p class=\" wall-content\">* Voici notre liste : Leota (Bayonne), Du Preez (UBB), Papali\u2019i (Castres), Sowakula (Clermont), Simmonds (Lyon), Vi\u2019iga (Montauban), Vunipola (Montpellier), Gorgadze (Pau), Oviedo (Perpignan), Hughes (Racing 92), Mercer (Toulon).<\/p>\n<p>Pilier droit et n\u00b013 \u00e9galement en danger<\/p>\n<p class=\" wall-content\">Deux autres postes sont \u00e9galement dans le dur. L\u00e0 aussi, \u00e7a n\u2019a rien de surprenant d\u2019y voir les <strong>piliers droits<\/strong>. Selon notre relev\u00e9, il y a 6 Fran\u00e7ais titulaires dans les \u00e9quipes-type. Ce n\u2019est pas forc\u00e9ment dramatique, mais dans le lot, rares ont perform\u00e9 sur la sc\u00e8ne internationale.<\/p>\n<p class=\" wall-content\">Tatafu (Bayonne), Aldegheri (Toulouse), Montagne (Clermont), Hounkpatin (Montpellier) et Laclayat (Pau) sont de bonnes solutions, mais rares peuvent pr\u00e9tendre actuellement succ\u00e9der \u00e0 Uini Atonio (La Rochelle) comme pilier droit titulaire du XV de France.<\/p>\n<p class=\" wall-content\">* Voici notre liste : Tameifuna (UBB), Collier (Castres), Ainsley (Lyon), Sordoni (Montauban), Melikidze (Stade Fran\u00e7ais), Brookes (Perpignan), Tupou (Racing 92), Sinkler (Toulon).<\/p>\n<p class=\" wall-content\">Il y a aussi le poste de\u2026 <strong>second centre<\/strong>. Et \u00e7a par contre, c\u2019est \u00e9tonnant. Car notre vivier vient d\u2019\u00eatre lou\u00e9 \u00e0 ce poste. Sauf que tous ne sont pas titulaires en club. Selon nos chiffres, sur 14 clubs, seuls 6 n\u00b013 titulaires sont fran\u00e7ais (Depoort\u00e8re, Espeut, Vincent, Gailleton, Duguivalu et Barassi).\u00a0<\/p>\n<p>Votre r\u00e9gion, votre actu !<\/p>\n<p>Recevez chaque jour les infos qui comptent pour vous.<\/p>\n<p>\t<a href=\"https:\/\/actu.fr\/newsletter\" class=\"ac-btn ac-btn--corner ac-btn--medium ac-btn--blue800\" target=\"_blank\" rel=\"noopener\">S&rsquo;incrire<\/a><br \/>\nPilier gauche et arri\u00e8re : tout va bien !<\/p>\n<p class=\" wall-content\">A contrario, le poste de pilier gauche se porte vraiment bien (11\/14), tout comme l\u2019arri\u00e8re (10\/14), les membres de la charni\u00e8re (9\/14) et les flankers (9\/14).<\/p>\n<p class=\" wall-content\">Le n\u00b05 et le n\u00b011 atteignent, eux, tout juste la moyenne (7\/14).\u00a0<\/p>\n<p class=\" wall-content\">Sur la toile, un fan s\u2019\u00e9tait lanc\u00e9 dans l\u2019exp\u00e9rience en se basant sur les JIFF (Joueur Issu de la Fili\u00e8re de Formation). Le constat est quasiment similaire au n\u00f4tre. Et pour lui, selon ses relev\u00e9s, 60% des joueurs pr\u00e9sents dans les \u00e9quipes type du Top 14 sont JIFF.<\/p>\n<p class=\" wall-content\">\n<p class=\" wall-content\">Personnalisez votre actualit\u00e9 en ajoutant vos villes et m\u00e9dias en favori avec <a href=\"https:\/\/moncompte.actu.fr\" title=\"D\u00e9couvez Mon Actu\" rel=\"nofollow noopener\" data-trk=\"{&quot;cta&quot;:{&quot;action&quot;:&quot;https:\\\/\\\/moncompte.actu.fr&quot;,&quot;category&quot;:&quot;mon compte&quot;,&quot;from&quot;:&quot;article footer&quot;,&quot;name&quot;:&quot;Mon actu&quot;,&quot;type&quot;:&quot;cta&quot;}}\" target=\"_blank\">Mon Actu<\/a>.<\/p>\n","protected":false},"excerpt":{"rendered":"Par Cl\u00e9ment Mazella Publi\u00e9 le 2 d\u00e9c. 2025 \u00e0 6h30 On ne cesse de louer le vivier du&hellip;\n","protected":false},"author":2,"featured_media":572597,"comment_status":"","ping_status":"","sticky":false,"template":"","format":"standard","meta":{"footnotes":""},"categories":[1416],"tags":[1011,27,479,1468,60,513],"class_list":{"0":"post-572596","1":"post","2":"type-post","3":"status-publish","4":"format-standard","5":"has-post-thumbnail","7":"category-rugby","8":"tag-fr","9":"tag-france","10":"tag-rugby","11":"tag-rugby-football","12":"tag-sports","13":"tag-xv-de-france"},"share_on_mastodon":{"url":"https:\/\/pubeurope.com\/@fr\/115648683318317067","error":""},"_links":{"self":[{"href":"https:\/\/www.europesays.com\/fr\/wp-json\/wp\/v2\/posts\/572596","targetHints":{"allow":["GET"]}}],"collection":[{"href":"https:\/\/www.europesays.com\/fr\/wp-json\/wp\/v2\/posts"}],"about":[{"href":"https:\/\/www.europesays.com\/fr\/wp-json\/wp\/v2\/types\/post"}],"author":[{"embeddable":true,"href":"https:\/\/www.europesays.com\/fr\/wp-json\/wp\/v2\/users\/2"}],"replies":[{"embeddable":true,"href":"https:\/\/www.europesays.com\/fr\/wp-json\/wp\/v2\/comments?post=572596"}],"version-history":[{"count":0,"href":"https:\/\/www.europesays.com\/fr\/wp-json\/wp\/v2\/posts\/572596\/revisions"}],"wp:featuredmedia":[{"embeddable":true,"href":"https:\/\/www.europesays.com\/fr\/wp-json\/wp\/v2\/media\/572597"}],"wp:attachment":[{"href":"https:\/\/www.europesays.com\/fr\/wp-json\/wp\/v2\/media?parent=572596"}],"wp:term":[{"taxonomy":"category","embeddable":true,"href":"https:\/\/www.europesays.com\/fr\/wp-json\/wp\/v2\/categories?post=572596"},{"taxonomy":"post_tag","embeddable":true,"href":"https:\/\/www.europesays.com\/fr\/wp-json\/wp\/v2\/tags?post=572596"}],"curies":[{"name":"wp","href":"https:\/\/api.w.org\/{rel}","templated":true}]}}