{"id":572598,"date":"2025-12-02T07:00:20","date_gmt":"2025-12-02T07:00:20","guid":{"rendered":"https:\/\/www.europesays.com\/fr\/572598\/"},"modified":"2025-12-02T07:00:20","modified_gmt":"2025-12-02T07:00:20","slug":"atp-france-stephane-robert-sur-le-phenomene-gael-monfils-est-ce-quil-devait-jouer-plus-a-leconomie-et-moins-pour-les-autres-les-fans-le-public-on-peut-se-poser-la-question","status":"publish","type":"post","link":"https:\/\/www.europesays.com\/fr\/572598\/","title":{"rendered":"ATP, France > St\u00e9phane Robert, sur le ph\u00e9nom\u00e8ne Ga\u00ebl Monfils : \u00ab\u00a0Est-ce qu&rsquo;il devait jouer plus \u00e0 l&rsquo;\u00e9conomie et moins pour les autres, les fans, le public ? On peut se poser la question&#8230;\u00a0\u00bb"},"content":{"rendered":"<p>Dans le dernier num\u00e9ro de<strong> We Love Tennis Mag,<\/strong> le num\u00e9ro 91, nous avons rendu hommage \u00e0 Ga\u00ebl Monfils, qui va disputer la derni\u00e8re saison de sa carri\u00e8re en\u00a02026.<\/p>\n<p>Plusieurs t\u00e9moins ont r\u00e9pondu \u00e0 notre invi\u00adta\u00adtion, dont St\u00e9phane Robert, qui est aujourd\u2019hui devenu coach.<\/p>\n<p>On lui a donc pos\u00e9 une ques\u00adtion\u00a0cl\u00e9\u2026<\/p>\n<p><img fetchpriority=\"high\" decoding=\"async\" width=\"740\" height=\"1024\" src=\"https:\/\/www.welovetennis.fr\/wp-content\/uploads\/2025\/11\/N\u00b091.jpg\" alt=\"\" class=\"wp-image-573960\"  \/><\/p>\n<p><strong>Qu\u2019est\u2010ce qui lui a manqu\u00e9 pour avoir un plus gros palmar\u00e8s\u202f?<\/strong><br \/>Est\u2010ce qu\u2019il devait jouer plus \u00e0 l\u2019\u00e9co\u00adnomie et moins pour les autres, les fans, le public\u202f? On peut se poser la ques\u00adtion. Difficile de r\u00e9pondre \u00e0 \u00e7a, car il aime faire le show. Du coup, natu\u00adrel\u00adle\u00adment, on se dit qu\u2019il a peut \u00eatre perdu de l\u2019\u00e9nergie autour de \u00e7a lors de certains matches, c\u2019est possible. De plus au niveau tech\u00adnique, on peut aussi se demander s\u2019il n\u2019avait pas la capa\u00adcit\u00e9 de finir plus vite les points. Il l\u2019a tent\u00e9 avec son coach Gunter Breznik mais ce n\u2019\u00e9tait pas facile pour lui car ce n\u2019est pas son iden\u00adtit\u00e9 premi\u00e8re, son ADN de joueur de tennis, ce qui le fait vibrer donc quand il a tent\u00e9 de sortir de sa fili\u00e8re natu\u00adrelle, il n\u2019a jamais \u00e9t\u00e9 forc\u00e9\u00adment \u00e0 l\u2019aise.<\/p>\n<p class=\"post-published-date\" style=\"color: silver; font-size: 75%; text-align: left;\">Publi\u00e9 le lundi 1 d\u00e9cembre 2025 \u00e0 11:11<\/p>\n","protected":false},"excerpt":{"rendered":"Dans le dernier num\u00e9ro de We Love Tennis Mag, le num\u00e9ro 91, nous avons rendu hommage \u00e0 Ga\u00ebl&hellip;\n","protected":false},"author":2,"featured_media":138044,"comment_status":"","ping_status":"","sticky":false,"template":"","format":"standard","meta":{"footnotes":""},"categories":[1415],"tags":[1011,27,3770,60,1467],"class_list":{"0":"post-572598","1":"post","2":"type-post","3":"status-publish","4":"format-standard","5":"has-post-thumbnail","7":"category-tennis","8":"tag-fr","9":"tag-france","10":"tag-monfils","11":"tag-sports","12":"tag-tennis"},"share_on_mastodon":{"url":"https:\/\/pubeurope.com\/@fr\/115648687934126276","error":""},"_links":{"self":[{"href":"https:\/\/www.europesays.com\/fr\/wp-json\/wp\/v2\/posts\/572598","targetHints":{"allow":["GET"]}}],"collection":[{"href":"https:\/\/www.europesays.com\/fr\/wp-json\/wp\/v2\/posts"}],"about":[{"href":"https:\/\/www.europesays.com\/fr\/wp-json\/wp\/v2\/types\/post"}],"author":[{"embeddable":true,"href":"https:\/\/www.europesays.com\/fr\/wp-json\/wp\/v2\/users\/2"}],"replies":[{"embeddable":true,"href":"https:\/\/www.europesays.com\/fr\/wp-json\/wp\/v2\/comments?post=572598"}],"version-history":[{"count":0,"href":"https:\/\/www.europesays.com\/fr\/wp-json\/wp\/v2\/posts\/572598\/revisions"}],"wp:featuredmedia":[{"embeddable":true,"href":"https:\/\/www.europesays.com\/fr\/wp-json\/wp\/v2\/media\/138044"}],"wp:attachment":[{"href":"https:\/\/www.europesays.com\/fr\/wp-json\/wp\/v2\/media?parent=572598"}],"wp:term":[{"taxonomy":"category","embeddable":true,"href":"https:\/\/www.europesays.com\/fr\/wp-json\/wp\/v2\/categories?post=572598"},{"taxonomy":"post_tag","embeddable":true,"href":"https:\/\/www.europesays.com\/fr\/wp-json\/wp\/v2\/tags?post=572598"}],"curies":[{"name":"wp","href":"https:\/\/api.w.org\/{rel}","templated":true}]}}