{"id":572601,"date":"2025-12-02T07:05:13","date_gmt":"2025-12-02T07:05:13","guid":{"rendered":"https:\/\/www.europesays.com\/fr\/572601\/"},"modified":"2025-12-02T07:05:13","modified_gmt":"2025-12-02T07:05:13","slug":"transfert-a-70me-le-real-madrid-recoit-le-feu-vert-il-va-rejoindre-mbappe","status":"publish","type":"post","link":"https:\/\/www.europesays.com\/fr\/572601\/","title":{"rendered":"Transfert \u00e0 70M\u20ac : Le Real Madrid re\u00e7oit le feu vert, il va rejoindre Mbapp\u00e9 ?"},"content":{"rendered":"<p>                    Hugo Chirossel<br \/>\n                        &#8211;<\/p>\n<p>Journaliste<\/p>\n<p>Passionn\u00e9 de football depuis le plus jeune \u00e2ge, devenir journaliste sportif est rapidement devenu une \u00e9vidence pour Hugo. Il se d\u00e9couvrira plus tard un amour pour la NBA, avant d\u2019explorer d\u2019autres horizons comme ceux de la Formule 1 et de la NFL.<\/p>\n<p class=\"heading\">Apr\u00e8s avoir d\u00e9pens\u00e9 50M\u20ac pour recruter Alvaro Carreras, le Real Madrid aurait un autre lat\u00e9ral gauche dans son viseur. Dans l\u2019optique du prochain mercato estival, les Merengue seraient tr\u00e8s int\u00e9ress\u00e9s par Nathaniel Brown. L\u2019Eintracht Francfort en demanderait entre 60 et 70M\u20ac et serait persuad\u00e9 que l\u2019international allemand partira \u00e0 l\u2019\u00e9t\u00e9 2026.<\/p>\n<p>Le <a href=\"https:\/\/le10sport.com\/football\/mercato\/real-madrid-transfert-dun-champion-du-monde-la-grosse-revelation-766851\" target=\"_blank\" rel=\"noopener\">Real Madrid<\/a> aurait d\u00e9j\u00e0 identifi\u00e9 une de ses cibles dans l\u2019optique du prochain mercato estival. D\u2019apr\u00e8s les informations du journaliste <strong>Florian Plettenberg<\/strong>, la Casa Blanca explorerait une piste en Bundesliga, celle menant \u00e0 <strong>Nathaniel Brown<\/strong>, sous contrat jusqu\u2019en juin 2030 avec l\u2019<strong>Eintracht Francfort<\/strong>. <\/p>\n<p>                                            Le FC Barcelone et Manchester United \u00e9galement sur le coup<\/p>\n<p>Le lat\u00e9ral gauche \u00e2g\u00e9 de 22 ans serait sur la liste des joueurs convoit\u00e9s par le <strong>Real Madrid<\/strong> l\u2019\u00e9t\u00e9 prochain, apr\u00e8s l\u2019avoir observ\u00e9 lors des derniers matchs de son \u00e9quipe, contre <strong>Cologne<\/strong> (3-4) et l\u2019<strong>Atalanta<\/strong> (0-3). Le <strong>FC Barcelone<\/strong> serait \u00e9galement int\u00e9ress\u00e9 par <strong>Nathaniel Brown<\/strong> et <strong>Manchester United<\/strong> surveillerait l\u2019\u00e9volution de ce dossier. <\/p>\n<p>                                            Francfort r\u00e9clame entre 60 et 70M\u20ac<\/p>\n<p>Selon <strong>Florian Plettenberg<\/strong> un d\u00e9part de l\u2019international allemand (2 s\u00e9lections) \u00e0 l\u2019\u00e9t\u00e9 2026 serait quasiment act\u00e9. L\u2019<strong>Eintracht Francfort<\/strong> serait convaincu \u00e0 \u00ab 100 % \u00bb que <strong>Nathaniel Brown<\/strong> quittera le club \u00e0 ce moment-l\u00e0. En ce sens, <strong>Markus Kr\u00f6sche<\/strong>, directeur sportif, aurait fix\u00e9 son prix entre 60 et 70M\u20ac.  <\/p>\n","protected":false},"excerpt":{"rendered":"Hugo Chirossel &#8211; Journaliste Passionn\u00e9 de football depuis le plus jeune \u00e2ge, devenir journaliste sportif est rapidement devenu&hellip;\n","protected":false},"author":2,"featured_media":572602,"comment_status":"","ping_status":"","sticky":false,"template":"","format":"standard","meta":{"footnotes":""},"categories":[1410],"tags":[63,1011,27,60],"class_list":{"0":"post-572601","1":"post","2":"type-post","3":"status-publish","4":"format-standard","5":"has-post-thumbnail","7":"category-football","8":"tag-football","9":"tag-fr","10":"tag-france","11":"tag-sports"},"share_on_mastodon":{"url":"https:\/\/pubeurope.com\/@fr\/115648707578980767","error":""},"_links":{"self":[{"href":"https:\/\/www.europesays.com\/fr\/wp-json\/wp\/v2\/posts\/572601","targetHints":{"allow":["GET"]}}],"collection":[{"href":"https:\/\/www.europesays.com\/fr\/wp-json\/wp\/v2\/posts"}],"about":[{"href":"https:\/\/www.europesays.com\/fr\/wp-json\/wp\/v2\/types\/post"}],"author":[{"embeddable":true,"href":"https:\/\/www.europesays.com\/fr\/wp-json\/wp\/v2\/users\/2"}],"replies":[{"embeddable":true,"href":"https:\/\/www.europesays.com\/fr\/wp-json\/wp\/v2\/comments?post=572601"}],"version-history":[{"count":0,"href":"https:\/\/www.europesays.com\/fr\/wp-json\/wp\/v2\/posts\/572601\/revisions"}],"wp:featuredmedia":[{"embeddable":true,"href":"https:\/\/www.europesays.com\/fr\/wp-json\/wp\/v2\/media\/572602"}],"wp:attachment":[{"href":"https:\/\/www.europesays.com\/fr\/wp-json\/wp\/v2\/media?parent=572601"}],"wp:term":[{"taxonomy":"category","embeddable":true,"href":"https:\/\/www.europesays.com\/fr\/wp-json\/wp\/v2\/categories?post=572601"},{"taxonomy":"post_tag","embeddable":true,"href":"https:\/\/www.europesays.com\/fr\/wp-json\/wp\/v2\/tags?post=572601"}],"curies":[{"name":"wp","href":"https:\/\/api.w.org\/{rel}","templated":true}]}}