{"id":572605,"date":"2025-12-02T07:07:19","date_gmt":"2025-12-02T07:07:19","guid":{"rendered":"https:\/\/www.europesays.com\/fr\/572605\/"},"modified":"2025-12-02T07:07:19","modified_gmt":"2025-12-02T07:07:19","slug":"avec-le-vent-glacial-cette-croix-dans-les-pyrenees-se-transforme-en-sculpture-de-neige","status":"publish","type":"post","link":"https:\/\/www.europesays.com\/fr\/572605\/","title":{"rendered":"Avec le vent glacial, cette croix dans les Pyr\u00e9n\u00e9es se transforme en sculpture de neige"},"content":{"rendered":"<p>                    Par<br \/>\n        <strong><br \/>\n            <a href=\"https:\/\/actu.fr\/auteur\/hodumez\" title=\"Consulter tous les articles de Hugues-Olivier Dumez\" target=\"_blank\" rel=\"noopener\">Hugues-Olivier Dumez<\/a><br \/>\n                    <\/strong><\/p>\n<p>        Publi\u00e9 le<\/p>\n<p>            1 d\u00e9c. 2025 \u00e0 12h32        <\/p>\n<p>Non, cette image n\u2019a pas \u00e9t\u00e9 g\u00e9n\u00e9r\u00e9e avec l\u2019Intelligence artificielle. Fig\u00e9e par le givre, une sculpture de glace s\u2019est form\u00e9e au niveau de la croix du <a href=\"https:\/\/actu.fr\/occitanie\/tarascon-sur-ariege_09306\/le-depart-de-ce-trail-aura-lieu-depuis-un-site-emblematique-des-pyrenees-ariegeoises_60948760.html\" target=\"_blank\" rel=\"noopener\">Pic des Trois Seigneurs<\/a>\u00a0dans les <strong>Pyr\u00e9n\u00e9es<\/strong> ari\u00e9geoises. La photo a \u00e9t\u00e9 prise avec un simple t\u00e9l\u00e9phone le jeudi 27 novembre 2025, un peu apr\u00e8s midi.<\/p>\n<p class=\" wall-content\">\u00ab\u2009Je suis parti depuis le parking de l\u2019<strong>\u00c9tang de Lers<\/strong>\u2009\u00bb, raconte Fran\u00e7ois, contact\u00e9 par Actu.fr. \u00ab\u2009Le thermom\u00e8tre de la voiture indiquait -4\u00b0C, vers 10h du matin. Malgr\u00e9 le soleil, la croix n\u2019avait pas d\u00e9givr\u00e9. J\u2019\u00e9tais \u00e9quip\u00e9 de crampons pour cette randonn\u00e9e. \u00bb<\/p>\n<p>\u00ab\u2009Une cr\u00e9ation artistique\u2009\u00bb<\/p>\n<p class=\" wall-content\">Pour rappel, le Pic des Trois Seigneurs culmine \u00e0 2\u2009199\u00a0m\u00e8tres d\u2019altitude. C\u2019est le sommet principal du massif du m\u00eame nom.<\/p>\n<p class=\" wall-content\">Si Fran\u00e7ois habite \u00e0 proximit\u00e9 du Pic des Trois Seigneurs, il n\u2019avait jamais eu l\u2019occasion de voir la croix ainsi. \u00ab\u2009Le vent a souffl\u00e9 tr\u00e8s fort quand la neige s\u2019\u00e9tait mise \u00e0 tomber\u2009\u00bb, souligne Fran\u00e7ois. \u00ab\u2009En collant \u00e0 la croix, la neige formait des stalactites horizontales. Il y avait bien cinquante centim\u00e8tres qui \u00e9taient d\u00e9port\u00e9s. Cela ressemblait \u00e0 une cr\u00e9ation artistique\u2009!\u2009\u00bb<\/p>\n<p class=\" wall-content\">Personnalisez votre actualit\u00e9 en ajoutant vos villes et m\u00e9dias en favori avec <a href=\"https:\/\/moncompte.actu.fr\" title=\"D\u00e9couvez Mon Actu\" rel=\"nofollow noopener\" data-trk=\"{&quot;cta&quot;:{&quot;action&quot;:&quot;https:\\\/\\\/moncompte.actu.fr&quot;,&quot;category&quot;:&quot;mon compte&quot;,&quot;from&quot;:&quot;article footer&quot;,&quot;name&quot;:&quot;Mon actu&quot;,&quot;type&quot;:&quot;cta&quot;}}\" target=\"_blank\">Mon Actu<\/a>.<\/p>\n","protected":false},"excerpt":{"rendered":"Par Hugues-Olivier Dumez Publi\u00e9 le 1 d\u00e9c. 2025 \u00e0 12h32 Non, cette image n\u2019a pas \u00e9t\u00e9 g\u00e9n\u00e9r\u00e9e avec&hellip;\n","protected":false},"author":2,"featured_media":572606,"comment_status":"","ping_status":"","sticky":false,"template":"","format":"standard","meta":{"footnotes":""},"categories":[1358],"tags":[1348,1384,1385,1386,58,59,1011,27,1652,2357,10584,2723],"class_list":{"0":"post-572605","1":"post","2":"type-post","3":"status-publish","4":"format-standard","5":"has-post-thumbnail","7":"category-arts-et-design","8":"tag-arts","9":"tag-arts-and-design","10":"tag-arts-et-design","11":"tag-design","12":"tag-divertissement","13":"tag-entertainment","14":"tag-fr","15":"tag-france","16":"tag-loisirs-culture","17":"tag-meteo-france","18":"tag-neige","19":"tag-pyrenees"},"share_on_mastodon":{"url":"https:\/\/pubeurope.com\/@fr\/115648714735001378","error":""},"_links":{"self":[{"href":"https:\/\/www.europesays.com\/fr\/wp-json\/wp\/v2\/posts\/572605","targetHints":{"allow":["GET"]}}],"collection":[{"href":"https:\/\/www.europesays.com\/fr\/wp-json\/wp\/v2\/posts"}],"about":[{"href":"https:\/\/www.europesays.com\/fr\/wp-json\/wp\/v2\/types\/post"}],"author":[{"embeddable":true,"href":"https:\/\/www.europesays.com\/fr\/wp-json\/wp\/v2\/users\/2"}],"replies":[{"embeddable":true,"href":"https:\/\/www.europesays.com\/fr\/wp-json\/wp\/v2\/comments?post=572605"}],"version-history":[{"count":0,"href":"https:\/\/www.europesays.com\/fr\/wp-json\/wp\/v2\/posts\/572605\/revisions"}],"wp:featuredmedia":[{"embeddable":true,"href":"https:\/\/www.europesays.com\/fr\/wp-json\/wp\/v2\/media\/572606"}],"wp:attachment":[{"href":"https:\/\/www.europesays.com\/fr\/wp-json\/wp\/v2\/media?parent=572605"}],"wp:term":[{"taxonomy":"category","embeddable":true,"href":"https:\/\/www.europesays.com\/fr\/wp-json\/wp\/v2\/categories?post=572605"},{"taxonomy":"post_tag","embeddable":true,"href":"https:\/\/www.europesays.com\/fr\/wp-json\/wp\/v2\/tags?post=572605"}],"curies":[{"name":"wp","href":"https:\/\/api.w.org\/{rel}","templated":true}]}}