{"id":572613,"date":"2025-12-02T07:12:13","date_gmt":"2025-12-02T07:12:13","guid":{"rendered":"https:\/\/www.europesays.com\/fr\/572613\/"},"modified":"2025-12-02T07:12:13","modified_gmt":"2025-12-02T07:12:13","slug":"les-antennes-de-lassociation-aides-a-amiens-angers-lorient-perpignan-et-reims-menacees-de-fermeture","status":"publish","type":"post","link":"https:\/\/www.europesays.com\/fr\/572613\/","title":{"rendered":"Les antennes de l&rsquo;association Aides \u00e0 Amiens, Angers, Lorient, Perpignan et Reims menac\u00e9es de fermeture"},"content":{"rendered":"\n<p class=\"c-chapo \">\n  Une soixantaine de postes sont en danger sur l&rsquo;ensemble de ces antennes locales de l&rsquo;association de lutte contre le VIH et les h\u00e9patites.\n<\/p>\n<p>      lire plus tard<\/p>\n<p id=\"dialog__title\" class=\"dialog__title\">Pour sauvegarder cet article, connectez-vous ou cr\u00e9ez un compte franceinfo<\/p>\n<p class=\"dialog__description\">Sans paiement. Sans abonnement.<\/p>\n<p>        Fermer la fen\u00eatre d\u2019activation des notifications France Info<\/p>\n<p>      cr\u00e9er votre compte<\/p>\n<p>      se connecter<\/p>\n<p>        Fermer la fen\u00eatre de pr\u00e9sentation<\/p>\n<p>    Publi\u00e9 le 01\/12\/2025 23:54<\/p>\n<p>      Mis \u00e0 jour le 02\/12\/2025 06:24<\/p>\n<p>        Temps de lecture : 2min<\/p>\n<p>    <img decoding=\"async\"  alt=\"Un entretien au sein d'Aides, premi\u00e8re association fran\u00e7aise de lutte contre le sida. Image d'illustration. (MATHIEU HERDUIN \/ MAXPPP)\" width=\"432\" height=\"243\" src=\"https:\/\/www.europesays.com\/fr\/wp-content\/uploads\/2025\/12\/maxnewsworldfive636766-692c76e1bc4c8398315328.jpg\" fetchpriority=\"high\"\/><\/p>\n<p>      Un entretien au sein d&rsquo;Aides, premi\u00e8re association fran\u00e7aise de lutte contre le sida. Image d&rsquo;illustration. (MATHIEU HERDUIN \/ MAXPPP)<\/p>\n<p>Les antennes d&rsquo;Amiens, Angers, Lorient, Perpignan et Reims de l&rsquo;association de lutte contre le sida Aides sont menac\u00e9es de fermeture, a appris aupr\u00e8s de l&rsquo;association lundi 1er d\u00e9cembre <a href=\"https:\/\/www.francebleu.fr\/infos\/economie-social\/info-ici-cinq-antennes-de-l-association-aides-de-lutte-contre-le-sida-menacees-de-fermeture-3747340\" target=\"_blank\" rel=\"noopener\" data-tooltip-url=\"https:\/\/www.francebleu.fr\/infos\/economie-social\/info-ici-cinq-antennes-de-l-association-aides-de-lutte-contre-le-sida-menacees-de-fermeture-3747340\">ICI Champagne-Ardenne<\/a>. En parall\u00e8le, un plan de sauvegarde de l&#8217;emploi (PSE) a \u00e9t\u00e9 annonc\u00e9 par la direction, selon le syndicat Sud Sant\u00e9 sociaux, 61 postes sont \u00e9galement en danger.<\/p>\n<p>\u00ab\u00a0Il n&rsquo;y a pas de lien m\u00e9canique entre les suppressions de postes et les fermetures d&rsquo;antennes. Il s&rsquo;agit de deux logiques diff\u00e9rentes\u00a0\u00bb, explique \u00e0 ICI Champagne-Ardenne, Marc Dixneuf, le directeur g\u00e9n\u00e9ral d\u2019Aides. \u00ab\u00a0Les antennes sont pr\u00e9sentes dans des r\u00e9gions o\u00f9 l&rsquo;\u00e9pid\u00e9mie est peu dynamique et c&rsquo;est aussi pour \u00e7a qu&rsquo;on fait ce choix-l\u00e0\u00a0\u00bb, pr\u00e9cise-t-il afin de \u00ab\u00a0concentrer les moyens dont on dispose pour pouvoir les affecter dans les r\u00e9gions avec les plus fortes \u00e9pid\u00e9mies\u00a0\u00bb.<\/p>\n<p>Dans un communiqu\u00e9, l&rsquo;association explique \u00eatre \u00ab\u00a0dans une impasse budg\u00e9taire persistante, reflet d&rsquo;un d\u00e9sengagement plus large de l&rsquo;\u00c9tat envers le secteur associatif\u00a0\u00bb. Elle affirme chercher aujourd&rsquo;hui \u00ab\u00a02,1 millions d&rsquo;euros\u00a0\u00bb, selon Marc Dixneuf. Au \u00ab\u00a01,5 million d&rsquo;euros\u00a0\u00bb n\u00e9cessaires et non financ\u00e9s li\u00e9s au S\u00e9gur de la Sant\u00e9 et aux augmentations de salaires, au recrutement de personnels, s&rsquo;ajoute une coupe de la subvention du minist\u00e8re de la Sant\u00e9 \u00e0 hauteur de 600\u00a0000 euros, d\u00e9taille-t-il \u00e0 ICI Champagne-Ardenne.<\/p>\n<p>Le d\u00e9l\u00e9gu\u00e9 syndical Sud au sein d\u2019Aides, Romain Perrollaz, pointe \u00e9galement \u00ab\u00a0un d\u00e9sinvestissement massif de l&rsquo;\u00c9tat\u00a0\u00bb. \u00ab\u00a0Les baisses de financement \u00e0 l&rsquo;international comme au niveau national, am\u00e8nent pour la premi\u00e8re fois \u00e0 envisager une reprise de l&rsquo;\u00e9pid\u00e9mie. C&rsquo;est particuli\u00e8rement marqu\u00e9 \u00e0 l&rsquo;international, mais ce mouvement dans lequel s&rsquo;inscrit Aides, contraint par des baisses importantes de financement de la part des pouvoirs publics, am\u00e8ne aux m\u00eames craintes sur le territoire fran\u00e7ais\u00a0\u00bb, analyse Romain Perrollaz qui participe aux n\u00e9gociations du PSE.<\/p>\n<p>Il estime d&rsquo;ailleurs que ce projet de suppression de 61 postes est \u00ab\u00a0un choix contestable\u00a0\u00bb. Son syndicat esp\u00e8re encore r\u00e9duire le nombre de postes menac\u00e9s et explique dans un communiqu\u00e9 que \u00ab\u00a0l&rsquo;urgence de ce plan de licenciement n&rsquo;est pas av\u00e9r\u00e9e\u00a0\u00bb.<\/p>\n","protected":false},"excerpt":{"rendered":"Une soixantaine de postes sont en danger sur l&rsquo;ensemble de ces antennes locales de l&rsquo;association de lutte contre&hellip;\n","protected":false},"author":2,"featured_media":572614,"comment_status":"","ping_status":"","sticky":false,"template":"","format":"standard","meta":{"footnotes":""},"categories":[10],"tags":[1011,27,72,71],"class_list":{"0":"post-572613","1":"post","2":"type-post","3":"status-publish","4":"format-standard","5":"has-post-thumbnail","7":"category-sante","8":"tag-fr","9":"tag-france","10":"tag-health","11":"tag-sante"},"share_on_mastodon":{"url":"https:\/\/pubeurope.com\/@fr\/115648734530284712","error":""},"_links":{"self":[{"href":"https:\/\/www.europesays.com\/fr\/wp-json\/wp\/v2\/posts\/572613","targetHints":{"allow":["GET"]}}],"collection":[{"href":"https:\/\/www.europesays.com\/fr\/wp-json\/wp\/v2\/posts"}],"about":[{"href":"https:\/\/www.europesays.com\/fr\/wp-json\/wp\/v2\/types\/post"}],"author":[{"embeddable":true,"href":"https:\/\/www.europesays.com\/fr\/wp-json\/wp\/v2\/users\/2"}],"replies":[{"embeddable":true,"href":"https:\/\/www.europesays.com\/fr\/wp-json\/wp\/v2\/comments?post=572613"}],"version-history":[{"count":0,"href":"https:\/\/www.europesays.com\/fr\/wp-json\/wp\/v2\/posts\/572613\/revisions"}],"wp:featuredmedia":[{"embeddable":true,"href":"https:\/\/www.europesays.com\/fr\/wp-json\/wp\/v2\/media\/572614"}],"wp:attachment":[{"href":"https:\/\/www.europesays.com\/fr\/wp-json\/wp\/v2\/media?parent=572613"}],"wp:term":[{"taxonomy":"category","embeddable":true,"href":"https:\/\/www.europesays.com\/fr\/wp-json\/wp\/v2\/categories?post=572613"},{"taxonomy":"post_tag","embeddable":true,"href":"https:\/\/www.europesays.com\/fr\/wp-json\/wp\/v2\/tags?post=572613"}],"curies":[{"name":"wp","href":"https:\/\/api.w.org\/{rel}","templated":true}]}}