{"id":572617,"date":"2025-12-02T07:14:12","date_gmt":"2025-12-02T07:14:12","guid":{"rendered":"https:\/\/www.europesays.com\/fr\/572617\/"},"modified":"2025-12-02T07:14:12","modified_gmt":"2025-12-02T07:14:12","slug":"karine-le-marchand-sideree-face-a-jean-louis-et-isabelle-dans-lamour-est-dans-le-pre","status":"publish","type":"post","link":"https:\/\/www.europesays.com\/fr\/572617\/","title":{"rendered":"Karine Le Marchand sid\u00e9r\u00e9e face \u00e0 Jean-Louis et Isabelle dans \u00abL\u2019amour est dans le pr\u00e9\u00bb"},"content":{"rendered":"<p>\n    L\u2019\u00e9leveur de vaches allaitantes pensait avoir trouv\u00e9 la perle rare avec sa pr\u00e9tendante dunkerquoise. Pourtant, le couple a pris la d\u00e9cision de mettre fin \u00e0 sa relation en plein milieu du tournage du bilan sur M6, laissant une Karine Le\u00a0Marchand sid\u00e9r\u00e9e.<\/p>\n<p class=\"fig-paragraph\">S\u2019il arrive malheureusement assez souvent que des agriculteurs se rendent seuls au bilan de\u00a0<a href=\"https:\/\/tvmag.lefigaro.fr\/programme-tv\/programme\/l-amour-est-dans-le-pre-d1718176196\" target=\"_blank\" rel=\"noopener\" data-gtm-custom-categorie=\"navigation\" data-gtm-custom-action=\"crossclick\" data-gtm-custom-label=\"Contextuel\" data-gtm-event=\"customEventSPE\"><strong>\u00abL\u2019amour est dans le pr\u00e9\u00bb<\/strong><\/a> \u00a0sur\u00a0<a href=\"https:\/\/tvmag.lefigaro.fr\/programme-tv\/chaine\/118\/tous-les-programmes-de-m6\" target=\"_blank\" rel=\"noopener\" data-gtm-custom-categorie=\"navigation\" data-gtm-custom-action=\"crossclick\" data-gtm-custom-label=\"Contextuel\" data-gtm-event=\"customEventSPE\">M6<\/a>, il est assez rare qu\u2019un couple arrive ensemble puis se s\u00e9pare \u00e0 ce moment-l\u00e0. C\u2019est pourtant la d\u00e9cision qu\u2019ont pris <strong>Isabelle <\/strong>et <strong>Jean-Louis<\/strong> dans le deuxi\u00e8me et dernier \u00e9pisode bilan de la saison 20 du programme pr\u00e9sent\u00e9 par\u00a0<a href=\"https:\/\/www.lefigaro.fr\/tag\/karine-le-marchand\" target=\"_blank\" rel=\"noopener\" data-gtm-custom-categorie=\"navigation\" data-gtm-custom-action=\"crossclick\" data-gtm-custom-label=\"Contextuel\" data-gtm-event=\"customEventSPE\">Karine Le Marchand<\/a>, diffus\u00e9 ce lundi 1er d\u00e9cembre.<\/p>\n<p class=\"fig-paragraph\">Alors que l\u2019\u00e9leveur de vaches allaitantes s\u2019\u00e9tait s\u00e9par\u00e9 de sa pr\u00e9tendante lors du dernier \u00e9pisode (elle lui avait d\u2019ailleurs retourn\u00e9 ses cadeaux bien emball\u00e9s lors d\u2019une sc\u00e8ne d\u2019adieu d\u00e9chirante), il a sembl\u00e9, au d\u00e9but de son interview de bilan face \u00e0 la pr\u00e9sentatrice, que les deux tourtereaux aient remis le couvert.<\/p>\n<p class=\"fig-body-link\">\n            \u00c0 lire aussi<br \/>\n        <a class=\"fig-body-link__link\" href=\"http:\/\/tvmag.lefigaro.fr\/programme-tv\/actu-tele\/elle-a-menti-sur-tout-karine-le-marchand-reagit-a-la-rupture-entre-pierrick-et-livie-20251125\" target=\"_blank\" data-fig-type=\"Article\" rel=\"noopener\" data-gtm-custom-categorie=\"navigation\" data-gtm-custom-action=\"crossclick\" data-gtm-custom-label=\"Contextuel\" data-gtm-event=\"customEventSPE\" data-fig-domain=\"TVMAG\"><\/p>\n<p>        \u00abElle a menti sur tout\u00bb\u00a0: Karine Le Marchand critique Livie, une pr\u00e9tendante de \u00abL\u2019amour est dans le pr\u00e9\u00bb<br \/>\n    <\/a>\n<\/p>\n<p>                                                                <a class=\"fig-a11y-skip\" href=\"#fig-a11y-skip-main-inarticle\" data-module=\"a11y-skip\" data-context=\"was @visible\"><br \/>\n    Passer la publicit\u00e9<br \/>\n<\/a>            <\/p>\n<p class=\"fig-paragraph\">\u00abAvec Isabelle, je n\u2019ai eu que des rebondissements. Au speed dating \u00e0 Paris, tout s\u2019est tr\u00e8s bien pass\u00e9. J\u2019ai eu beaucoup de courrier. Malgr\u00e9 mon \u00e2ge, j\u2019ai encore la c\u00f4te\u00a0! J\u2019avais deux coups de c\u0153ur avec les lettres. C\u2019\u00e9taient Isabelle et Sylvie\u00bb, s\u2019est-il souvenu face \u00e0 Karine Le Marchand. \u00abApr\u00e8s le d\u00e9part de Sylvie, avec Isabelle, tout s\u2019est tr\u00e8s bien pass\u00e9. Elle est m\u00eame rest\u00e9e un jour de plus. Je me suis dit que j\u2019avais trouv\u00e9 la perle rare\u00bb, a-t-il poursuivi.<\/p>\n<p class=\"fig-paragraph\">Une histoire prometteuse, en effet, si les choses n\u2019avaient pas tourn\u00e9 au vinaigre moins de deux semaines plus tard. \u00ab10 jours apr\u00e8s, elle est revenue. Elle est rest\u00e9e quatre jours et l\u00e0, il n\u2019y avait plus rien qui allait. Du jour au lendemain, que des reproches\u00a0! Elle me disait que je ne parlais pas, que je n\u2019avais pas de dialogue. Je ne voulais plus aller \u00e0 Dunkerque, je n\u2019ai m\u00eame pas vu son appartement&#8230;\u00bb, a racont\u00e9 Jean-Louis encore \u00e9mu de la situation.<\/p>\n<p class=\"fig-paragraph\">La rupture avait d\u2019ailleurs \u00e9t\u00e9 film\u00e9e. Isabelle avait expliqu\u00e9 \u00e0 l\u2019agriculteur\u00a0: \u00abCe que je trouve dommage, c\u2019est qu\u2019entre ton portrait et la vie que tu as pour moi, il y a une \u00e9norme diff\u00e9rence. J\u2019avais l\u2019impression d\u2019\u00eatre dans une relation routini\u00e8re de 20 ans. Je ne peux pas Jean-Louis\u00bb. Ce dernier s\u2019\u00e9tait justifi\u00e9\u00a0: \u00abSi \u00e7a coince d\u00e9j\u00e0 d\u00e8s le d\u00e9part, si tu reviens et que \u00e7a recoince au moindre truc, \u00e7a va \u00eatre probl\u00e9matique\u00bb. C\u2019en \u00e9tait trop pour la c\u00e9libataire qui avait laiss\u00e9 l\u00e0 le p\u00e2tissier\u00a0: \u00abOk, allez ciao\u00a0! Je te souhaite juste de trouver la personne qui te convient\u00bb.<\/p>\n<p class=\"fig-body-link\">\n            \u00c0 lire aussi<br \/>\n        <a class=\"fig-body-link__link\" href=\"http:\/\/tvmag.lefigaro.fr\/programme-tv\/actu-tele\/on-est-avec-toi-julien-dore-reagit-a-la-rupture-entre-evelyne-et-anthony-dans-l-amour-est-dans-le-pre-20251022\" target=\"_blank\" data-fig-type=\"Article\" rel=\"noopener\" data-gtm-custom-categorie=\"navigation\" data-gtm-custom-action=\"crossclick\" data-gtm-custom-label=\"Contextuel\" data-gtm-event=\"customEventSPE\" data-fig-domain=\"TVMAG\"><\/p>\n<p>        \u00abOn est avec toi\u00bb\u00a0: Julien Dor\u00e9 r\u00e9agit \u00e0 la rupture entre \u00c9velyne et Anthony dans \u00abL\u2019amour est dans le pr\u00e9\u00bb<br \/>\n    <\/a>\n<\/p>\n<p class=\"fig-paragraph\">La messe semblait dite. Pourtant, \u00e0 la surprise g\u00e9n\u00e9rale, Jean-Louis a r\u00e9v\u00e9l\u00e9 \u00e0 la pr\u00e9sentatrice\u00a0: \u00abElle m\u2019a rappel\u00e9 un mois plus tard. Elle ne m\u2019a pas fait tellement d\u2019excuses, on a rediscut\u00e9 pendant huit jours au t\u00e9l\u00e9phone pour essayer de redialoguer. J\u2019\u00e9tais vraiment amoureux d\u2019elle alors j\u2019ai r\u00e9essay\u00e9. Elle est revenue pendant un petit week-end, \u00e7a a bien march\u00e9 alors elle s\u2019est m\u00eame projet\u00e9e pour arriver fin janvier \u00e0 la maison\u00bb.<\/p>\n<p class=\"fig-paragraph\">\u00c0 ce moment-l\u00e0, Isabelle est soudainement arriv\u00e9e pour s\u2019asseoir \u00e0 c\u00f4t\u00e9 de Jean-Louis face \u00e0 Karine Le Marchand. \u00abDonc vous \u00eates ensemble\u00a0?\u00bb a l\u00e9gitimement demand\u00e9 l\u2019animatrice. \u00abOn \u00e9tait\u00bb, a r\u00e9pondu Isabelle, provoquant \u00e0 nouveau l\u2019\u00e9tonnement g\u00e9n\u00e9ral. \u00abNous nous sommes quitt\u00e9s il y a quelques heures. C\u2019est d\u00e9finitif parce qu\u2019il y a des diff\u00e9rends. J\u2019ai juste exprim\u00e9 le fait que j\u2019attendais plus d\u2019attention de sa part, mais il y a des choses que Jean-Louis ne peut pas m\u2019apporter, comme le fait de me prendre la main, d\u2019avoir des petites attentions&#8230; J\u2019ai besoin d\u2019\u00eatre rassur\u00e9e\u00bb, a expliqu\u00e9 la pr\u00e9tendante.<\/p>\n<p>                                                                <a class=\"fig-a11y-skip\" href=\"#fig-a11y-skip-main-inarticle_mtf\" data-module=\"a11y-skip\" data-context=\"was @visible\"><br \/>\n    Passer la publicit\u00e9<br \/>\n<\/a>            <\/p>\n<p class=\"fig-paragraph\">Et Karine Le Marchand d\u2019expliquer au public pour \u00e9viter la confusion probable face aux r\u00e9v\u00e9lations du couple\u00a0: \u00abDonc chers t\u00e9l\u00e9spectateurs, nous pensions que Jean-Louis arrivait seul. Puis il est arriv\u00e9 avec Isabelle. C\u2019\u00e9tait un retournement de situation plein d\u2019espoir. Et finalement non, ils sont venus rompre devant vous\u00a0!\u00bb, a-t-elle conclu avec amusement.<\/p>\n","protected":false},"excerpt":{"rendered":"L\u2019\u00e9leveur de vaches allaitantes pensait avoir trouv\u00e9 la perle rare avec sa pr\u00e9tendante dunkerquoise. Pourtant, le couple a&hellip;\n","protected":false},"author":2,"featured_media":572618,"comment_status":"","ping_status":"","sticky":false,"template":"","format":"standard","meta":{"footnotes":""},"categories":[8],"tags":[2572,58,59,1011,27,5413,494],"class_list":{"0":"post-572617","1":"post","2":"type-post","3":"status-publish","4":"format-standard","5":"has-post-thumbnail","7":"category-divertissement","8":"tag-agriculteurs","9":"tag-divertissement","10":"tag-entertainment","11":"tag-fr","12":"tag-france","13":"tag-karine-le-marchand","14":"tag-m6"},"share_on_mastodon":{"url":"https:\/\/pubeurope.com\/@fr\/115648742650500718","error":""},"_links":{"self":[{"href":"https:\/\/www.europesays.com\/fr\/wp-json\/wp\/v2\/posts\/572617","targetHints":{"allow":["GET"]}}],"collection":[{"href":"https:\/\/www.europesays.com\/fr\/wp-json\/wp\/v2\/posts"}],"about":[{"href":"https:\/\/www.europesays.com\/fr\/wp-json\/wp\/v2\/types\/post"}],"author":[{"embeddable":true,"href":"https:\/\/www.europesays.com\/fr\/wp-json\/wp\/v2\/users\/2"}],"replies":[{"embeddable":true,"href":"https:\/\/www.europesays.com\/fr\/wp-json\/wp\/v2\/comments?post=572617"}],"version-history":[{"count":0,"href":"https:\/\/www.europesays.com\/fr\/wp-json\/wp\/v2\/posts\/572617\/revisions"}],"wp:featuredmedia":[{"embeddable":true,"href":"https:\/\/www.europesays.com\/fr\/wp-json\/wp\/v2\/media\/572618"}],"wp:attachment":[{"href":"https:\/\/www.europesays.com\/fr\/wp-json\/wp\/v2\/media?parent=572617"}],"wp:term":[{"taxonomy":"category","embeddable":true,"href":"https:\/\/www.europesays.com\/fr\/wp-json\/wp\/v2\/categories?post=572617"},{"taxonomy":"post_tag","embeddable":true,"href":"https:\/\/www.europesays.com\/fr\/wp-json\/wp\/v2\/tags?post=572617"}],"curies":[{"name":"wp","href":"https:\/\/api.w.org\/{rel}","templated":true}]}}