{"id":572621,"date":"2025-12-02T07:16:13","date_gmt":"2025-12-02T07:16:13","guid":{"rendered":"https:\/\/www.europesays.com\/fr\/572621\/"},"modified":"2025-12-02T07:16:13","modified_gmt":"2025-12-02T07:16:13","slug":"combien-de-temps-peut-on-chauffer-sa-maison-avec-un-sac-de-15-kg-de-pellets","status":"publish","type":"post","link":"https:\/\/www.europesays.com\/fr\/572621\/","title":{"rendered":"combien de temps peut-on chauffer sa maison avec un sac de 15\u00a0kg de pellets\u00a0?"},"content":{"rendered":"<p><strong>L\u2019hiver s\u2019installe et, avec lui, le retour des interrogations anxieuses sur la facture \u00e9nerg\u00e9tique. En ce mois de novembre 2025, alors que le froid commence \u00e0 mordre, une question revient sur toutes les l\u00e8vres des propri\u00e9taires de po\u00eales \u00e0 granul\u00e9s : combien de temps dure r\u00e9ellement un sac de 15 kg ? La r\u00e9ponse, loin d\u2019\u00eatre universelle, r\u00e9v\u00e8le des \u00e9carts spectaculaires qui m\u00e9ritent une analyse approfondie. D\u00e9cryptage d\u2019une \u00e9quation \u00e9conomique o\u00f9 chaque r\u00e9glage compte.<\/strong><\/p>\n<p><img fetchpriority=\"high\" decoding=\"async\" width=\"1024\" height=\"538\" src=\"https:\/\/www.europesays.com\/fr\/wp-content\/uploads\/2025\/12\/Normal-2025-12-01T075927.953-1024x538.jpg\" alt=\"\" class=\"wp-image-489665\"  \/>Photo : Shutterstock<\/p>\n<p><strong>Le grand \u00e9cart de la consommation : de 8 \u00e0 40 heures<\/strong><\/p>\n<p>C\u2019est une r\u00e9alit\u00e9 qui peut surprendre les n\u00e9ophytes comme les habitu\u00e9s : pour une m\u00eame quantit\u00e9 de combustible, \u00e0 savoir le standard sac de 15 kg, la dur\u00e9e de chauffage peut varier du simple au quadruple. Comment expliquer qu\u2019un foyer br\u00fble son stock en une journ\u00e9e de travail (8 heures) tandis qu\u2019un autre profite d\u2019une chaleur douce pendant pr\u00e8s de deux jours (40 heures) ?<\/p>\n<p>La r\u00e9ponse r\u00e9side d\u2019abord dans la m\u00e9canique m\u00eame de votre appareil et de son rendement. Il s\u2019agit du rapport entre l\u2019\u00e9nergie consomm\u00e9e et la chaleur restitu\u00e9e. Les appareils r\u00e9cents et bien entretenus affichent aujourd\u2019hui des rendements oscillant entre 85 % et 95 %. Concr\u00e8tement, cela signifie que la quasi-totalit\u00e9 de l\u2019\u00e9nergie contenue dans le bois est transform\u00e9e en chaleur utile pour votre salon, limitant le gaspillage.<\/p>\n<p>Mais le v\u00e9ritable levier se trouve dans le r\u00e9glage de la puissance. La diff\u00e9rence est math\u00e9matique :<\/p>\n<ul>\n<li><strong>\u00c0 pleine puissance (8 \u00e0 10 kW) :<\/strong> Votre po\u00eale fonctionne comme un moteur de course \u00e0 plein r\u00e9gime. Il d\u00e9vore le combustible pour fournir une chaleur intense et rapide. R\u00e9sultat : le sac de 15 kg dispara\u00eet en 8 \u00e0 10 heures.<\/li>\n<li><strong>En mode \u00c9co ou faible puissance (2 \u00e0 3 kW) :<\/strong> L\u2019appareil adopte un rythme de croisi\u00e8re. La consommation chute drastiquement, permettant d\u2019\u00e9tirer la dur\u00e9e de vie du sac jusqu\u2019\u00e0 30, voire 40 heures.<\/li>\n<\/ul>\n<p><strong>L\u2019importance vitale de la certification : ENplus et DINplus<\/strong><\/p>\n<p>Toutes les sciures ne se valent pas. Dans cette qu\u00eate d\u2019optimisation, la qualit\u00e9 de la mati\u00e8re premi\u00e8re joue un r\u00f4le d\u2019arbitre souvent sous-estim\u00e9. Le texte source insiste sur l\u2019importance des <strong>granul\u00e9s certifi\u00e9s ENplus ou DINplus<\/strong>.<\/p>\n<p>Mais qui sont ces entit\u00e9s certificatives et pourquoi sont-elles mentionn\u00e9es ? <strong>ENplus<\/strong> (certification europ\u00e9enne) et <strong>DINplus<\/strong> (certification allemande de r\u00e9f\u00e9rence) sont des labels de qualit\u00e9 stricts qui garantissent les propri\u00e9t\u00e9s physiques et chimiques du granul\u00e9. Leur r\u00f4le est d\u2019assurer au consommateur un produit norm\u00e9. Le crit\u00e8re le plus crucial impos\u00e9 par ces labels est le <strong>taux d\u2019humidit\u00e9<\/strong>, qui doit \u00eatre imp\u00e9rativement inf\u00e9rieur \u00e0 10 %. Un bois sec br\u00fble mieux, chauffe plus et encrasse moins. Utiliser du pellet non certifi\u00e9 ou humide revient \u00e0 jeter de l\u2019argent par les fen\u00eatres, car une partie de l\u2019\u00e9nergie de combustion sera perdue simplement pour \u00e9vaporer l\u2019eau contenue dans le bois.<\/p>\n<p><strong>L\u2019\u00e9quation thermique : votre maison dicte sa loi<\/strong><\/p>\n<p>Au-del\u00e0 de la machine, c\u2019est l\u2019enveloppe de votre habitation qui d\u00e9termine la vitesse \u00e0 laquelle votre stock diminue. Le po\u00eale ne fait que compenser les pertes de chaleur. Ainsi, une <strong>maison bien isol\u00e9e<\/strong>, construite selon les normes <strong>RT 2012<\/strong> (R\u00e9glementation Thermique 2012) ou labellis\u00e9e <strong>BBC<\/strong> (B\u00e2timent Basse Consommation), agit comme un thermos. Elle conserve la chaleur, sollicitant moins l\u2019appareil.<\/p>\n<p>\u00c0 l\u2019inverse, une passoire thermique exige un apport constant. La r\u00e8gle de dimensionnement g\u00e9n\u00e9ralement admise est la suivante : il faut <strong>1 kW de puissance pour chauffer 10 m\u00b2<\/strong>. Pour une famille vivant dans une maison de 100 m\u00b2 :<\/p>\n<ul>\n<li>Dans une r\u00e9gion aux hivers rigoureux, le po\u00eale devra fournir 8 \u00e0 10 kW en continu pour maintenir le confort, vidant le sac rapidement.<\/li>\n<li>Dans une zone temp\u00e9r\u00e9e, une puissance de 4 \u00e0 6 kW suffira, prolongeant l\u2019autonomie.<\/li>\n<\/ul>\n<p><strong>Sc\u00e9narios concrets : \u00e0 quoi devez-vous vous attendre ?<\/strong><\/p>\n<p>Pour visualiser l\u2019impact de ces variables, penchons-nous sur deux exemples pratiques qui illustrent le foss\u00e9 \u00e9conomique entre deux types d\u2019utilisateurs.<\/p>\n<p>Le premier cas est le <strong>sc\u00e9nario id\u00e9al<\/strong>. Vous habitez une maison \u00e0 l\u2019isolation performante et vous utilisez votre po\u00eale en <strong>mode \u00e9co (2 kW)<\/strong> pour maintenir une temp\u00e9rature agr\u00e9able. Dans cette configuration, votre appareil ne consomme que <strong>0,5 kg de pellets par heure<\/strong>. Votre sac de 15 kg vous offrira donc <strong>30 heures de chauffage<\/strong>.<\/p>\n<p>Le second cas est le <strong>sc\u00e9nario intensif<\/strong>. Votre logement est mal isol\u00e9 et le froid ext\u00e9rieur vous oblige \u00e0 pousser le po\u00eale \u00e0 <strong>pleine puissance (8 kW)<\/strong>. La consommation grimpe alors \u00e0 <strong>2 kg par heure<\/strong>. En moins de <strong>8 heures<\/strong>, votre sac est vide. Sur une journ\u00e9e compl\u00e8te, la diff\u00e9rence de co\u00fbt est vertigineuse.<\/p>\n<p>\u00c0 l\u2019\u00e9chelle d\u2019une <strong>saison de chauffage compl\u00e8te<\/strong>, ces \u00e9carts se transforment en tonnes. Une famille dans un logement optimis\u00e9 de 100 m\u00b2 consommera entre <strong>1,5 et 2 tonnes<\/strong> (soit 100 \u00e0 130 sacs). Pour une maison mal isol\u00e9e, la consommation d\u00e9passera all\u00e8grement les <strong>3 tonnes<\/strong>.<\/p>\n<p><strong>Les leviers d\u2019optimisation : reprenez le contr\u00f4le<\/strong><\/p>\n<p>Face \u00e0 ces constats, la fatalit\u00e9 n\u2019est pas de mise. Il existe des strat\u00e9gies concr\u00e8tes pour ne pas subir sa consommation. L\u2019entretien est le premier geste d\u2019\u00e9conomie : le <strong>nettoyage r\u00e9gulier des conduits et du brasier<\/strong> est indispensable. Un po\u00eale encrass\u00e9 perd en rendement, gaspillant le pr\u00e9cieux combustible.<\/p>\n<p>Ensuite, l\u2019adaptation des habitudes est cruciale. Il est recommand\u00e9 de privil\u00e9gier une chaleur douce et constante (mode \u00e9co) plut\u00f4t que de demander des pics de chaleur intense qui surconsomment. Programmer son appareil pour qu\u2019il ne fonctionne qu\u2019aux heures les plus froides est \u00e9galement une astuce de bon sens.<\/p>\n<p>Enfin, la technologie vient au secours du budget avec le <strong>thermostat connect\u00e9<\/strong>. Cet outil domotique, de plus en plus r\u00e9pandu, joue le r\u00f4le de chef d\u2019orchestre. Il ajuste automatiquement la puissance du po\u00eale en fonction de la temp\u00e9rature ambiante r\u00e9elle et de vos pr\u00e9f\u00e9rences de vie. En \u00e9vitant les surchauffes inutiles, il permet de trouver l\u2019\u00e9quilibre parfait entre confort thermique et \u00e9conomies financi\u00e8res.<\/p>\n<p>En d\u00e9finitive, si la dur\u00e9e d\u2019un sac est variable, elle reste pr\u00e9visible pour qui sait ma\u00eetriser son environnement et sa machine.<\/p>\n","protected":false},"excerpt":{"rendered":"L\u2019hiver s\u2019installe et, avec lui, le retour des interrogations anxieuses sur la facture \u00e9nerg\u00e9tique. En ce mois de&hellip;\n","protected":false},"author":2,"featured_media":572622,"comment_status":"","ping_status":"","sticky":false,"template":"","format":"standard","meta":{"footnotes":""},"categories":[6],"tags":[35,33,34,1011,27],"class_list":{"0":"post-572621","1":"post","2":"type-post","3":"status-publish","4":"format-standard","5":"has-post-thumbnail","7":"category-economie","8":"tag-business","9":"tag-economie","10":"tag-economy","11":"tag-fr","12":"tag-france"},"share_on_mastodon":{"url":"https:\/\/pubeurope.com\/@fr\/115648750941089162","error":""},"_links":{"self":[{"href":"https:\/\/www.europesays.com\/fr\/wp-json\/wp\/v2\/posts\/572621","targetHints":{"allow":["GET"]}}],"collection":[{"href":"https:\/\/www.europesays.com\/fr\/wp-json\/wp\/v2\/posts"}],"about":[{"href":"https:\/\/www.europesays.com\/fr\/wp-json\/wp\/v2\/types\/post"}],"author":[{"embeddable":true,"href":"https:\/\/www.europesays.com\/fr\/wp-json\/wp\/v2\/users\/2"}],"replies":[{"embeddable":true,"href":"https:\/\/www.europesays.com\/fr\/wp-json\/wp\/v2\/comments?post=572621"}],"version-history":[{"count":0,"href":"https:\/\/www.europesays.com\/fr\/wp-json\/wp\/v2\/posts\/572621\/revisions"}],"wp:featuredmedia":[{"embeddable":true,"href":"https:\/\/www.europesays.com\/fr\/wp-json\/wp\/v2\/media\/572622"}],"wp:attachment":[{"href":"https:\/\/www.europesays.com\/fr\/wp-json\/wp\/v2\/media?parent=572621"}],"wp:term":[{"taxonomy":"category","embeddable":true,"href":"https:\/\/www.europesays.com\/fr\/wp-json\/wp\/v2\/categories?post=572621"},{"taxonomy":"post_tag","embeddable":true,"href":"https:\/\/www.europesays.com\/fr\/wp-json\/wp\/v2\/tags?post=572621"}],"curies":[{"name":"wp","href":"https:\/\/api.w.org\/{rel}","templated":true}]}}