{"id":572623,"date":"2025-12-02T07:17:13","date_gmt":"2025-12-02T07:17:13","guid":{"rendered":"https:\/\/www.europesays.com\/fr\/572623\/"},"modified":"2025-12-02T07:17:13","modified_gmt":"2025-12-02T07:17:13","slug":"en-direct-guerre-en-ukraine-rencontre-cruciale-entre-lemissaire-americain-steve-witkoff-et-vladimir-poutine-zelensky-en-irlande","status":"publish","type":"post","link":"https:\/\/www.europesays.com\/fr\/572623\/","title":{"rendered":"EN DIRECT &#8211; Guerre en Ukraine : rencontre cruciale entre l\u2019\u00e9missaire am\u00e9ricain Steve Witkoff et Vladimir Poutine, Zelensky en Irlande"},"content":{"rendered":"<p role=\"heading\" aria-level=\"3\">Macron affirme que le plan de paix am\u00e9ricain \u00abne peut \u00eatre finalis\u00e9 qu\u2019avec les Europ\u00e9ens autour de la table\u00bb<\/p>\n<p class=\"fig-paragraph\">Le pr\u00e9sident ukrainien Volodymyr Zelensky, sous forte pression politique et diplomatique, a re\u00e7u lundi un soutien appuy\u00e9 d\u2019<a href=\"http:\/\/www.lefigaro.fr\/medias\/la-labellisation-des-medias-l-etrange-obsession-d-emmanuel-macron-pour-combattre-la-desinformation-20251201\" target=\"_blank\" data-fig-type=\"Article\" rel=\"noopener\" data-gtm-custom-categorie=\"navigation\" data-gtm-custom-action=\"crossclick\" data-gtm-custom-label=\"Contextuel\" data-gtm-event=\"customEventSPE\" data-fig-domain=\"LEFIGARO\">Emmanuel Macron<\/a>, qui a r\u00e9affirm\u00e9 la mobilisation des Europ\u00e9ens pour obtenir \u00abune paix juste et durable\u00bb. S\u2019il a salu\u00e9 \u00abl\u2019effort de m\u00e9diation\u00bb des \u00c9tats-Unis, Emmanuel Macron a estim\u00e9 qu\u2019il n\u2019y avait \u00abpas aujourd\u2019hui \u00e0 proprement parler un plan qui soit finalis\u00e9\u00bb.<\/p>\n<p class=\"fig-paragraph\">\u00abNous sommes encore \u00e0 une phase pr\u00e9alable\u00bb, a-t-il expliqu\u00e9 lors d\u2019une conf\u00e9rence de presse au c\u00f4t\u00e9 de son homologue ukrainien, martelant que le plan avanc\u00e9 par Washington \u00abne peut \u00eatre finalis\u00e9 qu\u2019avec les Europ\u00e9ens autour de la table\u00bb.<\/p>\n<p>    Emmanuel Macron et Volodymyr Zelensky s\u2019appr\u00eatent \u00e0 donner une conf\u00e9rence de presse conjointe au Palais de l\u2019\u00c9lys\u00e9e le 1er d\u00e9cembre 2025.<br \/>\n                Christophe Ena \/ REUTERS<\/p>\n<p class=\"fig-body-link\">\n            \u00c0 lire aussi<br \/>\n        <a class=\"fig-body-link__link\" href=\"http:\/\/www.lefigaro.fr\/international\/plan-de-paix-garanties-de-securite-corruption-ce-qu-il-faut-retenir-de-la-conference-de-presse-entre-emmanuel-macron-et-volodymyr-zelensky-20251201\" target=\"_blank\" data-fig-type=\"NewsFlash\" rel=\"noopener\" data-gtm-custom-categorie=\"navigation\" data-gtm-custom-action=\"crossclick\" data-gtm-custom-label=\"Contextuel\" data-gtm-event=\"customEventSPE\" data-fig-domain=\"LEFIGARO\"><\/p>\n<p>        Plan de paix, garanties de s\u00e9curit\u00e9, corruption&#8230; Ce qu\u2019il faut retenir de la conf\u00e9rence de presse entre Emmanuel Macron et Volodymyr Zelensky<br \/>\n    <\/a>\n<\/p>\n<p class=\"fig-paragraph\">\u00c0 l\u2019issue de ces \u00e9changes, Emmanuel Macron s\u2019est entretenu au t\u00e9l\u00e9phone avec Donald Trump sur \u00abla dimension centrale des garanties de s\u00e9curit\u00e9 n\u00e9cessaires pour l\u2019Ukraine\u00bb, selon la pr\u00e9sidence fran\u00e7aise. Les Europ\u00e9ens esp\u00e8rent que l\u2019administration Trump, soup\u00e7onn\u00e9e de complaisance vis-\u00e0-vis de Vladimir Poutine, ne sacrifiera pas l\u2019Ukraine, consid\u00e9r\u00e9e comme un rempart face aux ambitions russes.<\/p>\n<p class=\"fig-paragraph\">Le pr\u00e9sident ukrainien a affirm\u00e9 lundi s\u2019attendre \u00e0 pr\u00e9sent \u00ab\u00e0 une discussion avec le pr\u00e9sident des \u00c9tats-Unis sur des questions cl\u00e9s\u00bb, apr\u00e8s que le n\u00e9gociateur ukrainien Roustem Oumerov a fait \u00e9tat de \u00abprogr\u00e8s significatifs\u00bb sur le projet de plan am\u00e9ricain, bien que des \u00abajustements\u00bb soient encore n\u00e9cessaires. Apr\u00e8s sa rencontre avec Emmanuel Macron, Volodymyr Zelensky s\u2019est rendu en Irlande, o\u00f9 il a \u00e9t\u00e9 accueilli dans la nuit par le premier ministre Miche\u00e1l Martin. Dans un message sur X, ce dernier l\u2019a assur\u00e9 du \u00absoutien ind\u00e9fectible\u00bb irlandais.<\/p>\n","protected":false},"excerpt":{"rendered":"Macron affirme que le plan de paix am\u00e9ricain \u00abne peut \u00eatre finalis\u00e9 qu\u2019avec les Europ\u00e9ens autour de la&hellip;\n","protected":false},"author":2,"featured_media":572624,"comment_status":"","ping_status":"","sticky":false,"template":"","format":"standard","meta":{"footnotes":""},"categories":[5],"tags":[259,11,260,75,1011,27,131,14,261,12,262,135,134,28],"class_list":{"0":"post-572623","1":"post","2":"type-post","3":"status-publish","4":"format-standard","5":"has-post-thumbnail","7":"category-international","8":"tag-actualite-internationale","9":"tag-actualites","10":"tag-affaires-etrangeres","11":"tag-donald-trump","12":"tag-fr","13":"tag-france","14":"tag-guerre-en-ukraine","15":"tag-international","16":"tag-ministere-des-affaires-etrangeres","17":"tag-news","18":"tag-politique-etrangere","19":"tag-vladimir-poutine","20":"tag-volodymyr-zelensky","21":"tag-world"},"share_on_mastodon":{"url":"https:\/\/pubeurope.com\/@fr\/115648754070197012","error":""},"_links":{"self":[{"href":"https:\/\/www.europesays.com\/fr\/wp-json\/wp\/v2\/posts\/572623","targetHints":{"allow":["GET"]}}],"collection":[{"href":"https:\/\/www.europesays.com\/fr\/wp-json\/wp\/v2\/posts"}],"about":[{"href":"https:\/\/www.europesays.com\/fr\/wp-json\/wp\/v2\/types\/post"}],"author":[{"embeddable":true,"href":"https:\/\/www.europesays.com\/fr\/wp-json\/wp\/v2\/users\/2"}],"replies":[{"embeddable":true,"href":"https:\/\/www.europesays.com\/fr\/wp-json\/wp\/v2\/comments?post=572623"}],"version-history":[{"count":0,"href":"https:\/\/www.europesays.com\/fr\/wp-json\/wp\/v2\/posts\/572623\/revisions"}],"wp:featuredmedia":[{"embeddable":true,"href":"https:\/\/www.europesays.com\/fr\/wp-json\/wp\/v2\/media\/572624"}],"wp:attachment":[{"href":"https:\/\/www.europesays.com\/fr\/wp-json\/wp\/v2\/media?parent=572623"}],"wp:term":[{"taxonomy":"category","embeddable":true,"href":"https:\/\/www.europesays.com\/fr\/wp-json\/wp\/v2\/categories?post=572623"},{"taxonomy":"post_tag","embeddable":true,"href":"https:\/\/www.europesays.com\/fr\/wp-json\/wp\/v2\/tags?post=572623"}],"curies":[{"name":"wp","href":"https:\/\/api.w.org\/{rel}","templated":true}]}}