{"id":572629,"date":"2025-12-02T07:20:44","date_gmt":"2025-12-02T07:20:44","guid":{"rendered":"https:\/\/www.europesays.com\/fr\/572629\/"},"modified":"2025-12-02T07:20:44","modified_gmt":"2025-12-02T07:20:44","slug":"loire-premier-conseil-municipal-ce-mardi-a-saint-chamond-avec-quatre-candidats-declares-pour-le-fauteuil-de-maire","status":"publish","type":"post","link":"https:\/\/www.europesays.com\/fr\/572629\/","title":{"rendered":"Loire. Premier conseil municipal ce mardi \u00e0 Saint-Chamond avec quatre candidats d\u00e9clar\u00e9s pour le fauteuil de maire"},"content":{"rendered":"<p>Depuis les soubresauts politiques qui ont accompagn\u00e9 la d\u00e9mission de l\u2019ancien maire, <a href=\"https:\/\/www.leprogres.fr\/p\/herve-reynaud\" target=\"_blank\" rel=\"noopener\">Herv\u00e9 Reynaud<\/a>, fin 2023, les s\u00e9ances de conseils sont intenses, longues et agit\u00e9es.<\/p>\n<p>Celui de ce mardi 2\u00a0d\u00e9cembre, \u00e0 18\u00a0h\u00a030, devra compter avec un quatuor de candidats officiellement d\u00e9clar\u00e9s pour les \u00e9lections municipales de mars\u00a02026 (1).<\/p>\n<p>Sans surprise, il s\u2019agit du maire Les R\u00e9publicains, <a href=\"https:\/\/www.leprogres.fr\/p\/axel-dugua\" target=\"_blank\" rel=\"noopener\">Axel Dugua<\/a>, de son ancien adjoint devenu opposant, <a href=\"https:\/\/www.leprogres.fr\/p\/jean-luc-degraix\" target=\"_blank\" rel=\"noopener\">Jean-Luc Degraix<\/a> (se r\u00e9clamant de divers droite), de l\u2019opposant \u00e9cologiste t\u00eate de liste d\u2019une union de la gauche, <a href=\"https:\/\/www.leprogres.fr\/p\/jean-minnaert\" target=\"_blank\" rel=\"noopener\">Jean Minnaert<\/a> et de la conseill\u00e8re divers droite qui se dit d\u00e9sormais sans \u00e9tiquette (ex-RN, ex-Reconqu\u00eate\u00a0!), <a href=\"https:\/\/www.leprogres.fr\/p\/isabelle-surply\" target=\"_blank\" rel=\"noopener\">Isabelle Surply<\/a>.<\/p>\n<p>Sur les r\u00e9seaux sociaux, la fr\u00e9quence des publications politiques s\u2019acc\u00e9l\u00e8re<\/p>\n<p>Ces quatre \u00e9lus n\u2019ont pas attendu d\u2019\u00eatre candidats pour s\u2019\u00e9charper r\u00e9guli\u00e8rement sur de nombreux sujets&#8230;<\/p>\n","protected":false},"excerpt":{"rendered":"Depuis les soubresauts politiques qui ont accompagn\u00e9 la d\u00e9mission de l\u2019ancien maire, Herv\u00e9 Reynaud, fin 2023, les s\u00e9ances&hellip;\n","protected":false},"author":2,"featured_media":572630,"comment_status":"","ping_status":"","sticky":false,"template":"","format":"standard","meta":{"footnotes":""},"categories":[9653],"tags":[1111,11,2430,1984,7539,36284,4188,1777,674,274,1011,27,3539,6319,2759,12,8387,3541,316,1078,25,9669,9670,4001],"class_list":{"0":"post-572629","1":"post","2":"type-post","3":"status-publish","4":"format-standard","5":"has-post-thumbnail","7":"category-saint-etienne","8":"tag-actu","9":"tag-actualites","10":"tag-auvergne-rhone-alpes","11":"tag-conseil-municipal","12":"tag-edition-loire-sud","13":"tag-elections-metropolitaines","14":"tag-elections-municipales","15":"tag-eu","16":"tag-europe","17":"tag-faits-divers-justice","18":"tag-fr","19":"tag-france","20":"tag-les-ecologistes","21":"tag-les-republicains","22":"tag-modem","23":"tag-news","24":"tag-parti-communiste","25":"tag-parti-socialiste","26":"tag-politique","27":"tag-rassemblement-national","28":"tag-republique-francaise","29":"tag-saint-chamond","30":"tag-saint-chamond-ville","31":"tag-saint-etienne"},"share_on_mastodon":{"url":"https:\/\/pubeurope.com\/@fr\/115648765829640211","error":""},"_links":{"self":[{"href":"https:\/\/www.europesays.com\/fr\/wp-json\/wp\/v2\/posts\/572629","targetHints":{"allow":["GET"]}}],"collection":[{"href":"https:\/\/www.europesays.com\/fr\/wp-json\/wp\/v2\/posts"}],"about":[{"href":"https:\/\/www.europesays.com\/fr\/wp-json\/wp\/v2\/types\/post"}],"author":[{"embeddable":true,"href":"https:\/\/www.europesays.com\/fr\/wp-json\/wp\/v2\/users\/2"}],"replies":[{"embeddable":true,"href":"https:\/\/www.europesays.com\/fr\/wp-json\/wp\/v2\/comments?post=572629"}],"version-history":[{"count":0,"href":"https:\/\/www.europesays.com\/fr\/wp-json\/wp\/v2\/posts\/572629\/revisions"}],"wp:featuredmedia":[{"embeddable":true,"href":"https:\/\/www.europesays.com\/fr\/wp-json\/wp\/v2\/media\/572630"}],"wp:attachment":[{"href":"https:\/\/www.europesays.com\/fr\/wp-json\/wp\/v2\/media?parent=572629"}],"wp:term":[{"taxonomy":"category","embeddable":true,"href":"https:\/\/www.europesays.com\/fr\/wp-json\/wp\/v2\/categories?post=572629"},{"taxonomy":"post_tag","embeddable":true,"href":"https:\/\/www.europesays.com\/fr\/wp-json\/wp\/v2\/tags?post=572629"}],"curies":[{"name":"wp","href":"https:\/\/api.w.org\/{rel}","templated":true}]}}