{"id":572635,"date":"2025-12-02T07:24:12","date_gmt":"2025-12-02T07:24:12","guid":{"rendered":"https:\/\/www.europesays.com\/fr\/572635\/"},"modified":"2025-12-02T07:24:12","modified_gmt":"2025-12-02T07:24:12","slug":"greve-contre-le-projet-de-budget-crime-pres-de-nancy-et-fureur-a-logc-nice","status":"publish","type":"post","link":"https:\/\/www.europesays.com\/fr\/572635\/","title":{"rendered":"Gr\u00e8ve contre le projet de budget, crime pr\u00e8s de Nancy et fureur \u00e0 l\u2019OGC Nice"},"content":{"rendered":"<p>Vous avez manqu\u00e9 les infos de ce d\u00e9but de matin\u00e9e\u00a0? On vous a concoct\u00e9 un r\u00e9cap pour vous aider \u00e0 y voir plus clair et briller \u00e0 la machine \u00e0 caf\u00e9.<\/p>\n<p>Ce mardi en plus de se tourner vers l\u2019Assembl\u00e9e nationale et le S\u00e9nat, le Premier ministre va devoir aussi regarder vers la rue. Alors qu\u2019il bataille pour tenter d\u2019<a href=\"https:\/\/www.20minutes.fr\/politique\/assemblee_nationale\/4189147-20251202-direct-budget-2026-pleine-journee-greve-budget-secu-fait-retour-assemblee\" target=\"_blank\" class=\"c-link c-link--is-underlined\" rel=\"noopener\">arracher aux d\u00e9put\u00e9s et aux s\u00e9nateurs un budget pour la France 2026<\/a>, S\u00e9bastien Lecornu va devoir en effet faire face \u00e0 un mouvement social. Et l\u00e0 aussi c\u2019est le futur budget qui est dans le viseur des manifestants. A priori seuls les adh\u00e9rents et sympathisants des organisations syndicales appelant \u00e0 cette journ\u00e9e d\u2019action seront mobilis\u00e9s, c\u2019est-\u00e0-dire ceux de la CGT, la FSU et Solidaires. Ni la CFDT ni FO n\u2019en font partie. Le mouvement social devrait avoir peu d\u2019impact sur les transports, selon les pr\u00e9visions de trafic annonc\u00e9es par le ministre des Transports Philippe Tabarot, et dans l\u2019Education nationale.<\/p>\n<p>L\u2019enqu\u00eate sur le drame qui a co\u00fbt\u00e9 la vie \u00e0 cinq personnes <a href=\"https:\/\/www.20minutes.fr\/faits_divers\/4188765-20251130-meurthe-moselle-quatre-personnes-meurent-incendie\" target=\"_blank\" class=\"c-link c-link--is-underlined\" rel=\"noopener\">dans la nuit de samedi \u00e0 dimanche pr\u00e8s de Nancy<\/a> vient de prendre une nouvelle tournure. L\u2019incendie d\u2019un logement \u00e0 Neuves-Maisons, en Meurthe-et-Moselle, \u00e9tait volontaire, a indiqu\u00e9 lundi le procureur de la R\u00e9publique de Nancy, Fran\u00e7ois Capin-Dulhoste. \u00ab\u00a0Les constatations techniques r\u00e9alis\u00e9es aujourd\u2019hui ont mis en \u00e9vidence l\u2019intervention d\u2019un tiers dans le d\u00e9clenchement du sinistre\u00a0\u00bb, a-t-il pr\u00e9cis\u00e9. L\u2019enqu\u00eate men\u00e9e l\u2019est d\u00e9sormais pour incendie volontaire ayant entra\u00een\u00e9 la mort, un crime passible de la r\u00e9clusion \u00e0 perp\u00e9tuit\u00e9.<\/p>\n<p>A l\u2019OGC Nice, la col\u00e8re vis-\u00e0-vis <a href=\"https:\/\/www.20minutes.fr\/sport\/football\/ligue_europa\/4188471-20251128-ligue-europa-perdition-ogc-nice-franck-haise-propose-dirigeants-etre-fusible\" target=\"_blank\" class=\"c-link c-link--is-underlined\" rel=\"noopener\">des mauvais r\u00e9sultats sportifs<\/a> vire d\u00e9sormais \u00e0 la violence. Deux joueurs et le directeur sportif du club ont \u00e9t\u00e9 pris \u00e0 partie physiquement par leurs propres supporters, dans la nuit de dimanche \u00e0 lundi. D\u2019apr\u00e8s plusieurs t\u00e9moins de ces incidents, qui ont eu lieu au retour de Lorient o\u00f9 l\u2019OGCN a \u00e9t\u00e9 battu 3-1 en Ligue 1, les attaquants Terem Moffi et J\u00e9r\u00e9mie Boga, ainsi que le directeur sportif Florian Maurice, ont notamment \u00e9t\u00e9 pris pour cible. Selon une source ayant connaissance des incidents, qui a confirm\u00e9 \u00e0 l\u2019AFP une information de L\u2019Equipe et de RMC, Boga est depuis lundi, et pour cinq jours en ITT. Moffi aurait lui aussi re\u00e7u des coups et serait \u00e9galement en ITT. Au retour de Lorient, \u00ab\u00a0400 supporteurs au moins attendaient le car des joueurs devant le portail du centre d\u2019entra\u00eenement\u00a0\u00bb, a racont\u00e9 Maxime Bacqui\u00e9, journaliste d\u2019Ici en charge du suivi du club et seul reporter pr\u00e9sent sur place. Florian Maurice a \u00e9t\u00e9 \u00ab\u00a0tr\u00e8s chahut\u00e9\u00a0\u00bb. Il a d\u00fb \u00eatre \u00ab\u00a0exfiltr\u00e9, hagard\u00a0\u00bb, par le service de s\u00e9curit\u00e9. L\u2019UNFP, le syndicat des joueurs, \u00ab\u00a0se r\u00e9serve le droit de se constituer partie civile\u00a0\u00bb. Le club a quant \u00e0 lui qualifi\u00e9 d&rsquo;\u00ab\u00a0inacceptables\u00a0\u00bb ces d\u00e9bordements.<\/p>\n","protected":false},"excerpt":{"rendered":"Vous avez manqu\u00e9 les infos de ce d\u00e9but de matin\u00e9e\u00a0? On vous a concoct\u00e9 un r\u00e9cap pour vous&hellip;\n","protected":false},"author":2,"featured_media":572636,"comment_status":"","ping_status":"","sticky":false,"template":"","format":"standard","meta":{"footnotes":""},"categories":[9635],"tags":[1111,47,11,1003,271,1777,674,63,1011,27,775,6151,1310,776,3457,12771,1702,12,2268,1268,25,731,104,4804,133],"class_list":{"0":"post-572635","1":"post","2":"type-post","3":"status-publish","4":"format-standard","5":"has-post-thumbnail","7":"category-nancy","8":"tag-actu","9":"tag-actualite","10":"tag-actualites","11":"tag-budget","12":"tag-crime","13":"tag-eu","14":"tag-europe","15":"tag-football","16":"tag-fr","17":"tag-france","18":"tag-grand-est","19":"tag-greve","20":"tag-incendie","21":"tag-lorraine","22":"tag-meurthe-et-moselle","23":"tag-mouvements-sociaux","24":"tag-nancy","25":"tag-news","26":"tag-ogc-nice","27":"tag-reforme-des-retraites-2023","28":"tag-republique-francaise","29":"tag-securite-sociale","30":"tag-societe","31":"tag-toute-linfo-en-2-minutes","32":"tag-video"},"share_on_mastodon":{"url":"https:\/\/pubeurope.com\/@fr\/115648781566385149","error":""},"_links":{"self":[{"href":"https:\/\/www.europesays.com\/fr\/wp-json\/wp\/v2\/posts\/572635","targetHints":{"allow":["GET"]}}],"collection":[{"href":"https:\/\/www.europesays.com\/fr\/wp-json\/wp\/v2\/posts"}],"about":[{"href":"https:\/\/www.europesays.com\/fr\/wp-json\/wp\/v2\/types\/post"}],"author":[{"embeddable":true,"href":"https:\/\/www.europesays.com\/fr\/wp-json\/wp\/v2\/users\/2"}],"replies":[{"embeddable":true,"href":"https:\/\/www.europesays.com\/fr\/wp-json\/wp\/v2\/comments?post=572635"}],"version-history":[{"count":0,"href":"https:\/\/www.europesays.com\/fr\/wp-json\/wp\/v2\/posts\/572635\/revisions"}],"wp:featuredmedia":[{"embeddable":true,"href":"https:\/\/www.europesays.com\/fr\/wp-json\/wp\/v2\/media\/572636"}],"wp:attachment":[{"href":"https:\/\/www.europesays.com\/fr\/wp-json\/wp\/v2\/media?parent=572635"}],"wp:term":[{"taxonomy":"category","embeddable":true,"href":"https:\/\/www.europesays.com\/fr\/wp-json\/wp\/v2\/categories?post=572635"},{"taxonomy":"post_tag","embeddable":true,"href":"https:\/\/www.europesays.com\/fr\/wp-json\/wp\/v2\/tags?post=572635"}],"curies":[{"name":"wp","href":"https:\/\/api.w.org\/{rel}","templated":true}]}}