{"id":572637,"date":"2025-12-02T07:26:11","date_gmt":"2025-12-02T07:26:11","guid":{"rendered":"https:\/\/www.europesays.com\/fr\/572637\/"},"modified":"2025-12-02T07:26:11","modified_gmt":"2025-12-02T07:26:11","slug":"passe-du-du-hyeres-toulon-var-basket-a-dijon-quentin-losser-sepanouit-comme-jamais","status":"publish","type":"post","link":"https:\/\/www.europesays.com\/fr\/572637\/","title":{"rendered":"pass\u00e9 du du Hy\u00e8res Toulon Var Basket \u00e0 Dijon, Quentin Losser s\u2019\u00e9panouit comme jamais"},"content":{"rendered":"<p class=\"fs-5 \">Il n\u2019a plus le m\u00eame maillot, mais il a toujours la m\u00eame passion. Et il la croque \u00e0 pleines dents. Apr\u00e8s deux saisons abouties avec Hy\u00e8res\/Toulon et un titre de champion de France de NM1, le pivot Quentin Losser a red\u00e9couvert l\u2019\u00c9lite \u00e0 26 ans \u00e0 la JDA Dijon, au c\u00f4t\u00e9 d\u2019autres Varois, comme l\u2019entra\u00eeneur Laurent Legname. Ce dernier glisse : \u00ab Quentin est fid\u00e8le \u00e0 ce que j\u2019attendais de lui, il est travailleur, besogneux. Il doit progresser sur la vitesse et le temps de r\u00e9action, notamment en d\u00e9fense, mais il a su saisir sa chance. \u00bb<\/p>\n<p class=\"fs-5 \">\u00c9videmment, la magie de la coupe de France lui offre ce soir un d\u00e9placement \u00ab chez [lui] \u00bb, sur le parquet du HTV. L\u2019occasion de prendre des nouvelles du roc de Carnoules.<\/p>\n<p class=\"fs-5 \"><strong>Qu\u2019est-ce que \u00e7a vous fait d\u2019affronter le HTV pour la premi\u00e8re fois ?<\/strong><\/p>\n<p class=\"fs-5 \">\u00c7a va faire bizarre, surtout apr\u00e8s deux ann\u00e9es g\u00e9niales. C\u2019est l\u00e0 o\u00f9 j\u2019ai repris du plaisir \u00e0 jouer. Mais je suis content, j\u2019ai vraiment envie de disputer ce match. Je connais tout le monde, encore plus que quand je suis revenu il y a deux ans. On est toujours en contact, surtout avec les autres champions de NM1, ce ne sont que des bons gars. D\u00e8s le tirage au sort, on s\u2019est un peu charri\u00e9s.<\/p>\n<p class=\"fs-5 \"><strong>Allez-vous mettre autant les coudes ?<\/strong><\/p>\n<p class=\"fs-5 \">Voire m\u00eame plus face aux coll\u00e8gues (rires) ! C\u2019est comme \u00e7a que je joue, donc je ne vais pas changer&#8230; Si Max (Eugene) ou Niko (Knezevic) rentre dans la raquette, il va prendre un bourre-pif ! Mais apr\u00e8s, on ira boire une bi\u00e8re. Si je marque des paniers, je vais sans doute crier, mais j\u2019essaierai d\u2019avoir un peu de retenue. Le but n\u2019est pas d\u2019\u00eatre arrogant, alors que je n\u2019ai que du respect pour le HTV et ce que le club a fait pour moi.<\/p>\n<p class=\"fs-5 \"><strong>Quelle est la valeur de ce match pour Dijon apr\u00e8s un d\u00e9but de saison mitig\u00e9 ?<\/strong><\/p>\n<p class=\"fs-5 \">On ne craint personne et on doit gagner, mais ce serait con de ne pas prendre le HTV au s\u00e9rieux. Pour nous, la coupe est un objectif. Et on a envie de se rattraper apr\u00e8s notre \u00e9limination tr\u00e8s t\u00f4t en FIBA Europe Cup. On manque encore d\u2019assurance, on est sur une spirale n\u00e9gative (Dijon est 12e d\u2019\u00c9lite apr\u00e8s neuf journ\u00e9es), mais je ne suis vraiment pas inquiet, la saison est encore longue.<\/p>\n<p class=\"fs-5 \"><strong>\u00c0 titre personnel, comment vous sentez-vous ?<\/strong><\/p>\n<p class=\"fs-5 \">L\u2019adaptation a \u00e9t\u00e9 vraiment cool, car je suis entour\u00e9 de mecs d\u2019exp\u00e9rience, comme David Holston, Justin Bibbins ou Axel Julien (j\u2019\u00e9tais cadet quand il a d\u00e9marr\u00e9 en pro au HTV, c\u2019est sympa de jouer ensemble). C\u2019est hyper productif pour moi. Et Laurent Legname, que j\u2019ai connu au HTV aussi, m\u2019a fait sentir que j\u2019aurais un r\u00f4le dans l\u2019effectif (il tourne \u00e0 quelque 9 pts et moins de 4 rebonds toutes comp\u00e9titions confondues).<\/p>\n<p class=\"fs-5 \"><strong>Et comment vivez-vous le fait de rejouer au plus haut niveau apr\u00e8s \u00eatre redescendu en NM1 et en Pro B ?<\/strong><\/p>\n<p class=\"fs-5 \">Je me r\u00e9gale ! C\u2019est du pur plaisir, parce que je vis de ma passion. Mon parcours, c\u2019est un peu la magie du sport. Il y a trois ans, j\u2019\u00e9tais sur le banc, \u00e0 Lorient, en NM1 : jamais, alors, je ne me serais dit que j\u2019\u00e9voluerais en \u00c9lite et que \u00e7a marcherait. Donc j\u2019en profite et je m\u2019\u00e9clate. Maintenant, j\u2019ai sign\u00e9 pour un an, mais je n\u2019ai pas de plan de carri\u00e8re. Je veux voir jusqu\u2019\u00e0 quel niveau je peux \u00e9voluer, sans forcer les choses.<\/p>\n<p class=\"fs-5 \"><strong>Comment s\u2019est fait votre recrutement, alors que vous \u00e9tiez toujours sous contrat avec le HTV ?<\/strong><\/p>\n<p class=\"fs-5 \">Dijon m\u2019a appel\u00e9. Puis Laurent Legname m\u2019a expliqu\u00e9 sa vision du jeu, de la d\u00e9fense. C\u2019est un peu la m\u00eame que Jean-Louis Borg (le coach qui l\u2019a relanc\u00e9 au HTV, Ndlr), dans laquelle je me sens bien, avec plus de pr\u00e9cision, de concentration et de vitesse d\u2019ex\u00e9cution car c\u2019est le niveau au-dessus. Ce n\u2019\u00e9tait pas dans mes papiers d\u2019aller en \u00c9lite. J\u2019aurais pu rester \u00ab tranquillou \u00bb \u00e0 la maison, mais je voulais voir ce que je valais. J\u2019avais une clause pour \u00e7a et le HTV m\u2019a laiss\u00e9 partir parce qu\u2019il a compris que c\u2019\u00e9tait bien pour moi. \u00c7a s\u2019est fait avec une bonne entente.<\/p>\n<p class=\"fs-5 \"><strong>Quel est votre regard sur la saison du HTV ?<\/strong><\/p>\n<p class=\"fs-5 \">Je suis d\u00e9j\u00e0 content qu\u2019ils n\u2019ont pas d\u00e9marr\u00e9 aussi mal qu\u2019on l\u2019avait fait l\u2019ann\u00e9e derni\u00e8re. Ils sont sur un bon encha\u00eenement (quatre succ\u00e8s de rang en \u00c9lite 2, Ndlr) et John Roberson a fait du bien \u00e0 l\u2019\u00e9quipe. Vu comment c\u2019est parti, \u00e7a ne me choquerait pas qu\u2019ils accrochent au moins les play-in.<\/p>\n","protected":false},"excerpt":{"rendered":"Il n\u2019a plus le m\u00eame maillot, mais il a toujours la m\u00eame passion. Et il la croque \u00e0&hellip;\n","protected":false},"author":2,"featured_media":572638,"comment_status":"","ping_status":"","sticky":false,"template":"","format":"standard","meta":{"footnotes":""},"categories":[9619],"tags":[1111,11,1777,674,1011,27,12,882,25,2310],"class_list":{"0":"post-572637","1":"post","2":"type-post","3":"status-publish","4":"format-standard","5":"has-post-thumbnail","7":"category-toulon","8":"tag-actu","9":"tag-actualites","10":"tag-eu","11":"tag-europe","12":"tag-fr","13":"tag-france","14":"tag-news","15":"tag-provence-alpes-cote-dazur","16":"tag-republique-francaise","17":"tag-toulon"},"share_on_mastodon":{"url":"https:\/\/pubeurope.com\/@fr\/115648789490107069","error":""},"_links":{"self":[{"href":"https:\/\/www.europesays.com\/fr\/wp-json\/wp\/v2\/posts\/572637","targetHints":{"allow":["GET"]}}],"collection":[{"href":"https:\/\/www.europesays.com\/fr\/wp-json\/wp\/v2\/posts"}],"about":[{"href":"https:\/\/www.europesays.com\/fr\/wp-json\/wp\/v2\/types\/post"}],"author":[{"embeddable":true,"href":"https:\/\/www.europesays.com\/fr\/wp-json\/wp\/v2\/users\/2"}],"replies":[{"embeddable":true,"href":"https:\/\/www.europesays.com\/fr\/wp-json\/wp\/v2\/comments?post=572637"}],"version-history":[{"count":0,"href":"https:\/\/www.europesays.com\/fr\/wp-json\/wp\/v2\/posts\/572637\/revisions"}],"wp:featuredmedia":[{"embeddable":true,"href":"https:\/\/www.europesays.com\/fr\/wp-json\/wp\/v2\/media\/572638"}],"wp:attachment":[{"href":"https:\/\/www.europesays.com\/fr\/wp-json\/wp\/v2\/media?parent=572637"}],"wp:term":[{"taxonomy":"category","embeddable":true,"href":"https:\/\/www.europesays.com\/fr\/wp-json\/wp\/v2\/categories?post=572637"},{"taxonomy":"post_tag","embeddable":true,"href":"https:\/\/www.europesays.com\/fr\/wp-json\/wp\/v2\/tags?post=572637"}],"curies":[{"name":"wp","href":"https:\/\/api.w.org\/{rel}","templated":true}]}}