{"id":57264,"date":"2025-04-27T16:59:13","date_gmt":"2025-04-27T16:59:13","guid":{"rendered":"https:\/\/www.europesays.com\/fr\/57264\/"},"modified":"2025-04-27T16:59:13","modified_gmt":"2025-04-27T16:59:13","slug":"grenoble-le-tournoi-dechecs-de-la-maison-de-la-culture-armenienne-se-deroule-jusquau-3-mai","status":"publish","type":"post","link":"https:\/\/www.europesays.com\/fr\/57264\/","title":{"rendered":"Grenoble. Le tournoi d\u2019\u00e9checs de la Maison de la culture arm\u00e9nienne se d\u00e9roule jusqu\u2019au 3\u00a0mai"},"content":{"rendered":"<p>La Maison de la culture arm\u00e9nienne de Grenoble et du Dauphin\u00e9 (MCAGD) revient avec la 3e \u00e9dition du troph\u00e9e Jean-Marandjian. Ce tournoi d\u2019\u00e9checs se d\u00e9roule du 26\u00a0avril au samedi 3\u00a0mai. Un second tournoi est r\u00e9serv\u00e9 aux jeunes talents n\u00e9s \u00e0 partir de 2011. C\u2019est une opportunit\u00e9 pour les passionn\u00e9s d\u2019\u00e9checs de se mesurer.<\/p>\n<p class=\"note\">Plus d\u2019infos sur le compte Helloasso de la MCAGD ou au 04\u00a076\u00a048\u00a059\u00a038.<\/p>\n","protected":false},"excerpt":{"rendered":"La Maison de la culture arm\u00e9nienne de Grenoble et du Dauphin\u00e9 (MCAGD) revient avec la 3e \u00e9dition du&hellip;\n","protected":false},"author":2,"featured_media":57265,"comment_status":"","ping_status":"","sticky":false,"template":"","format":"standard","meta":{"footnotes":""},"categories":[9566],"tags":[1111,11,2430,1687,112,1777,674,1011,27,2731,2732,12,25],"class_list":{"0":"post-57264","1":"post","2":"type-post","3":"status-publish","4":"format-standard","5":"has-post-thumbnail","7":"category-grenoble","8":"tag-actu","9":"tag-actualites","10":"tag-auvergne-rhone-alpes","11":"tag-culture-loisirs","12":"tag-edition-grenoble-agglomeration","13":"tag-eu","14":"tag-europe","15":"tag-fr","16":"tag-france","17":"tag-grenoble","18":"tag-grenoble-bassin","19":"tag-news","20":"tag-republique-francaise"},"share_on_mastodon":{"url":"https:\/\/pubeurope.com\/@fr\/114410996693964141","error":""},"_links":{"self":[{"href":"https:\/\/www.europesays.com\/fr\/wp-json\/wp\/v2\/posts\/57264","targetHints":{"allow":["GET"]}}],"collection":[{"href":"https:\/\/www.europesays.com\/fr\/wp-json\/wp\/v2\/posts"}],"about":[{"href":"https:\/\/www.europesays.com\/fr\/wp-json\/wp\/v2\/types\/post"}],"author":[{"embeddable":true,"href":"https:\/\/www.europesays.com\/fr\/wp-json\/wp\/v2\/users\/2"}],"replies":[{"embeddable":true,"href":"https:\/\/www.europesays.com\/fr\/wp-json\/wp\/v2\/comments?post=57264"}],"version-history":[{"count":0,"href":"https:\/\/www.europesays.com\/fr\/wp-json\/wp\/v2\/posts\/57264\/revisions"}],"wp:featuredmedia":[{"embeddable":true,"href":"https:\/\/www.europesays.com\/fr\/wp-json\/wp\/v2\/media\/57265"}],"wp:attachment":[{"href":"https:\/\/www.europesays.com\/fr\/wp-json\/wp\/v2\/media?parent=57264"}],"wp:term":[{"taxonomy":"category","embeddable":true,"href":"https:\/\/www.europesays.com\/fr\/wp-json\/wp\/v2\/categories?post=57264"},{"taxonomy":"post_tag","embeddable":true,"href":"https:\/\/www.europesays.com\/fr\/wp-json\/wp\/v2\/tags?post=57264"}],"curies":[{"name":"wp","href":"https:\/\/api.w.org\/{rel}","templated":true}]}}