{"id":572641,"date":"2025-12-02T07:28:17","date_gmt":"2025-12-02T07:28:17","guid":{"rendered":"https:\/\/www.europesays.com\/fr\/572641\/"},"modified":"2025-12-02T07:28:17","modified_gmt":"2025-12-02T07:28:17","slug":"montpellier-fait-le-choix-de-la-gratuite-des-transports","status":"publish","type":"post","link":"https:\/\/www.europesays.com\/fr\/572641\/","title":{"rendered":"Montpellier fait le choix de la gratuit\u00e9 des transports"},"content":{"rendered":"<p>La gratuit\u00e9 des transports urbains pour les 510.000 habitants de la m\u00e9tropole de Montpellier \u2013 soit 31 communes \u2013 est pleinement acquise depuis d\u00e9cembre 2023, apr\u00e8s un d\u00e9ploiement progressif depuis 2020. C\u2019\u00e9tait une promesse de campagne du maire socialiste <a href=\"https:\/\/www.latribune.fr\/la-tribune-dimanche\/politique\/municipales-a-montpellier-michael-delafosse-entretient-le-flou-mais-prepare-le-terrain-1031521.html\" target=\"_blank\" rel=\"noopener\">Micha\u00ebl Delafosse<\/a>, \u00e9galement pr\u00e9sident de la M\u00e9tropole, pour fluidifier le trafic routier et d\u00e9carboner les mobilit\u00e9s.<\/p>\n<p>Fin 2024, la TaM, op\u00e9rateur des transports de la m\u00e9tropole, annon\u00e7ait le passage de 84 millions \u00e0 110 millions de voyages, 407.000 habitants ayant activ\u00e9 leur Pass-gratuit\u00e9. De janvier \u00e0 mai 2025, la hausse de fr\u00e9quentation est de plus de 35 % par rapport \u00e0 2019.\u00a0<\/p>\n<p>La M\u00e9tropole indique avoir multipli\u00e9 par 2,4 son investissement en faveur des transports, \u00ab passant de 471 millions d\u2019euros entre 2014 et 2020 \u00e0 1,13 milliard d\u2019euros sur la mandature actuelle \u00bb. <\/p>\n","protected":false},"excerpt":{"rendered":"La gratuit\u00e9 des transports urbains pour les 510.000 habitants de la m\u00e9tropole de Montpellier \u2013 soit 31 communes&hellip;\n","protected":false},"author":2,"featured_media":572642,"comment_status":"","ping_status":"","sticky":false,"template":"","format":"standard","meta":{"footnotes":""},"categories":[9599],"tags":[17,1111,11,13898,1129,1777,674,1011,27,27499,2208,12,2680,25,800],"class_list":{"0":"post-572641","1":"post","2":"type-post","3":"status-publish","4":"format-standard","5":"has-post-thumbnail","7":"category-montpellier","8":"tag-17","9":"tag-actu","10":"tag-actualites","11":"tag-choix","12":"tag-climat","13":"tag-eu","14":"tag-europe","15":"tag-fr","16":"tag-france","17":"tag-gratuite","18":"tag-montpellier","19":"tag-news","20":"tag-occitanie","21":"tag-republique-francaise","22":"tag-transports"},"share_on_mastodon":{"url":"https:\/\/pubeurope.com\/@fr\/115648797518615149","error":""},"_links":{"self":[{"href":"https:\/\/www.europesays.com\/fr\/wp-json\/wp\/v2\/posts\/572641","targetHints":{"allow":["GET"]}}],"collection":[{"href":"https:\/\/www.europesays.com\/fr\/wp-json\/wp\/v2\/posts"}],"about":[{"href":"https:\/\/www.europesays.com\/fr\/wp-json\/wp\/v2\/types\/post"}],"author":[{"embeddable":true,"href":"https:\/\/www.europesays.com\/fr\/wp-json\/wp\/v2\/users\/2"}],"replies":[{"embeddable":true,"href":"https:\/\/www.europesays.com\/fr\/wp-json\/wp\/v2\/comments?post=572641"}],"version-history":[{"count":0,"href":"https:\/\/www.europesays.com\/fr\/wp-json\/wp\/v2\/posts\/572641\/revisions"}],"wp:featuredmedia":[{"embeddable":true,"href":"https:\/\/www.europesays.com\/fr\/wp-json\/wp\/v2\/media\/572642"}],"wp:attachment":[{"href":"https:\/\/www.europesays.com\/fr\/wp-json\/wp\/v2\/media?parent=572641"}],"wp:term":[{"taxonomy":"category","embeddable":true,"href":"https:\/\/www.europesays.com\/fr\/wp-json\/wp\/v2\/categories?post=572641"},{"taxonomy":"post_tag","embeddable":true,"href":"https:\/\/www.europesays.com\/fr\/wp-json\/wp\/v2\/tags?post=572641"}],"curies":[{"name":"wp","href":"https:\/\/api.w.org\/{rel}","templated":true}]}}