{"id":572643,"date":"2025-12-02T07:29:15","date_gmt":"2025-12-02T07:29:15","guid":{"rendered":"https:\/\/www.europesays.com\/fr\/572643\/"},"modified":"2025-12-02T07:29:15","modified_gmt":"2025-12-02T07:29:15","slug":"comment-les-petites-communes-autour-de-rouen-se-preparent-aux-catastrophes-malgre-des-moyens-limites","status":"publish","type":"post","link":"https:\/\/www.europesays.com\/fr\/572643\/","title":{"rendered":"Comment les petites communes autour de Rouen se pr\u00e9parent aux catastrophes malgr\u00e9 des moyens limit\u00e9s"},"content":{"rendered":"<p>                    Par<br \/>\n        <strong><br \/>\n            <a href=\"https:\/\/actu.fr\/auteur\/fmass\" title=\"Consulter tous les articles de Fabien Massin\" target=\"_blank\" rel=\"noopener\">Fabien Massin<\/a><br \/>\n                    <\/strong><\/p>\n<p>        Publi\u00e9 le<\/p>\n<p>            2 d\u00e9c. 2025 \u00e0 8h04        <\/p>\n<p>En cas de crise majeure,<strong> accident industriel, catastrophe naturelle ou encore canicule s\u00e9v\u00e8re<\/strong>, tout une cha\u00eene op\u00e9rationnelle se met en place et elle peut impliquer, selon la nature et la gravit\u00e9 de l\u2019\u00e9v\u00e9nement, de nombreux acteurs\u2009: structures et institutions, collectivit\u00e9s locales et \u00c9tat, en passant par les pompiers, la police, des entreprises, etc. Et en premi\u00e8re ligne, <strong>les communes forment toujours le premier maillon<\/strong>.<br \/>Dans ce r\u00f4le, un certain nombre d\u2019entre elles doit \u00e9laborer un <a href=\"https:\/\/www.securite-civile.interieur.gouv.fr\/reagir\/comment-se-preparer-face-aux-risques\/plans-communaux-et\" target=\"_blank\" rel=\"noopener\">plan communal de sauvegarde (PCS)<\/a>, un document qui d\u00e9taille la marche \u00e0 suivre en cas de crise, les personnes \u00e0 contacter, les b\u00e2timents susceptibles d\u2019accueillir du public, etc., et qui <a href=\"https:\/\/www.seine-maritime.gouv.fr\/Actions-de-l-Etat\/Securite-et-Defense\/Securite-civile\/Plan-Communal-de-Sauvegarde\/Plan-Communal-de-Sauvegarde\" target=\"_blank\" rel=\"noopener\">doit \u00eatre transmis \u00e0 la pr\u00e9fecture<\/a>. Mais pour les petites communes, qui disposent de peu de moyens humains, pas forc\u00e9ment facile d\u2019\u00e9laborer ce PCS. Dans la r\u00e9gion de <a href=\"https:\/\/actu.fr\/normandie\/rouen_76540\" target=\"_blank\" rel=\"noopener\">Rouen (Seine-Maritime)<\/a>, comment cela se passe-t-il\u2009?<\/p>\n<p>Des moyens humains, des v\u00e9hicules et b\u00e2timents mobilisables<\/p>\n<p class=\" wall-content\">En cette fin 2025, certaines communes qui doivent \u00e9laborer un PCS l\u2019ont fait r\u00e9cemment ou sont en cours de le faire. Dans la<a href=\"https:\/\/actu.fr\/tag\/metropole-rouen\" target=\"_blank\" rel=\"noopener\"> M\u00e9tropole Rouen Normandie<\/a>, le maire de la commune de <strong>Saint-Aubin-\u00c9pinay<\/strong>, Beno\u00eet Anquetin\u2009: \u00ab\u2009Le dossier est clos. <strong>Ici c\u2019est surtout pour les risques d\u2019inondation que nous sommes concern\u00e9s<\/strong>. Si \u00e7a arrive, on sait que l\u2019on peut utiliser les v\u00e9hicules de tel ou tel artisan, la remorque de tel ou tel agriculteur, et on sait sur quels moyens humains compter. Et quand des gens partent ou s\u2019absentent de la commune on les remplace, il faut que tout \u00e7a vive.\u2009\u00bb<\/p>\n<blockquote class=\"ac-article-quote wall-content\">\n<p>Les petites communes sont bien aid\u00e9es par les services de la M\u00e9tropole, j&rsquo;en suis tr\u00e8s satisfait.\u00a0<\/p>\n<p>    <strong>Benoit Anquetin<\/strong><br \/>\n        Maire de Saint-Aubin-\u00c9pinay    <\/p><\/blockquote>\n<p class=\" wall-content\">\u00c0\u00a0<strong>Montmain<\/strong>, la commune est \u00e9galement \u00e0 jour de son PCS. Le maire Aymeric Baudel rapporte\u2009: \u00ab\u2009Nous avons en cela \u00e9t\u00e9 bien \u00e9paul\u00e9s par les services de la M\u00e9tropole de Rouen Normandie et notamment Mme Liberge. <strong>Ce plan nous a permis de mettre en place une liste des personnes vuln\u00e9rables<\/strong> qui s\u2019av\u00e8re \u00eatre tr\u00e8s importante en p\u00e9riode caniculaire, par exemple. Pour ce qui est de la difficult\u00e9 de trouver des personnes pour occuper les postes, la commune de Montmain peut s\u2019appuyer sur une \u00e9quipe municipale et des agents tr\u00e8s investis.\u2009\u00bb<\/p>\n<p class=\" wall-content\">Ailleurs dans plusieurs autres communes du territoire m\u00e9tropolitain, le plan communal de sauvegarde est en cours de r\u00e9daction*, comme au<strong> Trait<\/strong>, o\u00f9 la commune pr\u00e9cise\u2009: \u00ab\u2009Nous n\u2019\u00e9tions pas jusqu\u2019en fin d\u2019ann\u00e9e 2024 soumis \u00e0 une obligation de r\u00e9diger un PCS communal. Il est en cours de r\u00e9daction par nos services<strong> en lien avec la M\u00e9tropole Rouen Normandie<\/strong> et devrait \u00eatre pr\u00eat pour fin 2025\/d\u00e9but 2026.\u2009\u00bb<\/p>\n<p class=\" wall-content\">Idem au <strong>Mesnil-sous-Jumi\u00e8ges<\/strong>, qui b\u00e9n\u00e9ficie \u00e9galement de l\u2019appui des services de la M\u00e9tropole. \u00c0 <strong>Moulineaux<\/strong>, <strong>\u00ab\u2009la commune a r\u00e9vis\u00e9 son PCS en 2023\u2009\u00bb<\/strong>, informe Fr\u00e9d\u00e9ric Chopart, 2e adjoint au maire\/correspondant incendie et secours, et aux <strong>Authieux-sur-le-port-Saint-Ouen<\/strong>, \u00ab\u2009il a \u00e9t\u00e9 transmis r\u00e9cemment\u2009\u00bb.<\/p>\n<p>\u00ab\u2009Un lourd travail de r\u00e9daction et de synth\u00e8se\u2009\u00bb<\/p>\n<p class=\" wall-content\">\u00c0 la lisi\u00e8re de la M\u00e9tropole, \u00e0 <strong>Quincampoix<\/strong>, la directrice g\u00e9n\u00e9rale des services Alexandra Pena souligne\u2009: \u00ab\u2009La r\u00e9daction de notre PCS est en cours de finalisation. Il s\u2019agit effectivement d\u2019un<strong> lourd travail de r\u00e9daction et de synth\u00e8se<\/strong> qui s\u2019appuie sur un partenariat et sur la mobilisation de moyens humains. Nous avons suivi assid\u00fbment depuis un an les r\u00e9unions propos\u00e9es et coanim\u00e9es par le SBVCAR (syndicat des bassins versants Cailly-Aubette-Robec), le SMBVAS (syndicat mixte du bassin versant de l\u2019Austreberthe et du Saffimbec) et la M\u00e9tropole pour nous accompagner.\u2009\u00bb<\/p>\n<p>Votre r\u00e9gion, votre actu !<\/p>\n<p>Recevez chaque jour les infos qui comptent pour vous.<\/p>\n<p>\t<a href=\"https:\/\/actu.fr\/newsletter\" class=\"ac-btn ac-btn--corner ac-btn--medium ac-btn--blue800\" target=\"_blank\" rel=\"noopener\">S&rsquo;incrire<\/a><\/p>\n<p class=\" wall-content\">Un peu plus loin de la M\u00e9tropole, \u00e0 <strong>Mont-Cauvaire<\/strong>, pr\u00e8s de Montville, la situation est moins confortable, comme l\u2019explique la maire de la commune St\u00e9phanie Lambard\u2009: \u00ab\u2009Nous sommes en cours de r\u00e9daction du notre PCS depuis plus d\u2019un an. Si certaines communes disposent de comp\u00e9tences internes pour r\u00e9diger ce type de document, les petites communes comme la n\u00f4tre doivent le r\u00e9diger par leurs propres moyens. <strong>Or nous ne disposons pas de comp\u00e9tences en la mati\u00e8re \u00e0 l\u2019origine<\/strong>. Nous lisons, \u00e9tudions, analysons nos moyens mat\u00e9riels et humains pour r\u00e9pondre au mieux aux attentes des autorit\u00e9s.\u2009\u00bb<\/p>\n<blockquote class=\"ac-article-quote wall-content\">\n<p>Nous avons fait parvenir une premi\u00e8re version \u00e0 la pr\u00e9fecture pour avis. On nous a alors conseill\u00e9 de modifier, enrichir certaines choses. Nous sommes toujours en train d&rsquo;y travailler.\n<\/p>\n<p>    <strong>St\u00e9phanie Lambard<\/strong><br \/>\n        Maire de Mont-Cauvaire    <\/p><\/blockquote>\n<p class=\" wall-content\">M\u00eame son de cloche \u00e0 <strong>Saint-Arnoult<\/strong>, \u00e0 c\u00f4t\u00e9 de Rives-en-Seine, o\u00f9 la secr\u00e9taire de mairie Justine Avenel explique\u2009: \u00ab\u2009Le plan communal de sauvegarde (PCS) est actuellement en cours d\u2019ex\u00e9cution. Cependant, en tant qu\u2019assistante de secr\u00e9tariat, il m\u2019est difficile de poursuivre ce travail dans de bonnes conditions, car je ne dispose pas du temps n\u00e9cessaire pour mener \u00e0 bien cette mission.\u2009\u00bb<\/p>\n<p>    <img   decoding=\"async\" loading=\"lazy\" src=\"https:\/\/www.europesays.com\/fr\/wp-content\/uploads\/2025\/12\/pcs-30-septembre-960x640.jpg\" alt=\"La carte des PCS en Seine-Maritime au 30 septembre 2025. \" width=\"960\" height=\"640\"\/><br \/>\n    La carte des PCS en Seine-Maritime au 30\u00a0septembre 2025. (\u00a9https:\/\/www.seine-maritime.gouv.fr\/)<\/p>\n<p class=\" wall-content\">*En dehors du territoire m\u00e9tropolitain, le PCS est en cours d\u2019\u00e9laboration dans des communes comme Saint-Georges-sur-Fontaine, Cl\u00e8res, Allouville-Bellefosse ou encore Fresne-le-Plan<\/p>\n<p>Suivez l\u2019actualit\u00e9 de Rouen sur notre <a href=\"https:\/\/www.whatsapp.com\/channel\/0029VaKfnf99hXF2ddApFB1D\" target=\"_blank\" rel=\"noopener\">cha\u00eene WhatsApp<\/a> et sur notre <a href=\"https:\/\/www.tiktok.com\/@76actu.fr?lang=fr\" target=\"_blank\" rel=\"noopener\">compte TikTok<\/a><\/p>\n<p class=\" wall-content\">Personnalisez votre actualit\u00e9 en ajoutant vos villes et m\u00e9dias en favori avec <a href=\"https:\/\/moncompte.actu.fr\" title=\"D\u00e9couvez Mon Actu\" rel=\"nofollow noopener\" data-trk=\"{&quot;cta&quot;:{&quot;action&quot;:&quot;https:\\\/\\\/moncompte.actu.fr&quot;,&quot;category&quot;:&quot;mon compte&quot;,&quot;from&quot;:&quot;article footer&quot;,&quot;name&quot;:&quot;Mon actu&quot;,&quot;type&quot;:&quot;cta&quot;}}\" target=\"_blank\">Mon Actu<\/a>.<\/p>\n<p>                    <script async src=\"\/\/www.tiktok.com\/embed.js\"><\/script><\/p>\n","protected":false},"excerpt":{"rendered":"Par Fabien Massin Publi\u00e9 le 2 d\u00e9c. 2025 \u00e0 8h04 En cas de crise majeure, accident industriel, catastrophe&hellip;\n","protected":false},"author":2,"featured_media":572644,"comment_status":"","ping_status":"","sticky":false,"template":"","format":"standard","meta":{"footnotes":""},"categories":[9587],"tags":[1111,11,4732,1777,674,1011,27,18327,12,5161,25,9590,10965,104],"class_list":{"0":"post-572643","1":"post","2":"type-post","3":"status-publish","4":"format-standard","5":"has-post-thumbnail","7":"category-rouen","8":"tag-actu","9":"tag-actualites","10":"tag-catastrophe-naturelle","11":"tag-eu","12":"tag-europe","13":"tag-fr","14":"tag-france","15":"tag-lubrizol","16":"tag-news","17":"tag-normandie","18":"tag-republique-francaise","19":"tag-rouen","20":"tag-securite-civile","21":"tag-societe"},"share_on_mastodon":{"url":"https:\/\/pubeurope.com\/@fr\/115648803071968166","error":""},"_links":{"self":[{"href":"https:\/\/www.europesays.com\/fr\/wp-json\/wp\/v2\/posts\/572643","targetHints":{"allow":["GET"]}}],"collection":[{"href":"https:\/\/www.europesays.com\/fr\/wp-json\/wp\/v2\/posts"}],"about":[{"href":"https:\/\/www.europesays.com\/fr\/wp-json\/wp\/v2\/types\/post"}],"author":[{"embeddable":true,"href":"https:\/\/www.europesays.com\/fr\/wp-json\/wp\/v2\/users\/2"}],"replies":[{"embeddable":true,"href":"https:\/\/www.europesays.com\/fr\/wp-json\/wp\/v2\/comments?post=572643"}],"version-history":[{"count":0,"href":"https:\/\/www.europesays.com\/fr\/wp-json\/wp\/v2\/posts\/572643\/revisions"}],"wp:featuredmedia":[{"embeddable":true,"href":"https:\/\/www.europesays.com\/fr\/wp-json\/wp\/v2\/media\/572644"}],"wp:attachment":[{"href":"https:\/\/www.europesays.com\/fr\/wp-json\/wp\/v2\/media?parent=572643"}],"wp:term":[{"taxonomy":"category","embeddable":true,"href":"https:\/\/www.europesays.com\/fr\/wp-json\/wp\/v2\/categories?post=572643"},{"taxonomy":"post_tag","embeddable":true,"href":"https:\/\/www.europesays.com\/fr\/wp-json\/wp\/v2\/tags?post=572643"}],"curies":[{"name":"wp","href":"https:\/\/api.w.org\/{rel}","templated":true}]}}