{"id":572649,"date":"2025-12-02T07:35:38","date_gmt":"2025-12-02T07:35:38","guid":{"rendered":"https:\/\/www.europesays.com\/fr\/572649\/"},"modified":"2025-12-02T07:35:38","modified_gmt":"2025-12-02T07:35:38","slug":"un-college-evacue-en-urgence-a-rennes-voici-ce-que-lon-sait","status":"publish","type":"post","link":"https:\/\/www.europesays.com\/fr\/572649\/","title":{"rendered":"Un coll\u00e8ge \u00e9vacu\u00e9 en urgence \u00e0 Rennes\u00a0: voici ce que l\u2019on sait"},"content":{"rendered":"<p>Un important dispositif de s\u00e9curit\u00e9 a \u00e9t\u00e9 d\u00e9ploy\u00e9 ce lundi 1er d\u00e9cembre 2025 au coll\u00e8ge des Ormeaux \u00e0 Rennes. En milieu de matin\u00e9e, un appel t\u00e9l\u00e9phonique anonyme a signal\u00e9 la pr\u00e9sence d\u2019un engin explosif au sein du coll\u00e8ge. La direction de l\u2019\u00e9tablissement a imm\u00e9diatement mis en \u0153uvre la proc\u00e9dure d\u2019urgence afin d\u2019\u00e9vacuer les 500 \u00e9l\u00e8ves.<\/p>\n<p>Fausse alerte<\/p>\n<p>Sur place, les forces de l\u2019ordre ont proc\u00e9d\u00e9 \u00e0 de nombreuses v\u00e9rifications. Au bout d\u2019une heure, aucun explosif n\u2019a \u00e9t\u00e9 d\u00e9couvert comme l\u2019indique <a href=\"https:\/\/www.ouest-france.fr\/bretagne\/rennes-35000\/un-college-de-rennes-vise-par-une-alerte-a-la-bombe-les-eleves-temporairement-evacues-une-enquete-ouverte-09605912-ceab-11f0-9f92-1f1697d8d1ab\" target=\"_blank\" rel=\"noopener\">Ouest-France<\/a>.<\/p>\n<p>Les \u00e9l\u00e8ves ont ainsi pu regagner leurs salles de classe en toute s\u00e9curit\u00e9 apr\u00e8s la lev\u00e9e de l\u2019alerte. Une enqu\u00eate a \u00e9t\u00e9 ouverte par la police pour identifier l\u2019auteur de cette fausse alerte.<\/p>\n<p>Ces derni\u00e8res ann\u00e9es, les fausses alertes \u00e0 la bombe se sont multipli\u00e9es au sein des \u00e9tablissements scolaires \u00e0 Rennes et ailleurs en France. La peine encourue pour ce type de faits est de deux ans d\u2019emprisonnement et 30 000 \u20ac d\u2019amende.<\/p>\n","protected":false},"excerpt":{"rendered":"Un important dispositif de s\u00e9curit\u00e9 a \u00e9t\u00e9 d\u00e9ploy\u00e9 ce lundi 1er d\u00e9cembre 2025 au coll\u00e8ge des Ormeaux \u00e0&hellip;\n","protected":false},"author":2,"featured_media":572650,"comment_status":"","ping_status":"","sticky":false,"template":"","format":"standard","meta":{"footnotes":""},"categories":[2821],"tags":[1111,11,829,765,1777,674,1011,27,848,12,584,25],"class_list":{"0":"post-572649","1":"post","2":"type-post","3":"status-publish","4":"format-standard","5":"has-post-thumbnail","7":"category-rennes","8":"tag-actu","9":"tag-actualites","10":"tag-bretagne","11":"tag-en-continu","12":"tag-eu","13":"tag-europe","14":"tag-fr","15":"tag-france","16":"tag-ille-et-vilaine","17":"tag-news","18":"tag-rennes","19":"tag-republique-francaise"},"share_on_mastodon":{"url":"https:\/\/pubeurope.com\/@fr\/115648825031546870","error":""},"_links":{"self":[{"href":"https:\/\/www.europesays.com\/fr\/wp-json\/wp\/v2\/posts\/572649","targetHints":{"allow":["GET"]}}],"collection":[{"href":"https:\/\/www.europesays.com\/fr\/wp-json\/wp\/v2\/posts"}],"about":[{"href":"https:\/\/www.europesays.com\/fr\/wp-json\/wp\/v2\/types\/post"}],"author":[{"embeddable":true,"href":"https:\/\/www.europesays.com\/fr\/wp-json\/wp\/v2\/users\/2"}],"replies":[{"embeddable":true,"href":"https:\/\/www.europesays.com\/fr\/wp-json\/wp\/v2\/comments?post=572649"}],"version-history":[{"count":0,"href":"https:\/\/www.europesays.com\/fr\/wp-json\/wp\/v2\/posts\/572649\/revisions"}],"wp:featuredmedia":[{"embeddable":true,"href":"https:\/\/www.europesays.com\/fr\/wp-json\/wp\/v2\/media\/572650"}],"wp:attachment":[{"href":"https:\/\/www.europesays.com\/fr\/wp-json\/wp\/v2\/media?parent=572649"}],"wp:term":[{"taxonomy":"category","embeddable":true,"href":"https:\/\/www.europesays.com\/fr\/wp-json\/wp\/v2\/categories?post=572649"},{"taxonomy":"post_tag","embeddable":true,"href":"https:\/\/www.europesays.com\/fr\/wp-json\/wp\/v2\/tags?post=572649"}],"curies":[{"name":"wp","href":"https:\/\/api.w.org\/{rel}","templated":true}]}}