{"id":572657,"date":"2025-12-02T07:39:15","date_gmt":"2025-12-02T07:39:15","guid":{"rendered":"https:\/\/www.europesays.com\/fr\/572657\/"},"modified":"2025-12-02T07:39:15","modified_gmt":"2025-12-02T07:39:15","slug":"on-sait-quand-est-ce-que-la-structure-ilovenice-disparu-depuis-quelques-mois-va-revenir-a-rauba-capeu","status":"publish","type":"post","link":"https:\/\/www.europesays.com\/fr\/572657\/","title":{"rendered":"On sait quand est-ce que la structure #ILoveNice, disparu depuis quelques mois va revenir \u00e0 Rauba Cape\u00f9"},"content":{"rendered":"<p class=\"fs-5 \">Le # I Love Nice devrait refaire son apparition \u00e0 Rauba-Cape\u00f9, son tr\u00f4ne d\u2019origine,<strong> la semaine du 8 d\u00e9cembre 2025<\/strong>. Voil\u00e0 qui devrait rassurer les inconditionnels de cet \u00e9l\u00e9ment urbain le plus pris\u00e9 de Nice pour les selfies touristiques qu\u2019il g\u00e9n\u00e8re \u00e0 longueur d\u2019ann\u00e9es.<\/p>\n<p class=\"fs-5 \">Il faut dire que son positionnement strat\u00e9gique, <strong>avec la baie des Anges en fond<\/strong> et la vue panoramique jusqu\u2019\u00e0 l\u2019a\u00e9roport, a de quoi s\u00e9duire Ni\u00e7ois, Azur\u00e9ens, touristes en qu\u00eate d\u2019images exceptionnelles.<\/p>\n<p class=\"fs-5 \">La structure de 7,60 m de long sur 3, 5m de hauteur, install\u00e9e au pied de la colline du Ch\u00e2teau apr\u00e8s<strong> l\u2019attentat de la promenade des Anglais du 14 juillet 2016 <\/strong>comme un symbole de r\u00e9silience, avait disparu depuis quelques mois.<\/p>\n<p class=\"fs-5 \">Au printemps, elle avait laiss\u00e9 la place \u00e0 une autre installation XXL, un oursin tr\u00e8s d\u00e9licat de l\u2019artiste Jan Choi, pr\u00e9sent\u00e9 dans le cadre de la Biennale des Arts et de l\u2019Oc\u00e9an lors de la 3e Conf\u00e9rence des Nations-Unies sur l\u2019Oc\u00e9an, en juin \u00e0 Nice. Du coup, le # I Love Nice avait \u00e9t\u00e9 d\u00e9plac\u00e9 de quelques m\u00e8tres en allant vers le port.<\/p>\n<p>            <img src=\"https:\/\/www.europesays.com\/fr\/wp-content\/uploads\/2025\/12\/9b145e4_upload-from-url-1-5vd2andheokv-data-art-16689608.jpg\"   loading=\"lazy\" decoding=\"async\" alt=\"Le retour du double sens entre la promenade des Anglais et le port a entra\u00een\u00e9 le retour des v\u00e9los sur le trottoir. Photo S\u00e9bastien Botella \" class=\"img-fluid position-absolute w-100 object-fit-cover rounded-2\" width=\"600\" height=\"400\"\/><\/p>\n<p>                                                                                Change de couleurs au gr\u00e9 des \u00e9v\u00e8nements<\/p>\n<p class=\"fs-5 \">Ce n\u2019est pas la premi\u00e8re fois que les 9 lettres gigantesques, auto-lest\u00e9es et stabilis\u00e9es par leur propre poids (1,8 tonne), connaissent des variantes.<\/p>\n<p class=\"fs-5 \">On les a d\u00e9clin\u00e9es \u00e0 toutes les sauces \u00e9v\u00e9nementielles : version orange en novembre 2023 pour<strong> soutenir la lutte contre les violences faites aux femmes<\/strong>,<strong> <\/strong>version jaune en avril 2024 pour<strong> annoncer l\u2019arriv\u00e9e du Tour de France<\/strong>, ou fa\u00e7on bleue et blanche, donc, en mars pour le <strong>Sommet de l\u2019Oc\u00e9an<\/strong> dans la capitale azur\u00e9enne.<\/p>\n<p class=\"fs-5 \">La sculpture au \u00ab#\u00bb bleu, au \u00ab I Love \u00bb blanc et au \u00ab Nice \u00bb, rouge s\u2019appr\u00eate \u00e0 refaire son apparition. Non sans quelques changements. Notamment quant \u00e0 son fabricant. Toujours dans le giron des carnavaliers, mais plus avec les m\u00eames signatures.<\/p>\n<p>                                                                                Un carnavalier r\u00e9cup\u00e8re le march\u00e9<\/p>\n<p class=\"fs-5 \">Jusqu\u2019\u00e0 pr\u00e9sent,<strong> la famille Povigna<\/strong> (France Festivit\u00e9s et Concept \u00c9v\u00e9nementiel) avait en charge la gestion de la structure. Elle l\u2019avait construite d\u00e8s son origine et en assurait sa maintenance. \u00c0 l\u2019issue d\u2019un march\u00e9 public lanc\u00e9 par la Ville, car le pr\u00e9c\u00e9dent arrivait \u00e0 \u00e9ch\u00e9ance, c\u2019est <strong>C\u00e9dric Pignataro<\/strong> (Nice Festivit\u00e9s), qui a remport\u00e9 l\u2019offre.<\/p>\n<p class=\"fs-5 \">Il raconte : \u00ab La structure \u00e9tait en m\u00e9tal, mais s\u2019usait au bord de mer en raison notamment des embruns sal\u00e9s. La Ville a donc relanc\u00e9 un march\u00e9 pour une structure, mais cette fois, en aluminium, plus r\u00e9sistant aux assauts de la mer et aux intemp\u00e9ries. Le tout recouvert d\u2019un produit semblable \u00e0 celui utilis\u00e9 en carrosserie. \u00bb<\/p>\n<p class=\"fs-5 \">\u00c0 C\u00e9dric Pignataro, la responsabilit\u00e9 de construire le nouveau support \u00e0 selfies, aux m\u00eames couleurs et d\u2019en assurer la maintenance.<\/p>\n<p class=\"fs-5 \">Le carnavalier se veut rassurant : \u00ab Les passants ne verront pas la diff\u00e9rence avec l\u2019autre sculpture. Seule, la matrice a \u00e9t\u00e9 refaite. L\u2019organisme de s\u00e9curit\u00e9 m\u2019a demand\u00e9 un peu plus de travail que pr\u00e9vu pour garantir la s\u00e9curit\u00e9 des personnes qui s\u2019en approcheront. La structure est en cours de finition et devrait \u00eatre install\u00e9e au m\u00eame endroit de Rauba Capeu dans 10 jours maximum [la semaine du 8 d\u00e9cembre 2025]. \u00bb<\/p>\n","protected":false},"excerpt":{"rendered":"Le # I Love Nice devrait refaire son apparition \u00e0 Rauba-Cape\u00f9, son tr\u00f4ne d\u2019origine, la semaine du 8&hellip;\n","protected":false},"author":2,"featured_media":572658,"comment_status":"","ping_status":"","sticky":false,"template":"","format":"standard","meta":{"footnotes":""},"categories":[2819],"tags":[1111,11,1777,674,1011,27,12,2401,882,25],"class_list":{"0":"post-572657","1":"post","2":"type-post","3":"status-publish","4":"format-standard","5":"has-post-thumbnail","7":"category-nice","8":"tag-actu","9":"tag-actualites","10":"tag-eu","11":"tag-europe","12":"tag-fr","13":"tag-france","14":"tag-news","15":"tag-nice","16":"tag-provence-alpes-cote-dazur","17":"tag-republique-francaise"},"share_on_mastodon":{"url":"https:\/\/pubeurope.com\/@fr\/115648840776191788","error":""},"_links":{"self":[{"href":"https:\/\/www.europesays.com\/fr\/wp-json\/wp\/v2\/posts\/572657","targetHints":{"allow":["GET"]}}],"collection":[{"href":"https:\/\/www.europesays.com\/fr\/wp-json\/wp\/v2\/posts"}],"about":[{"href":"https:\/\/www.europesays.com\/fr\/wp-json\/wp\/v2\/types\/post"}],"author":[{"embeddable":true,"href":"https:\/\/www.europesays.com\/fr\/wp-json\/wp\/v2\/users\/2"}],"replies":[{"embeddable":true,"href":"https:\/\/www.europesays.com\/fr\/wp-json\/wp\/v2\/comments?post=572657"}],"version-history":[{"count":0,"href":"https:\/\/www.europesays.com\/fr\/wp-json\/wp\/v2\/posts\/572657\/revisions"}],"wp:featuredmedia":[{"embeddable":true,"href":"https:\/\/www.europesays.com\/fr\/wp-json\/wp\/v2\/media\/572658"}],"wp:attachment":[{"href":"https:\/\/www.europesays.com\/fr\/wp-json\/wp\/v2\/media?parent=572657"}],"wp:term":[{"taxonomy":"category","embeddable":true,"href":"https:\/\/www.europesays.com\/fr\/wp-json\/wp\/v2\/categories?post=572657"},{"taxonomy":"post_tag","embeddable":true,"href":"https:\/\/www.europesays.com\/fr\/wp-json\/wp\/v2\/tags?post=572657"}],"curies":[{"name":"wp","href":"https:\/\/api.w.org\/{rel}","templated":true}]}}