{"id":572659,"date":"2025-12-02T07:40:12","date_gmt":"2025-12-02T07:40:12","guid":{"rendered":"https:\/\/www.europesays.com\/fr\/572659\/"},"modified":"2025-12-02T07:40:12","modified_gmt":"2025-12-02T07:40:12","slug":"insultes-secoues-et-bouscules-le-rapport-de-police-ne-confirme-pas-les-coups-apres-les-incidents-a-nice","status":"publish","type":"post","link":"https:\/\/www.europesays.com\/fr\/572659\/","title":{"rendered":"\u00ab\u00a0Insult\u00e9s, secou\u00e9s et bouscul\u00e9s\u00a0\u00bb\u00a0: le rapport de police ne confirme pas \u00ab\u00a0les coups\u00a0\u00bb apr\u00e8s les incidents \u00e0 Nice"},"content":{"rendered":"<p class=\"paragraph text_align_left lp-f-body-02\">J\u00e9r\u00e9mie Boga et Terem Moffi sont en arr\u00eat en travail, c\u2019est un fait. <a href=\"https:\/\/www.leparisien.fr\/sports\/football\/ligue-1\/chants-hostiles-joueurs-chahutes-president-absent-les-aiglons-bouscules-par-leurs-supporters-apres-la-defaite-a-lorient-01-12-2025-M66JWUJW5NHDTG66GSZSEBSW7U.php\" target=\"_blank\" rel=\"noreferrer noopener\">Cibl\u00e9s par les ultras de l\u2019OGC Nice<\/a> dans la nuit de dimanche \u00e0 lundi \u00e0 leur retour du match <a href=\"https:\/\/www.leparisien.fr\/sports\/football\/ligue-1\/\" target=\"_blank\" rel=\"noreferrer noopener\">de Ligue 1<\/a> \u00e0 Lorient, les deux joueurs ont port\u00e9 plainte contre X et ont \u00e9t\u00e9 <a href=\"https:\/\/www.leparisien.fr\/sports\/football\/ligue-1\/terem-moffi-et-jeremie-boga-places-en-arret-de-travail-apres-avoir-ete-cibles-par-les-supporters-de-nice-01-12-2025-M2XLXHYYLJFVHBB4E3AP3Z6MYQ.php\" target=\"_blank\" rel=\"noreferrer noopener\">auscult\u00e9s ce lundi par un m\u00e9decin qui a \u00e9valu\u00e9 leur ITT<\/a> (Incapacit\u00e9 Totale de Travail) \u00e0 plusieurs jours.<\/p>\n<p class=\"paragraph text_align_left lp-f-body-02\">Mais que s\u2019est-il r\u00e9ellement pass\u00e9 ? Difficile de le savoir exactement pour l\u2019heure. Si un t\u00e9moin \u00e9voque la sc\u00e8ne <a href=\"https:\/\/www.lequipe.fr\/Football\/Article\/Insultes-crachats-et-coups-recus-par-jeremie-boga-terem-moffi-et-florian-maurice-fracture-ouverte-avec-les-supporters-a-nice\/1613743\" target=\"_blank\" rel=\"noreferrer noopener\">\u00e0 L\u2019\u00c9quipe<\/a>, expliquant qu\u2019on a \u00ab arrach\u00e9 le bonnet et tir\u00e9 les cheveux \u00bb de Terem Moffi avant de lui ass\u00e9ner \u00ab une dizaine de coups, dont certains \u00e0 l\u2019entrejambe \u00bb, le rapport de police ne d\u00e9crit pas de telles violences.<\/p>\n<p class=\"paragraph text_align_left lp-f-body-02\">Toujours <a href=\"https:\/\/www.lequipe.fr\/Football\/Actualites\/-les-supporters-semblent-avoir-voulu-leur-faire-peur-pour-marquer-le-coup-pourquoi-la-dissolution-de-la-populaire-sud-n-est-elle-pas-envisagee-a-date\/1613798\" target=\"_blank\" rel=\"noreferrer noopener\">selon le quotidien sportif<\/a>, 200 supporters auraient bloqu\u00e9 le bus des joueurs \u00e0 l\u2019approche du centre d\u2019entra\u00eenement o\u00f9 \u00e9taient gar\u00e9es leurs voitures. Ils ont d\u2019abord allum\u00e9 des fumig\u00e8nes et utilis\u00e9 des mortiers d\u2019artifice. Un supporter est mont\u00e9 dans le bus pour discuter avant d\u2019en ressortir, les joueurs l\u2019ont quitt\u00e9 \u00e9galement et ont entam\u00e9 des discussions avec leurs fans.<\/p>\n<p>\u00ab Les supporters semblent avoir voulu leur faire peur \u00bb<\/p>\n<p class=\"paragraph text_align_left lp-f-body-02\">L\u2019atmosph\u00e8re \u00e9tait \u00ab tr\u00e8s hostile \u00bb, pr\u00e9cise le rapport policier, qui d\u00e9crit des joueurs \u00ab insult\u00e9s, secou\u00e9s, bouscul\u00e9s par la foule en col\u00e8re \u00bb. \u00ab Les coll\u00e8gues n\u2019ont pas eu besoin d\u2019utiliser la force pour intervenir, assure un membre du syndicat Alliance. Les supporters semblent avoir voulu leur faire peur pour marquer le coup. \u00bb Aucun bless\u00e9 ou interpell\u00e9 n\u2019est signal\u00e9. <a href=\"https:\/\/www.leparisien.fr\/val-de-marne-94\/des-policiers-de-la-bac-a-pied-quand-la-police-du-val-de-marne-crie-misere-19-11-2025-5VKFVBRHOJCVFKATC22GYB5VBQ.php\" target=\"_blank\" rel=\"noreferrer noopener\">La Brigade anticriminalit\u00e9<\/a> \u00e9tait notamment pr\u00e9sente.<\/p>\n<p class=\"paragraph text_align_left lp-f-body-02\">Dans un communiqu\u00e9, le club ni\u00e7ois a jug\u00e9 \u00ab inacceptables \u00bb les \u00ab d\u00e9bordements constat\u00e9s durant ce rassemblement \u00bb. \u00ab Plusieurs membres du club ont \u00e9t\u00e9 pris \u00e0 partie. L\u2019OGC Nice leur apporte tout son soutien et condamne ces actes avec la plus grande fermet\u00e9 \u00bb, poursuit-il.<\/p>\n","protected":false},"excerpt":{"rendered":"J\u00e9r\u00e9mie Boga et Terem Moffi sont en arr\u00eat en travail, c\u2019est un fait. Cibl\u00e9s par les ultras de&hellip;\n","protected":false},"author":2,"featured_media":572660,"comment_status":"","ping_status":"","sticky":false,"template":"","format":"standard","meta":{"footnotes":""},"categories":[2819],"tags":[1111,11,1777,674,63,1011,27,66,12,2401,882,25,60],"class_list":{"0":"post-572659","1":"post","2":"type-post","3":"status-publish","4":"format-standard","5":"has-post-thumbnail","7":"category-nice","8":"tag-actu","9":"tag-actualites","10":"tag-eu","11":"tag-europe","12":"tag-football","13":"tag-fr","14":"tag-france","15":"tag-ligue-1","16":"tag-news","17":"tag-nice","18":"tag-provence-alpes-cote-dazur","19":"tag-republique-francaise","20":"tag-sports"},"share_on_mastodon":{"url":"https:\/\/pubeurope.com\/@fr\/115648844526362023","error":""},"_links":{"self":[{"href":"https:\/\/www.europesays.com\/fr\/wp-json\/wp\/v2\/posts\/572659","targetHints":{"allow":["GET"]}}],"collection":[{"href":"https:\/\/www.europesays.com\/fr\/wp-json\/wp\/v2\/posts"}],"about":[{"href":"https:\/\/www.europesays.com\/fr\/wp-json\/wp\/v2\/types\/post"}],"author":[{"embeddable":true,"href":"https:\/\/www.europesays.com\/fr\/wp-json\/wp\/v2\/users\/2"}],"replies":[{"embeddable":true,"href":"https:\/\/www.europesays.com\/fr\/wp-json\/wp\/v2\/comments?post=572659"}],"version-history":[{"count":0,"href":"https:\/\/www.europesays.com\/fr\/wp-json\/wp\/v2\/posts\/572659\/revisions"}],"wp:featuredmedia":[{"embeddable":true,"href":"https:\/\/www.europesays.com\/fr\/wp-json\/wp\/v2\/media\/572660"}],"wp:attachment":[{"href":"https:\/\/www.europesays.com\/fr\/wp-json\/wp\/v2\/media?parent=572659"}],"wp:term":[{"taxonomy":"category","embeddable":true,"href":"https:\/\/www.europesays.com\/fr\/wp-json\/wp\/v2\/categories?post=572659"},{"taxonomy":"post_tag","embeddable":true,"href":"https:\/\/www.europesays.com\/fr\/wp-json\/wp\/v2\/tags?post=572659"}],"curies":[{"name":"wp","href":"https:\/\/api.w.org\/{rel}","templated":true}]}}