{"id":572661,"date":"2025-12-02T07:41:20","date_gmt":"2025-12-02T07:41:20","guid":{"rendered":"https:\/\/www.europesays.com\/fr\/572661\/"},"modified":"2025-12-02T07:41:20","modified_gmt":"2025-12-02T07:41:20","slug":"nantes-clap-de-fin-pour-la-fabrique-16-25-dediee-aux-jeunes-sans-abri","status":"publish","type":"post","link":"https:\/\/www.europesays.com\/fr\/572661\/","title":{"rendered":"Nantes : clap de fin pour La Fabrique 16-25, d\u00e9di\u00e9e aux jeunes sans abri"},"content":{"rendered":"<p class=\"block date\" id=\"dateEtAuteur\">Publi\u00e9 : 7h38 &#8211; Modifi\u00e9 : 8h17 H\u00e9l\u00e8ne  HAMON <\/p>\n<p><img decoding=\"async\" class=\"\" style=\"width:100%\" src=\"https:\/\/www.europesays.com\/fr\/wp-content\/uploads\/2025\/12\/32638559398456081291764656701896.jpg\" alt=\"Le centre \u00e9ducatif Tr\u00e9m\u00e9ac, qui abrite le dispositif La Fabrique 16-25\"\/><\/p>\n<p>Le centre \u00e9ducatif Tr\u00e9m\u00e9ac, qui abrite le dispositif La Fabrique 16-25<\/p>\n<p>Cr\u00e9dit : Zo\u00e9 Besnard<\/p>\n<p>A Nantes, la Fabrique 16-25, service social destin\u00e9 aux moins de 25 ans en grande pr\u00e9carit\u00e9 s&rsquo;arr\u00eatera \u00e0 la fin d\u00e9cembre. Un choix de la DREETS des Pays de la Loire, qui a d\u00e9cid\u00e9 de pas reconduire son financement. Les intervenants sociaux de la structure sont en col\u00e8re. <\/p>\n<p><strong>C&rsquo;est un nouveau coup dur pour secteur social en Pays de la Loire. <\/strong>A Nantes, le dispositif La Fabrique 16-25, nich\u00e9 dans le centre \u00e9ducatif Tr\u00e9m\u00e9ac, destin\u00e9 \u00e0 venir en aide aux jeunes sans abri va mettre la cl\u00e9 sous la porte \u00e0 compter du 31 d\u00e9cembre. Cela faisait trois ans que cette structure existait, gr\u00e2ce \u00e0 un appel \u00e0 projets remport\u00e9 en 2022. L&rsquo;aventure s&rsquo;arr\u00eate car la Direction r\u00e9gionale de l&rsquo;\u00e9conomie, de l&#8217;emploi, du travail et des solidarit\u00e9s des Pays de la Loire (DREETS) a d\u00e9cid\u00e9 de ne pas reconduire son financement.<\/p>\n<p>\u00a0<\/p>\n<blockquote><p>\n\u00ab\u00a0On a appris l&rsquo;arr\u00eat du dispositif et le fait que les budgets n&rsquo;\u00e9taient pas reconduits\u00a0\u00bb.\n<\/p><\/blockquote>\n<p>\u00a0<\/p>\n<p>Une \u00e9norme d\u00e9ception pour les jeunes accompagn\u00e9s (28 suivis actuellement, 70 au total depuis trois ans), qui vont se retrouver sans solution d&rsquo;h\u00e9bergement, mais aussi pour les salari\u00e9s qui trouvaient beaucoup de sens dans l\u2019exercice de leur m\u00e9tier, selon Zo\u00e9 Besnard, intervenante sociale au sein du dispositif. \u00ab\u00a0Actuellement, nous sommes trois professionnelles, deux sur Nantes et une professionnelle avec un camion qui se d\u00e9place sur Saint-Nazaire, Nozay et Ch\u00e2teaubriant. <\/p>\n<p>Toutes les trois nous accompagnons 33 jeunes. <strong>Plus globalement, depuis 2022, il y a eu 290 jeunes orient\u00e9s, pour un peu plus de 70 jeunes entr\u00e9s.<\/strong> <strong>Sachant que nous sommes les seules en Loire-Atlantique \u00e0 travailler dans ce projet-l\u00e0 pour les moins de 25 ans.<\/strong> On pensait vraiment, au vu du travail fourni, qu&rsquo;on allait pouvoir continuer, sans pour autant penser de mani\u00e8re na\u00efve. Et le 12 novembre, malheureusement, on a appris l&rsquo;arr\u00eat du dispositif et le fait que les budgets n&rsquo;\u00e9taient pas reconduits\u00a0\u00bb.<\/p>\n<p>Zo\u00e9 Besnard, intervenante sociale au sein du dispositifZo\u00e9 Besnard, intervenante sociale au sein du dispositif <\/p>\n<p>C&rsquo;est un coup de massue alors que les intervenants sociaux mettaient beaucoup de coeur \u00e0 l&rsquo;ouvrage. Au quotidien, le soutien aux b\u00e9n\u00e9ficiaires est total et efficace, retient Zo\u00e9 Besnard. \u00ab\u00a0On peut accompagner les jeunes de mani\u00e8re assez inconditionnelle. Il y a tr\u00e8s peu de crit\u00e8res pour rentrer sur la Fabrique, si ce n&rsquo;est le fait d&rsquo;\u00eatre en rupture. On est quand m\u00eame avec des jeunes qui ont v\u00e9cu de nombreuses ruptures familiales, scolaires, \u00e9conomiques, etc. qui ont connu la rue ou qui sont \u00e0 la rue, c&rsquo;est d\u00e9j\u00e0 extr\u00eamement lourd. Et l&rsquo;id\u00e9e, c&rsquo;est d&rsquo;aller les raccrocher \u00e0 des professionnels pour leur cr\u00e9er tout un r\u00e9seau parce que ce sont des jeunes qui n&rsquo;ont aucun r\u00e9seau quand ils arrivent sur la Fabrique.<\/p>\n<p>\u00a0<\/p>\n<blockquote><p>\n\u00ab\u00a0Ce sont des jeunes qui sont tellement ab\u00eem\u00e9s que les faire rentrer dans des cases, c&rsquo;est compliqu\u00e9\u00a0\u00bb\n<\/p><\/blockquote>\n<p>\u00a0<\/p>\n<p>Tr\u00e8s rapidement, on se met en lien en fonction du projet de chaque jeune. <strong>Pour certains, c&rsquo;est la sant\u00e9, pour d&rsquo;autres le logement. Pour d&rsquo;autres, il y a moins de difficult\u00e9s ou plus de ressources. Cela va plus vite vers l&#8217;emploi, parce que la finalit\u00e9 c&rsquo;est quand m\u00eame d&rsquo;aller vers l&#8217;emploi.<\/strong> On a d\u00e9velopp\u00e9 toute une p\u00e9dagogie, une adaptabilit\u00e9 totale, parce que ce sont des jeunes qui sont tellement ab\u00eem\u00e9s que les faire rentrer dans des cases, c&rsquo;est compliqu\u00e9&#8230; On est avec des jeunes qui n\u00e9cessitent une pr\u00e9sence \u00e9ducative, peut-\u00eatre pas quotidienne, mais \u00e0 minima hebdomadaire\u00a0\u00bb.<\/p>\n<p>Zo\u00e9 Besnard, intervenante sociale au sein du dispositifZo\u00e9 Besnard, intervenante sociale au sein du dispositif <\/p>\n<p>Plus globalement, le secteur de l&rsquo;action sociale s&rsquo;inqui\u00e8te de la situation actuelle et de ne pas pouvoir poursuivre ce travail de fond. Les moyens allou\u00e9s pour suivre efficacement ces jeunes ne sont plus suffisants et c&rsquo;est toute une profession qui souffre. \u00ab\u00a0Ce qui est tr\u00e8s inqui\u00e9tant, au-del\u00e0 des lignes budg\u00e9taires, c&rsquo;est vraiment les choix politiques men\u00e9s, qui sont en train d&rsquo;impacter directement les jeunes et les salari\u00e9s qui n&rsquo;ont rien demand\u00e9 et qui s&rsquo;acharrent au quotidien. <strong>Je ne peux que motiver les gens \u00e0 s&rsquo;informer, \u00e0 lire, \u00e0 \u00e9couter ce qui se passe autour d&rsquo;eux. Se rendre compte que des assos comme nous, si elles sont amen\u00e9es \u00e0 dispara\u00eetre, \u00e7a va \u00eatre dramatique.<\/strong><\/p>\n<p>\u00a0<\/p>\n<blockquote><p>\n\u00ab\u00a0C&rsquo;est toute une profession qui souffre\u00a0\u00bb\n<\/p><\/blockquote>\n<p>\u00a0<\/p>\n<p>On est malheureusement plusieurs associations de l&rsquo;action sociale \u00e0 Nantes, impact\u00e9es par ce genre de choses. Quand <a href=\"https:\/\/hitwest.ouest-france.fr\/budget-2026-les-missions-locales-mettent-la-pression-en-pays-de-la-loire\" rel=\"noopener\" target=\"_blank\">on voit ce qui se passe avec les missions locales<\/a>, c&rsquo;est tout un mouvement collectif, je pense, qui serait important de soulever. On est en train d&rsquo;y travailler, mais encore une fois, l&rsquo;annonce date d&rsquo;il y a moins de deux semaines, on n&rsquo;a pas encore eu le temps de travailler tout \u00e7a\u00a0\u00bb.<\/p>\n<p>Zo\u00e9 Besnard, intervenante sociale au sein du dispositif Zo\u00e9 Besnard, intervenante sociale au sein du dispositif  <\/p>\n<p>Au moins, trois des quatre salari\u00e9s de la Fabrique 16-25 devraient \u00eatre licenci\u00e9s.<\/p>\n","protected":false},"excerpt":{"rendered":"Publi\u00e9 : 7h38 &#8211; Modifi\u00e9 : 8h17 H\u00e9l\u00e8ne HAMON Le centre \u00e9ducatif Tr\u00e9m\u00e9ac, qui abrite le dispositif La&hellip;\n","protected":false},"author":2,"featured_media":572662,"comment_status":"","ping_status":"","sticky":false,"template":"","format":"standard","meta":{"footnotes":""},"categories":[2818],"tags":[1111,11,1777,674,22842,1011,27,766,12,2636,25,801],"class_list":{"0":"post-572661","1":"post","2":"type-post","3":"status-publish","4":"format-standard","5":"has-post-thumbnail","7":"category-nantes","8":"tag-actu","9":"tag-actualites","10":"tag-eu","11":"tag-europe","12":"tag-fabrique","13":"tag-fr","14":"tag-france","15":"tag-nantes","16":"tag-news","17":"tag-pays-de-la-loire","18":"tag-republique-francaise","19":"tag-social"},"share_on_mastodon":{"url":"https:\/\/pubeurope.com\/@fr\/115648849431399751","error":""},"_links":{"self":[{"href":"https:\/\/www.europesays.com\/fr\/wp-json\/wp\/v2\/posts\/572661","targetHints":{"allow":["GET"]}}],"collection":[{"href":"https:\/\/www.europesays.com\/fr\/wp-json\/wp\/v2\/posts"}],"about":[{"href":"https:\/\/www.europesays.com\/fr\/wp-json\/wp\/v2\/types\/post"}],"author":[{"embeddable":true,"href":"https:\/\/www.europesays.com\/fr\/wp-json\/wp\/v2\/users\/2"}],"replies":[{"embeddable":true,"href":"https:\/\/www.europesays.com\/fr\/wp-json\/wp\/v2\/comments?post=572661"}],"version-history":[{"count":0,"href":"https:\/\/www.europesays.com\/fr\/wp-json\/wp\/v2\/posts\/572661\/revisions"}],"wp:featuredmedia":[{"embeddable":true,"href":"https:\/\/www.europesays.com\/fr\/wp-json\/wp\/v2\/media\/572662"}],"wp:attachment":[{"href":"https:\/\/www.europesays.com\/fr\/wp-json\/wp\/v2\/media?parent=572661"}],"wp:term":[{"taxonomy":"category","embeddable":true,"href":"https:\/\/www.europesays.com\/fr\/wp-json\/wp\/v2\/categories?post=572661"},{"taxonomy":"post_tag","embeddable":true,"href":"https:\/\/www.europesays.com\/fr\/wp-json\/wp\/v2\/tags?post=572661"}],"curies":[{"name":"wp","href":"https:\/\/api.w.org\/{rel}","templated":true}]}}