{"id":572663,"date":"2025-12-02T07:42:15","date_gmt":"2025-12-02T07:42:15","guid":{"rendered":"https:\/\/www.europesays.com\/fr\/572663\/"},"modified":"2025-12-02T07:42:15","modified_gmt":"2025-12-02T07:42:15","slug":"face-a-lexploitation-delicate-de-laeroport-de-nantes-les-critiques-et-recommandations-de-la-cour-des-comptes","status":"publish","type":"post","link":"https:\/\/www.europesays.com\/fr\/572663\/","title":{"rendered":"Face \u00e0 l\u2019exploitation \u00abd\u00e9licate\u00bb de l\u2019a\u00e9roport de Nantes, les critiques et recommandations de la Cour des comptes"},"content":{"rendered":"<p>\n    Apr\u00e8s l\u2019abandon de son transfert \u00e0 Notre-Dame-des-Landes, la situation de la plateforme a\u00e9roportuaire nantaise reste compliqu\u00e9e. La juridiction a rendu ses observations sur cet \u00e9pineux sujet.<\/p>\n<p class=\"fig-paragraph\">C\u2019est un dossier chronophage\u00a0: en\u00a0<a href=\"https:\/\/www.lefigaro.fr\/tag\/loire-atlantique\" target=\"_blank\" rel=\"noopener\" data-gtm-custom-categorie=\"navigation\" data-gtm-custom-action=\"crossclick\" data-gtm-custom-label=\"Contextuel\" data-gtm-event=\"customEventSPE\">Loire-Atlantique<\/a>, la situation de\u00a0<a href=\"http:\/\/www.lefigaro.fr\/nantes\/mort-du-directeur-de-l-aeroport-de-nantes-atlantique-a-57-ans-des-suites-d-une-longue-maladie-20250311\" target=\"_blank\" data-fig-type=\"NewsFlash\" rel=\"noopener\" data-gtm-custom-categorie=\"navigation\" data-gtm-custom-action=\"crossclick\" data-gtm-custom-label=\"Contextuel\" data-gtm-event=\"customEventSPE\" data-fig-domain=\"LEFIGARO\">l\u2019a\u00e9roport de Nantes<\/a>\u00a0patine.\u00a0<a href=\"https:\/\/www.lefigaro.fr\/actualite-france\/2016\/01\/25\/01016-20160125ARTFIG00238-le-bras-de-fer-de-notre-dame-des-landes-en-dix-dates-cles.php\" target=\"_blank\" data-fig-type=\"Article\" rel=\"noopener\" data-gtm-custom-categorie=\"navigation\" data-gtm-custom-action=\"crossclick\" data-gtm-custom-label=\"Contextuel\" data-gtm-event=\"customEventSPE\" data-fig-domain=\"LEFIGARO\">En 1974<\/a>, un projet de transfert \u00e0\u00a0<a href=\"http:\/\/www.lefigaro.fr\/nantes\/gestion-de-l-ex-zad-extravagances-administratives-le-maire-de-notre-dame-des-landes-demissionne-20250813\" target=\"_blank\" data-fig-type=\"NewsFlash\" rel=\"noopener\" data-gtm-custom-categorie=\"navigation\" data-gtm-custom-action=\"crossclick\" data-gtm-custom-label=\"Contextuel\" data-gtm-event=\"customEventSPE\" data-fig-domain=\"LEFIGARO\">Notre-Dame-des-Landes<\/a>\u00a0a \u00e9t\u00e9 amorc\u00e9 pour faire face \u00e0 l\u2019accroissement pr\u00e9visible du trafic.\u00a0<a href=\"https:\/\/www.lefigaro.fr\/politique\/le-scan\/2018\/01\/17\/25001-20180117ARTFIG00187-le-projet-d-aeroport-de-notre-dame-des-landes-abandonne.php\" target=\"_blank\" data-fig-type=\"Article\" rel=\"noopener\" data-gtm-custom-categorie=\"navigation\" data-gtm-custom-action=\"crossclick\" data-gtm-custom-label=\"Contextuel\" data-gtm-event=\"customEventSPE\" data-fig-domain=\"LEFIGARO\">En 2018<\/a>, cette d\u00e9localisation a \u00e9t\u00e9 rejet\u00e9e par le gouvernement, apr\u00e8s de vives contestations. Sept ans plus tard, \u00abl\u2019exploitation de l\u2019a\u00e9roport de Nantes-Atlantique reste d\u00e9licate\u00bb, \u00e9crit la Cour des comptes dans un rapport publi\u00e9 samedi, d\u00e9di\u00e9 aux cons\u00e9quences de l\u2019abandon du d\u00e9m\u00e9nagement.<\/p>\n<p class=\"fig-paragraph\">Faibles capacit\u00e9s de stockage de carburant, stationnement sauvage autour de l\u2019a\u00e9roport lors des pics d\u2019activit\u00e9, exigu\u00eft\u00e9 des terminaux&#8230; Cette exploitation \u00abse caract\u00e9rise en effet par des contraintes particuli\u00e8res li\u00e9es \u00e0 l\u2019inadaptation de l\u2019outil \u00e0 un trafic qui a retrouv\u00e9 en 2024 les niveaux de 2019\u00bb. Avec 7 millions de passagers l\u2019an pass\u00e9, la n\u00e9cessit\u00e9 d\u2019une modernisation se fait sentir. Des \u00abtravaux d\u2019urgence\u00bb ont \u00e9t\u00e9 entam\u00e9s pour am\u00e9liorer la situation. Mais les yeux sont surtout tourn\u00e9s vers l\u2019arriv\u00e9e d\u2019un nouveau concessionnaire. Initialement attendue pour 2021, cette d\u00e9signation passant par\u00a0<a href=\"http:\/\/www.lefigaro.fr\/nantes\/nantes-lancement-du-nouvel-appel-d-offres-pour-le-reamenagement-de-l-aeroport-20231215\" target=\"_blank\" data-fig-type=\"NewsFlash\" rel=\"noopener\" data-gtm-custom-categorie=\"navigation\" data-gtm-custom-action=\"crossclick\" data-gtm-custom-label=\"Contextuel\" data-gtm-event=\"customEventSPE\" data-fig-domain=\"LEFIGARO\">un appel d\u2019offres<\/a>\u00a0est finalement pr\u00e9vue pour fin 2026.<\/p>\n<p>                                            <a class=\"fig-a11y-skip\" href=\"#fig-a11y-skip-main-inarticle\" data-module=\"a11y-skip\" data-context=\"was @visible\"><br \/>\n    Passer la publicit\u00e9<br \/>\n<\/a>            <\/p>\n<p>                                            Trois recommandations<\/p>\n<p class=\"fig-paragraph\">C\u2019est donc \u00e0 un an de cette \u00e9ch\u00e9ance que la Cour a rendu ses observations. Entre nuisances pour les riverains et d\u00e9veloppement \u00e9conomique, l\u2019\u00e9quilibre n\u2019est pas simple. Dans une analyse d\u2019une centaine de pages, les magistrats retracent les diff\u00e9rents rebondissements survenus au cours des derni\u00e8res ann\u00e9es. Et formulent trois recommandations. Dans la premi\u00e8re, ils sugg\u00e8rent de \u00abproc\u00e9der \u00e0 un bilan de l\u2019ex\u00e9cution du couvre-feu\u00bb. En effet, les revendications des \u00e9lus et des riverains confront\u00e9s aux nuisances du trafic ont conduit \u00e0 la mise en place de mesures compensatoires.<\/p>\n<p class=\"fig-paragraph\">En avril 2022, un\u00a0<a href=\"http:\/\/www.lefigaro.fr\/nantes\/non-respect-du-couvre-feu-a-l-aeroport-de-nantes-le-montant-des-amendes-pour-les-compagnies-pourrait-s-envoler-20231114\" target=\"_blank\" data-fig-type=\"NewsFlash\" rel=\"noopener\" data-gtm-custom-categorie=\"navigation\" data-gtm-custom-action=\"crossclick\" data-gtm-custom-label=\"Contextuel\" data-gtm-event=\"customEventSPE\" data-fig-domain=\"LEFIGARO\">couvre-feu<\/a>\u00a0entre minuit et six heures a ainsi \u00e9t\u00e9 adopt\u00e9, interdisant aux avions de d\u00e9coller ou atterrir pendant ces horaires sous certaines conditions. Si ce dispositif a \u00e9t\u00e9 ajust\u00e9 dans le temps et que le nombre de vols nocturnes a baiss\u00e9, \u00abson application reste perfectible, ce qui entra\u00eene un nombre toujours important de vols de nuit et des appels \u00e0 des restrictions suppl\u00e9mentaires.\u00bb L\u2019extension du couvre-feu est r\u00e9guli\u00e8rement remise sur le tapis par\u00a0<a href=\"http:\/\/www.lefigaro.fr\/nantes\/loire-atlantique-une-deputee-ecologiste-propose-de-plafonner-le-nombre-de-vols-a-l-aeroport-de-nantes-20250625\" target=\"_blank\" data-fig-type=\"NewsFlash\" rel=\"noopener\" data-gtm-custom-categorie=\"navigation\" data-gtm-custom-action=\"crossclick\" data-gtm-custom-label=\"Contextuel\" data-gtm-event=\"customEventSPE\" data-fig-domain=\"LEFIGARO\">les \u00e9lus locaux<\/a>.<\/p>\n<p class=\"fig-paragraph\">La deuxi\u00e8me piste \u00e9nonc\u00e9e par les sages de la rue Cambon consiste \u00e0 \u00abmettre \u00e0 disposition du public un bilan de l\u2019impact des mesures compensatoires sur la trajectoire de r\u00e9duction des nuisances sonores telle que d\u00e9finie par le PPBE et les cartes strat\u00e9giques du bruit\u00bb. Un nouveau plan de pr\u00e9vention du bruit dans l\u2019environnement (PPBE) pour la p\u00e9riode 2025-2029, dont devra tenir compte le futur concessionnaire, vient d\u2019\u00eatre adopt\u00e9. Visant \u00e0 pr\u00e9venir des nuisances sonores, ce document reste peu accessible. \u00abDans l\u2019ensemble, les mesures de protection de la population sont nombreuses et parfois peu lisibles. D\u2019un document strat\u00e9gique \u00e0 l\u2019autre, d\u2019une publication \u00e0 l\u2019autre, les r\u00e9sultats ne sont pas harmonis\u00e9s et permettent difficilement aux riverains de conna\u00eetre en temps r\u00e9el la situation des nuisances et d\u2019\u00e9valuer la cr\u00e9dibilit\u00e9 des objectifs annonc\u00e9s dans le plan de pr\u00e9vention des bruits et les cartes strat\u00e9giques de bruit\u00bb, est-il d\u00e9taill\u00e9.<\/p>\n<p class=\"fig-paragraph\">Enfin, le troisi\u00e8me axe soulev\u00e9 par la Cour des comptes concerne les 1425 hectares de parcelles acquises par l\u2019\u00c9tat pour le projet de d\u00e9part \u00e0\u00a0<a href=\"http:\/\/www.lefigaro.fr\/nantes\/a-notre-dame-des-landes-la-regularisation-de-neo-zadistes-passe-mal-aupres-des-elus-locaux-20241012\" target=\"_blank\" data-fig-type=\"NewsFlash\" rel=\"noopener\" data-gtm-custom-categorie=\"navigation\" data-gtm-custom-action=\"crossclick\" data-gtm-custom-label=\"Contextuel\" data-gtm-event=\"customEventSPE\" data-fig-domain=\"LEFIGARO\">Notre-Dame-des-Landes<\/a>. La grande majorit\u00e9 de ces terrains a \u00e9t\u00e9 r\u00e9troc\u00e9d\u00e9e au conseil d\u00e9partemental, avec un objectif de r\u00e9gularisation de la situation des occupants sur place et la mise en place d\u2019un projet agricole et environnemental. \u00abIl convient de veiller \u00e0 mieux assurer la compatibilit\u00e9 des usages autoris\u00e9s avec les caract\u00e9ristiques agronomiques et environnementales du territoire\u00bb, avertit la Cour. Elle termine aussi en recommandant de \u00abcontr\u00f4ler effectivement le respect des clauses environnementales contenues dans les baux ruraux conclus avec les exploitants agricoles\u00bb.<\/p>\n","protected":false},"excerpt":{"rendered":"Apr\u00e8s l\u2019abandon de son transfert \u00e0 Notre-Dame-des-Landes, la situation de la plateforme a\u00e9roportuaire nantaise reste compliqu\u00e9e. La juridiction&hellip;\n","protected":false},"author":2,"featured_media":572664,"comment_status":"","ping_status":"","sticky":false,"template":"","format":"standard","meta":{"footnotes":""},"categories":[2818],"tags":[1111,11,663,1777,674,1011,27,766,12,2636,25],"class_list":{"0":"post-572663","1":"post","2":"type-post","3":"status-publish","4":"format-standard","5":"has-post-thumbnail","7":"category-nantes","8":"tag-actu","9":"tag-actualites","10":"tag-aeroport","11":"tag-eu","12":"tag-europe","13":"tag-fr","14":"tag-france","15":"tag-nantes","16":"tag-news","17":"tag-pays-de-la-loire","18":"tag-republique-francaise"},"share_on_mastodon":{"url":"https:\/\/pubeurope.com\/@fr\/115648852391193071","error":""},"_links":{"self":[{"href":"https:\/\/www.europesays.com\/fr\/wp-json\/wp\/v2\/posts\/572663","targetHints":{"allow":["GET"]}}],"collection":[{"href":"https:\/\/www.europesays.com\/fr\/wp-json\/wp\/v2\/posts"}],"about":[{"href":"https:\/\/www.europesays.com\/fr\/wp-json\/wp\/v2\/types\/post"}],"author":[{"embeddable":true,"href":"https:\/\/www.europesays.com\/fr\/wp-json\/wp\/v2\/users\/2"}],"replies":[{"embeddable":true,"href":"https:\/\/www.europesays.com\/fr\/wp-json\/wp\/v2\/comments?post=572663"}],"version-history":[{"count":0,"href":"https:\/\/www.europesays.com\/fr\/wp-json\/wp\/v2\/posts\/572663\/revisions"}],"wp:featuredmedia":[{"embeddable":true,"href":"https:\/\/www.europesays.com\/fr\/wp-json\/wp\/v2\/media\/572664"}],"wp:attachment":[{"href":"https:\/\/www.europesays.com\/fr\/wp-json\/wp\/v2\/media?parent=572663"}],"wp:term":[{"taxonomy":"category","embeddable":true,"href":"https:\/\/www.europesays.com\/fr\/wp-json\/wp\/v2\/categories?post=572663"},{"taxonomy":"post_tag","embeddable":true,"href":"https:\/\/www.europesays.com\/fr\/wp-json\/wp\/v2\/tags?post=572663"}],"curies":[{"name":"wp","href":"https:\/\/api.w.org\/{rel}","templated":true}]}}